{"id":69716,"date":"2009-08-13T15:55:52","date_gmt":"2009-08-13T15:55:52","guid":{"rendered":"http:\/\/diariodominicano.ddns.net\/?p=69716"},"modified":"2009-08-13T15:55:52","modified_gmt":"2009-08-13T15:55:52","slug":"mario-benedetti-infranqueable-voluntad","status":"publish","type":"post","link":"https:\/\/diariodominicano.com\/?p=69716","title":{"rendered":"Mario Benedetti: Infranqueable voluntad"},"content":{"rendered":"<p><body><\/p>\n<p><span class=\"text1noticias\">Tomado del diario digital La Jiriblla<\/span><\/p>\n<\/p>\n<p><span class=\"text1noticias\">He pasado en Cuba varios per\u00edodos: la primera vez como invitado y luego varias m\u00e1s como exiliado. Desde su estallido, la Revoluci\u00f3n Cubana fue una gran sacudida para nuestra Am\u00e9rica. En el R\u00edo de la Plata, los sectores culturales hab\u00edan atendido primordialmente a Europa, pero la Revoluci\u00f3n nos hizo mirar a Am\u00e9rica Latina. No s\u00f3lo para interiorizarnos de los problemas del subcontinente sino tambi\u00e9n para aquilatar el poder y la presi\u00f3n de los Estados Unidos.<\/span><\/p>\n<\/p>\n<p><span class=\"text1noticias\">En cuanto a la personalidad del propio Fidel, debo consignar que estuve varias veces con \u00e9l y pude apreciar la sencillez de sus planteos, un inesperado y excelente nivel cultural, la franqueza de que hac\u00eda gala ante nuestras objeciones y su infranqueable voluntad de defender y mejorar el nivel de su pueblo.<\/span><\/p>\n<\/p>\n<p><span class=\"text1noticias\">Los datos, f\u00e1cilmente comprobables, de que en la isla virtualmente no existen analfabetos (pude ver a octogenarios que asist\u00edan a clases de ense\u00f1anza primaria), que la atenci\u00f3n a la salud es gratuita y del mejor nivel (de mi propio pa\u00eds viajan constantemente enfermos de cataratas y hasta de ceguera, que son atendidos gratuitamente y regresan totalmente recuperados), no deben olvidarse a la hora de juzgar su trayectoria.<\/span><\/p>\n<\/p>\n<p><span class=\"text1noticias\">En esta ocasi\u00f3n de sus bien ganados ochenta, es bueno que le regalemos nuestro sincero reconocimiento.<\/span><\/p>\n<h6> 2009-08-13 15:55:52 <\/h6>\n<p><!--\n<link rel=\"stylesheet\" href=\"css\/bootstrap.min.css\">\n\n\n<ul class=\"pagination\">\n\t    \n\t\n\n<li >\n\t<a href='?page_no=21393'>Previous<\/a>\n\t<\/li>\n\n\n       \n    \n\n<li><a href='?page_no=1'>1<\/a><\/li>\n\n\n\n<li><a href='?page_no=2'>2<\/a><\/li>\n\n\n\n<li><a>...<\/a><\/li>\n\n\n\n<li><a href='?page_no=21392'>21392<\/a><\/li>\n\n\n\n<li><a href='?page_no=21393'>21393<\/a><\/li>\n\n\n\n<li class='active'><a>21394<\/a><\/li>\n\n\n\n<li><a href='?page_no=21395'>21395<\/a><\/li>\n\n\n\n<li><a href='?page_no=21396'>21396<\/a><\/li>\n\n\n\n<li><a>...<\/a><\/li>\n\n\n\n<li><a href='?page_no=22911'>22911<\/a><\/li>\n\n\n\n<li><a href='?page_no=22912'>22912<\/a><\/li>\n\n    \n\t\n\n<li >\n\t<a href='?page_no=21395'>Next<\/a>\n\t<\/li>\n\n\n    \n\n<li><a href='?page_no=22912'>Last &rsaquo;&rsaquo;<\/a><\/li>\n\n<\/ul>\n\n\n--><br \/>\n<\/body><\/p>\n","protected":false},"excerpt":{"rendered":"<p>Tomado del diario digital La Jiriblla He pasado en Cuba varios per\u00edodos: la primera vez como invitado y luego varias m\u00e1s como exiliado. Desde su estallido, la Revoluci\u00f3n Cubana fue una gran sacudida para nuestra Am\u00e9rica. En el R\u00edo de la Plata, los sectores culturales hab\u00edan atendido primordialmente a Europa, pero la Revoluci\u00f3n nos hizo [&hellip;]<\/p>\n","protected":false},"author":3,"featured_media":0,"comment_status":"open","ping_status":"open","sticky":false,"template":"","format":"standard","meta":{"footnotes":""},"categories":[21],"tags":[],"class_list":["post-69716","post","type-post","status-publish","format-standard","hentry","category-cultura"],"_links":{"self":[{"href":"https:\/\/diariodominicano.com\/index.php?rest_route=\/wp\/v2\/posts\/69716","targetHints":{"allow":["GET"]}}],"collection":[{"href":"https:\/\/diariodominicano.com\/index.php?rest_route=\/wp\/v2\/posts"}],"about":[{"href":"https:\/\/diariodominicano.com\/index.php?rest_route=\/wp\/v2\/types\/post"}],"author":[{"embeddable":true,"href":"https:\/\/diariodominicano.com\/index.php?rest_route=\/wp\/v2\/users\/3"}],"replies":[{"embeddable":true,"href":"https:\/\/diariodominicano.com\/index.php?rest_route=%2Fwp%2Fv2%2Fcomments&post=69716"}],"version-history":[{"count":0,"href":"https:\/\/diariodominicano.com\/index.php?rest_route=\/wp\/v2\/posts\/69716\/revisions"}],"wp:attachment":[{"href":"https:\/\/diariodominicano.com\/index.php?rest_route=%2Fwp%2Fv2%2Fmedia&parent=69716"}],"wp:term":[{"taxonomy":"category","embeddable":true,"href":"https:\/\/diariodominicano.com\/index.php?rest_route=%2Fwp%2Fv2%2Fcategories&post=69716"},{"taxonomy":"post_tag","embeddable":true,"href":"https:\/\/diariodominicano.com\/index.php?rest_route=%2Fwp%2Fv2%2Ftags&post=69716"}],"curies":[{"name":"wp","href":"https:\/\/api.w.org\/{rel}","templated":true}]}}