{"id":69714,"date":"2009-08-13T17:57:22","date_gmt":"2009-08-13T17:57:22","guid":{"rendered":"http:\/\/diariodominicano.ddns.net\/?p=69714"},"modified":"2009-08-13T17:57:22","modified_gmt":"2009-08-13T17:57:22","slug":"cultura-celebrara-dia-mundial-del-folklore-con-un-encuentro-popular","status":"publish","type":"post","link":"https:\/\/diariodominicano.com\/?p=69714","title":{"rendered":"Cultura celebrar\u00e1 ?D\u00eda Mundial del Folklore? con un encuentro popular"},"content":{"rendered":"<p><body><\/p>\n<p><img decoding=\"async\" src=\"http:\/\/localhost:8080\/img3\/xiom.jpg\" \/>  <\/p>\n<p><span class=\"text1noticias\">La Secretar\u00eda de Estado de Cultura, a trav\u00e9s de la Direcci\u00f3n Nacional de Folklore (DINAFOLK), celebrar\u00e1 el 22 de agosto, fecha en que se conmemora el D\u00eda Mundial del Folklore, un encuentro popular en el Parque Col\u00f3n ubicado en la Zona Colonial.<\/span><\/p>\n<\/p>\n<p><span class=\"text1noticias\">La actividad iniciar\u00e1 a partir de las 3:00 de la tarde y tendr\u00e1 como tema ?Los refranes?, dichos populares que por lo general tienen una moraleja. <\/span><\/p>\n<\/p>\n<p><span class=\"text1noticias\">En el marco de la actividad se har\u00e1 un reconocimiento al escritor Jos\u00e9 Antonio Cruz Brache, autor del libro ?5,600 refranes, frases de uso com\u00fan entre los dominicanos?, por su dedicaci\u00f3n y significativa compilaci\u00f3n de los mismos.<\/span><\/p>\n<\/p>\n<p><span class=\"text1noticias\">Xiomarita P\u00e9rez, directora de la DINAFOLK, explic\u00f3 que durante toda la tarde se pondr\u00e1n de manifiesto los proverbios m\u00e1s conocidos de la sociedad dominicana mediante tertulias, recreaciones teatrales y din\u00e1micas educativas, para analizar su significado e interpretaci\u00f3n.<\/span><\/p>\n<\/p>\n<p><span class=\"text1noticias\">De igual modo, algunos artesanos presentar\u00e1n una exhibici\u00f3n de objetos con inscripciones alusivas al tema de refranes y frases populares caracter\u00edsticos del pa\u00eds.<\/span><\/p>\n<\/p>\n<p><span class=\"text1noticias\">P\u00e9rez puntualiz\u00f3 que el programa de actividades ha sido totalmente dise\u00f1ado para el enriquecimiento popular y el disfrute de la familia dominicana. <\/span><\/p>\n<h6> 2009-08-13 17:57:22 <\/h6>\n<p><!--\n<link rel=\"stylesheet\" href=\"css\/bootstrap.min.css\">\n\n\n<ul class=\"pagination\">\n\t    \n\t\n\n<li >\n\t<a href='?page_no=21391'>Previous<\/a>\n\t<\/li>\n\n\n       \n    \n\n<li><a href='?page_no=1'>1<\/a><\/li>\n\n\n\n<li><a href='?page_no=2'>2<\/a><\/li>\n\n\n\n<li><a>...<\/a><\/li>\n\n\n\n<li><a href='?page_no=21390'>21390<\/a><\/li>\n\n\n\n<li><a href='?page_no=21391'>21391<\/a><\/li>\n\n\n\n<li class='active'><a>21392<\/a><\/li>\n\n\n\n<li><a href='?page_no=21393'>21393<\/a><\/li>\n\n\n\n<li><a href='?page_no=21394'>21394<\/a><\/li>\n\n\n\n<li><a>...<\/a><\/li>\n\n\n\n<li><a href='?page_no=22911'>22911<\/a><\/li>\n\n\n\n<li><a href='?page_no=22912'>22912<\/a><\/li>\n\n    \n\t\n\n<li >\n\t<a href='?page_no=21393'>Next<\/a>\n\t<\/li>\n\n\n    \n\n<li><a href='?page_no=22912'>Last &rsaquo;&rsaquo;<\/a><\/li>\n\n<\/ul>\n\n\n--><br \/>\n<\/body><\/p>\n","protected":false},"excerpt":{"rendered":"<p>La Secretar\u00eda de Estado de Cultura, a trav\u00e9s de la Direcci\u00f3n Nacional de Folklore (DINAFOLK), celebrar\u00e1 el 22 de agosto, fecha en que se conmemora el D\u00eda Mundial del Folklore, un encuentro popular en el Parque Col\u00f3n ubicado en la Zona Colonial. La actividad iniciar\u00e1 a partir de las 3:00 de la tarde y tendr\u00e1 [&hellip;]<\/p>\n","protected":false},"author":3,"featured_media":0,"comment_status":"open","ping_status":"open","sticky":false,"template":"","format":"standard","meta":{"footnotes":""},"categories":[21],"tags":[],"class_list":["post-69714","post","type-post","status-publish","format-standard","hentry","category-cultura"],"_links":{"self":[{"href":"https:\/\/diariodominicano.com\/index.php?rest_route=\/wp\/v2\/posts\/69714","targetHints":{"allow":["GET"]}}],"collection":[{"href":"https:\/\/diariodominicano.com\/index.php?rest_route=\/wp\/v2\/posts"}],"about":[{"href":"https:\/\/diariodominicano.com\/index.php?rest_route=\/wp\/v2\/types\/post"}],"author":[{"embeddable":true,"href":"https:\/\/diariodominicano.com\/index.php?rest_route=\/wp\/v2\/users\/3"}],"replies":[{"embeddable":true,"href":"https:\/\/diariodominicano.com\/index.php?rest_route=%2Fwp%2Fv2%2Fcomments&post=69714"}],"version-history":[{"count":0,"href":"https:\/\/diariodominicano.com\/index.php?rest_route=\/wp\/v2\/posts\/69714\/revisions"}],"wp:attachment":[{"href":"https:\/\/diariodominicano.com\/index.php?rest_route=%2Fwp%2Fv2%2Fmedia&parent=69714"}],"wp:term":[{"taxonomy":"category","embeddable":true,"href":"https:\/\/diariodominicano.com\/index.php?rest_route=%2Fwp%2Fv2%2Fcategories&post=69714"},{"taxonomy":"post_tag","embeddable":true,"href":"https:\/\/diariodominicano.com\/index.php?rest_route=%2Fwp%2Fv2%2Ftags&post=69714"}],"curies":[{"name":"wp","href":"https:\/\/api.w.org\/{rel}","templated":true}]}}