{"id":69711,"date":"2009-08-14T13:24:02","date_gmt":"2009-08-14T13:24:02","guid":{"rendered":"http:\/\/diariodominicano.ddns.net\/?p=69711"},"modified":"2009-08-14T13:24:02","modified_gmt":"2009-08-14T13:24:02","slug":"en-el-festival-de-las-ideas-definen-a-duarte-como-gran-exponente-del-liberalismo-y-nacionalismo","status":"publish","type":"post","link":"https:\/\/diariodominicano.com\/?p=69711","title":{"rendered":"En el Festival de las Ideas definen a Duarte como gran exponente del liberalismo y nacionalismo"},"content":{"rendered":"<p><body><\/p>\n<p><img decoding=\"async\" src=\"http:\/\/localhost:8080\/img3\/idea.jpg\" \/>  <\/p>\n<p><span class=\"text1noticias\">Juan Pablo Duarte fue uno de los mayores exponentes del liberalismo y el nacionalismo pol\u00edtico del siglo XIX, seg\u00fan las consideraciones de varios historiadores que participaron en el tercer d\u00eda de la celebraci\u00f3n del Festival de las Ideas: Retrospectiva y Perspectiva del Pensamiento Pol\u00edtico Dominicano, realizado en la Universidad del Caribe, coordinado por la  Direcci\u00f3n de Informaci\u00f3n, Prensa y Publicidad de la Presidencia y el Archivo General de la Naci\u00f3n.<\/span><\/p>\n<\/p>\n<p><span class=\"text1noticias\">?Juan Pablo Duarte, el fundador de la conciencia nacional, es sin dudas el principal exponente del pensamiento liberal cl\u00e1sico dominicano de mediados del siglo XIX?, manifest\u00f3 Juan Daniel Balc\u00e1cer, uno de los historiadores que m\u00e1s ha escrito sobre el fundador de la patria.<\/span><\/p>\n<\/p>\n<p><span class=\"text1noticias\">Dijo que las ideas liberales del patricio tienen su origen en una serie de hechos libertarios ocurridos en Europa y Estados Unidos en el siglo XVIII.<\/span><\/p>\n<\/p>\n<p><span class=\"text1noticias\">?De alguna manera, esos fen\u00f3menos sociales contribuyeron a inspirar y a conformar el movimiento pol\u00edtico liberal que asimil\u00f3 Juan Pablo Duarte ?, argument\u00f3 Balc\u00e1cer en su ponencia.<\/span><\/p>\n<\/p>\n<p><span class=\"text1noticias\">Indic\u00f3 que si se estudian los escasos documentos que existen de Duarte, se pueden constatar los conceptos de naci\u00f3n y de soberan\u00eda que ten\u00eda el patricio. Afirm\u00f3 que el fundador de La Trinitaria estuvo muy avanzado para esa \u00e9poca, ya que cre\u00eda en cuatro poderes. Adem\u00e1s de los tres tradicionales, inclu\u00eda el Municipal.<\/span><\/p>\n<\/p>\n<p><span class=\"text1noticias\">En este tercer encuentro en el que se discuti\u00f3 sobre la ideolog\u00eda liberal no s\u00f3lo de Juan Pablo Duarte, sino tambi\u00e9n de Francisco Espaillat y Francisco Gregorio Billini, intervino adem\u00e1s el director del Museo Nacional de Historia y Geograf\u00eda, H\u00e9ctor Luis Mart\u00ednez, quien dijo que las influencias que tiene el pensamiento liberal dominicano se debe al liberalismo espa\u00f1ol.<\/span><\/p>\n<\/p>\n<p><span class=\"text1noticias\">Indic\u00f3 que Juan Pablo Duarte deja bien evidenciadas estas influencias cuando conforma la Sociedad La Trinitaria, momento en que fueron dise\u00f1ados los s\u00edmbolos patrios, y define al patricio como ejemplo de gran estratega pol\u00edtico por su capacidad concertadora.<\/span><\/p>\n<\/p>\n<p><span class=\"text1noticias\">En cambio que a Espaillat lo destaca como el \u00faltimo liberal del siglo XIX, y resalta que las pr\u00e1cticas liberales de \u00e9ste no estaban a tono con el ambiente que se viv\u00eda en el pa\u00eds en esa \u00e9poca.<\/span><\/p>\n<p><span class=\"text1noticias\">En tanto que el periodista Adriano Miguel Tejada, que abund\u00f3 un poco m\u00e1s de Francisco Gregorio Billini y de Espaillat, explic\u00f3 que este \u00faltimo estaba adelantado para el grado de desarrollo de la \u00e9poca.<\/span><\/p>\n<\/p>\n<p><span class=\"text1noticias\">Indic\u00f3 que Ulises Francisco Espaillat fue el representante de la corriente liberal en el Cibao, formado en la escuela inglesa y ferviente creyente en la ideolog\u00eda del progreso.<\/span><\/p>\n<p><span class=\"text1noticias\">Tejada dijo que Duarte logra conciliar buscando la idea de la base conceptual y la encuentra en la unidad de las razas, que es la base del sentimiento de Duarte en torno a la nacionalidad.<\/span><\/p>\n<\/p>\n<p><span class=\"text1noticias\">Las palabras de bienvenida fueron pronunciadas por el rector de UNICARIBE, doctor Andr\u00e9s Aybar, quien felicit\u00f3 al director de Informaci\u00f3n, Prensa y Publicidad de la Presidencia, Rafael N\u00fa\u00f1ez, presente en la actividad, y al Archivo General de la Naci\u00f3n por la realizaci\u00f3n del Festival de las Ideas.<\/span><\/p>\n<p><span class=\"text1noticias\">Estuvo como moderador el historiador Jos\u00e9 Chez Checo, quien record\u00f3 que estos debates ser\u00e1n publicados en un libro.<\/span><\/p>\n<\/p>\n<p><span class=\"text1noticias\">Participaron en el encuentro estudiantes, profesionales e historiadores interesados en el tema.<\/span><\/p>\n<p><span class=\"text1noticias\">Este viernes el tema ser\u00e1 \u00abEl positivismo, Hostos y los disc\u00edpulos: Pedro Henr\u00edquez Ure\u00f1a, Jos\u00e9 Ram\u00f3n L\u00f3pez, Salom\u00e9 Ure\u00f1a, F\u00e9lix Evaristo Mej\u00eda, Leonor Feltz, Pedro Bon\u00f3, Am\u00e9rico Lugo\u00bb.<\/span><\/p>\n<p><span class=\"text1noticias\">Los panelistas ser\u00e1n: Mu-kien Sang, Carmen Dur\u00e1n, Antonio lluberes, S.J., y Jos\u00e9 del Castillo. El coordinador ser\u00e1 Justo Pedro Castellanos.<\/span><\/p>\n<h6> 2009-08-14 13:24:02 <\/h6>\n<p><!--\n<link rel=\"stylesheet\" href=\"css\/bootstrap.min.css\">\n\n\n<ul class=\"pagination\">\n\t    \n\t\n\n<li >\n\t<a href='?page_no=21388'>Previous<\/a>\n\t<\/li>\n\n\n       \n    \n\n<li><a href='?page_no=1'>1<\/a><\/li>\n\n\n\n<li><a href='?page_no=2'>2<\/a><\/li>\n\n\n\n<li><a>...<\/a><\/li>\n\n\n\n<li><a href='?page_no=21387'>21387<\/a><\/li>\n\n\n\n<li><a href='?page_no=21388'>21388<\/a><\/li>\n\n\n\n<li class='active'><a>21389<\/a><\/li>\n\n\n\n<li><a href='?page_no=21390'>21390<\/a><\/li>\n\n\n\n<li><a href='?page_no=21391'>21391<\/a><\/li>\n\n\n\n<li><a>...<\/a><\/li>\n\n\n\n<li><a href='?page_no=22911'>22911<\/a><\/li>\n\n\n\n<li><a href='?page_no=22912'>22912<\/a><\/li>\n\n    \n\t\n\n<li >\n\t<a href='?page_no=21390'>Next<\/a>\n\t<\/li>\n\n\n    \n\n<li><a href='?page_no=22912'>Last &rsaquo;&rsaquo;<\/a><\/li>\n\n<\/ul>\n\n\n--><br \/>\n<\/body><\/p>\n","protected":false},"excerpt":{"rendered":"<p>Juan Pablo Duarte fue uno de los mayores exponentes del liberalismo y el nacionalismo pol\u00edtico del siglo XIX, seg\u00fan las consideraciones de varios historiadores que participaron en el tercer d\u00eda de la celebraci\u00f3n del Festival de las Ideas: Retrospectiva y Perspectiva del Pensamiento Pol\u00edtico Dominicano, realizado en la Universidad del Caribe, coordinado por la Direcci\u00f3n [&hellip;]<\/p>\n","protected":false},"author":3,"featured_media":0,"comment_status":"open","ping_status":"open","sticky":false,"template":"","format":"standard","meta":{"footnotes":""},"categories":[21],"tags":[],"class_list":["post-69711","post","type-post","status-publish","format-standard","hentry","category-cultura"],"_links":{"self":[{"href":"https:\/\/diariodominicano.com\/index.php?rest_route=\/wp\/v2\/posts\/69711","targetHints":{"allow":["GET"]}}],"collection":[{"href":"https:\/\/diariodominicano.com\/index.php?rest_route=\/wp\/v2\/posts"}],"about":[{"href":"https:\/\/diariodominicano.com\/index.php?rest_route=\/wp\/v2\/types\/post"}],"author":[{"embeddable":true,"href":"https:\/\/diariodominicano.com\/index.php?rest_route=\/wp\/v2\/users\/3"}],"replies":[{"embeddable":true,"href":"https:\/\/diariodominicano.com\/index.php?rest_route=%2Fwp%2Fv2%2Fcomments&post=69711"}],"version-history":[{"count":0,"href":"https:\/\/diariodominicano.com\/index.php?rest_route=\/wp\/v2\/posts\/69711\/revisions"}],"wp:attachment":[{"href":"https:\/\/diariodominicano.com\/index.php?rest_route=%2Fwp%2Fv2%2Fmedia&parent=69711"}],"wp:term":[{"taxonomy":"category","embeddable":true,"href":"https:\/\/diariodominicano.com\/index.php?rest_route=%2Fwp%2Fv2%2Fcategories&post=69711"},{"taxonomy":"post_tag","embeddable":true,"href":"https:\/\/diariodominicano.com\/index.php?rest_route=%2Fwp%2Fv2%2Ftags&post=69711"}],"curies":[{"name":"wp","href":"https:\/\/api.w.org\/{rel}","templated":true}]}}