{"id":69706,"date":"2009-08-17T14:44:15","date_gmt":"2009-08-17T14:44:15","guid":{"rendered":"http:\/\/diariodominicano.ddns.net\/?p=69706"},"modified":"2009-08-17T14:44:15","modified_gmt":"2009-08-17T14:44:15","slug":"rinden-tributo-a-heroes-de-restauracion","status":"publish","type":"post","link":"https:\/\/diariodominicano.com\/?p=69706","title":{"rendered":"Rinden tributo a h\u00e9roes de restauraci\u00f3n"},"content":{"rendered":"<p><body><\/p>\n<p><img decoding=\"async\" src=\"img3\/andy.jpg\" \/>  <\/p>\n<p><span class=\"text1noticias\">La Alianza por la Democracia rindi\u00f3 tributo a los h\u00e9roes de la Restauraci\u00f3n  al cumplirse el 146 aniversario de la epopeya  que restableci\u00f3 la autonom\u00eda y el poder soberano del pueblo dominicano el 16 de agosto de 1863.<\/span><\/p>\n<p><span class=\"text1noticias\"> <\/span><\/p>\n<p><span class=\"text1noticias\">Una comisi\u00f3n encabezada por  Andy Mieses, secretario nacional de cultura de la APD, deposit\u00f3 una ofrenda floral ante la escultura de Gregorio Luper\u00f3n, ubicada al pie del Monumento a los H\u00e9roes de la ciudad de Santiago.<\/span><\/p>\n<p><span class=\"text1noticias\"> <\/span><\/p>\n<p><span class=\"text1noticias\">A la actividad asistieron adem\u00e1s de Mieses, en calidad de comisionados el regidor por el municipio de Santiago, de la APD, Jacobo Tav\u00e1rez;    Andr\u00e9s Garc\u00eda, secretario adjunto de Cultura;   Geraldo Williams, vicesecretario de Cultura;  Reynaldo Disla, dirigente nacional y enlace pol\u00edtico en Santiago y Jes\u00fas M\u00e9ndez Jimini\u00e1n, enlace pol\u00edtico de La Vega. <\/span><\/p>\n<p><span class=\"text1noticias\"> <\/span><\/p>\n<p><span class=\"text1noticias\">El secretario de Cultura de la Alianza por la Democracia  al tomar la palabra  tras depositar el arreglo floral, destac\u00f3 que el  triunfo de los dominicanos ante el ej\u00e9rcito espa\u00f1ol, se debi\u00f3 a la unidad de los amplios sectores del pueblo que decidieron ofrendar su vida hasta vencer a  quienes  los hab\u00edan sometido a niveles espeluznantes de  pobreza y  a   la humillaci\u00f3n moral..<\/span><\/p>\n<p><span class=\"text1noticias\"> <\/span><\/p>\n<p><span class=\"text1noticias\">?El l rol jugado por los h\u00e9roes de la Guerra de la Restauraci\u00f3n, es un ejemplo de la m\u00e1s alta expresi\u00f3n de la dignidad del pueblo dominicano, lo que constituye un referente patri\u00f3tico que los apede\u00edstas  toman en cuenta en su pr\u00e1ctica pol\u00edtica como un gesto de reafirmaci\u00f3n de nuestro compromiso con la preservaci\u00f3n de la soberan\u00eda y nuestra identidad nacionales?, consider\u00f3.  <\/span><\/p>\n<p><span class=\"text1noticias\"> <\/span><\/p>\n<p><span class=\"text1noticias\">Mieses subray\u00f3 que adem\u00e1s de los grandes aportes del general  Luper\u00f3n, como l\u00edder de la contienda, hay que reconocer el talento, la valent\u00eda y la t\u00e1ctica del general Gaspar Polanco,  quien se constituy\u00f3 en el jefe  militar de las acciones decisivas para vencer al ej\u00e9rcito espa\u00f1ol al proponer y aplicar la quema de Santiago.<\/span><\/p>\n<p><span class=\"text1noticias\"> <\/span><\/p>\n<p><span class=\"text1noticias\">Sostuvo que la acci\u00f3n de Polanco fue el golpe demoledor para derrotar a los espa\u00f1oles  y dar paso de inmediato a la toma de los principales poblados de nuestro territorio.<\/span><\/p>\n<p><span class=\"text1noticias\"> <\/span><\/p>\n<p><span class=\"text1noticias\">Se\u00f1al\u00f3, asimismo, los aportes en el terreno del combate militar de  Benito Monci\u00f3n, Jos\u00e9 Cabrera, Pedro Pimentel y  Santiago Rodr\u00edguez, entre otros.<\/span><\/p>\n<p><span class=\"text1noticias\"> <\/span><\/p>\n<p><span class=\"text1noticias\">Tambi\u00e9n estuvieron presentes dirigentes apede\u00edstas  de otros puntos del Cibao, tales como Junior Restituyo, Gloria Pimentel, Wilson Su\u00e1rez y Andr\u00e9s Rodr\u00edguez, entre otros.<\/span><\/p>\n<h6> 2009-08-17 14:44:15 <\/h6>\n<p><!--\n<link rel=\"stylesheet\" href=\"css\/bootstrap.min.css\">\n\n\n<ul class=\"pagination\">\n\t    \n\t\n\n<li >\n\t<a href='?page_no=21383'>Previous<\/a>\n\t<\/li>\n\n\n       \n    \n\n<li><a href='?page_no=1'>1<\/a><\/li>\n\n\n\n<li><a href='?page_no=2'>2<\/a><\/li>\n\n\n\n<li><a>...<\/a><\/li>\n\n\n\n<li><a href='?page_no=21382'>21382<\/a><\/li>\n\n\n\n<li><a href='?page_no=21383'>21383<\/a><\/li>\n\n\n\n<li class='active'><a>21384<\/a><\/li>\n\n\n\n<li><a href='?page_no=21385'>21385<\/a><\/li>\n\n\n\n<li><a href='?page_no=21386'>21386<\/a><\/li>\n\n\n\n<li><a>...<\/a><\/li>\n\n\n\n<li><a href='?page_no=22911'>22911<\/a><\/li>\n\n\n\n<li><a href='?page_no=22912'>22912<\/a><\/li>\n\n    \n\t\n\n<li >\n\t<a href='?page_no=21385'>Next<\/a>\n\t<\/li>\n\n\n    \n\n<li><a href='?page_no=22912'>Last &rsaquo;&rsaquo;<\/a><\/li>\n\n<\/ul>\n\n\n--><br \/>\n<\/body><\/p>\n","protected":false},"excerpt":{"rendered":"<p>La Alianza por la Democracia rindi\u00f3 tributo a los h\u00e9roes de la Restauraci\u00f3n al cumplirse el 146 aniversario de la epopeya que restableci\u00f3 la autonom\u00eda y el poder soberano del pueblo dominicano el 16 de agosto de 1863. Una comisi\u00f3n encabezada por Andy Mieses, secretario nacional de cultura de la APD, deposit\u00f3 una ofrenda floral [&hellip;]<\/p>\n","protected":false},"author":3,"featured_media":0,"comment_status":"open","ping_status":"open","sticky":false,"template":"","format":"standard","meta":{"footnotes":""},"categories":[21],"tags":[],"class_list":["post-69706","post","type-post","status-publish","format-standard","hentry","category-cultura"],"_links":{"self":[{"href":"https:\/\/diariodominicano.com\/index.php?rest_route=\/wp\/v2\/posts\/69706","targetHints":{"allow":["GET"]}}],"collection":[{"href":"https:\/\/diariodominicano.com\/index.php?rest_route=\/wp\/v2\/posts"}],"about":[{"href":"https:\/\/diariodominicano.com\/index.php?rest_route=\/wp\/v2\/types\/post"}],"author":[{"embeddable":true,"href":"https:\/\/diariodominicano.com\/index.php?rest_route=\/wp\/v2\/users\/3"}],"replies":[{"embeddable":true,"href":"https:\/\/diariodominicano.com\/index.php?rest_route=%2Fwp%2Fv2%2Fcomments&post=69706"}],"version-history":[{"count":0,"href":"https:\/\/diariodominicano.com\/index.php?rest_route=\/wp\/v2\/posts\/69706\/revisions"}],"wp:attachment":[{"href":"https:\/\/diariodominicano.com\/index.php?rest_route=%2Fwp%2Fv2%2Fmedia&parent=69706"}],"wp:term":[{"taxonomy":"category","embeddable":true,"href":"https:\/\/diariodominicano.com\/index.php?rest_route=%2Fwp%2Fv2%2Fcategories&post=69706"},{"taxonomy":"post_tag","embeddable":true,"href":"https:\/\/diariodominicano.com\/index.php?rest_route=%2Fwp%2Fv2%2Ftags&post=69706"}],"curies":[{"name":"wp","href":"https:\/\/api.w.org\/{rel}","templated":true}]}}