{"id":69705,"date":"2009-08-17T16:53:05","date_gmt":"2009-08-17T16:53:05","guid":{"rendered":"http:\/\/diariodominicano.ddns.net\/?p=69705"},"modified":"2009-08-17T16:53:05","modified_gmt":"2009-08-17T16:53:05","slug":"a-r-t-e-d-e-i-n-c-e-r-t-i-d-u-m-b-r-e-s-a-n-t-o-d-o-m-i-n-g-o-0-9","status":"publish","type":"post","link":"https:\/\/diariodominicano.com\/?p=69705","title":{"rendered":"A R T E   D E   I N C E R T I D U M B R E  S A N T O   D O M I N G O  &#8216; 0 9   &#13;"},"content":{"rendered":"<p><body><\/p>\n<p><img decoding=\"async\" src=\"img3\/arte.jpg\" \/>  <\/p>\n<p><span class=\"text1noticias\">Esta Noche, lunes 17 de agosto de 7 &#8211; 10 p.m. se inagur\u00e1 la exhibici\u00f3n  y charla en Santo Domingo  \u00abArquitectura de Necesidad \u00bb de los artistas Gean Moreno y Ernesto Orozo  &#8211; Ganador de GUGGENHEIM FELLOWSHIP AWARD en la Galeria Estampa Las Mercedes, Calle Mercedes 157 (entre Hostos y Duarte) <\/span><\/p>\n<p><span class=\"text1noticias\"> <\/span><\/p>\n<p><span class=\"text1noticias\">Hoy se presentara la exhibicion conjunta de los artistas Miamenses el Sr. Gean Moreno y el Sr. Ernesto Oroza de origen Cubano residente en Miami. Adem\u00e1s tendra lugar la charla \u00abArquitectura de Necesidad \u00ab.  La charla fue dada recientemente en el Museo de Arte Contemporano de Miami (MoCA Miami).  Esta charla y exhibition es parte del ciclo de eventos de  \u00abArte de Incertidumbre: Santo Domingo 09\u00bb  <\/span><\/p>\n<p><span class=\"text1noticias\"> <\/span><\/p>\n<p><span class=\"text1noticias\">La charla  consiste en una observacion de parte de los artistas a c\u00f3mo los objetos son utilizados por las comunidades inmigrantes. Exploran la interacci\u00f3n y la fricci\u00f3n que ocurre cuando los nuevos flujos de energ\u00eda y de conocimiento (por parte de las poblaciones inmigrantes) se enfrenta a reglas establecidas para hacer y construir cosas en ciudades (seg\u00fan los sitado en ordenanzas codigos de zonas, leyes, los h\u00e1bitos de la poblaci\u00f3n local, etc). particularmente, se enfocan en c\u00f3mo los altavoces se utilizan a lo largo de la avenida NE 2do en Miami&#8217; s en la vecindad de Peque\u00f1o  Hait\u00ed como estudio de caso.<\/span><\/p>\n<p><span class=\"text1noticias\"> <\/span><\/p>\n<p><span class=\"text1noticias\">\u00abArt of Uncertainty\u00bb o \u00abArte de Incertidumbre\u00bb es una propuesta art\u00edstica experimental, multidisciplinar\u00eda y participativa que procura presentar al p\u00fablico una nueva clase de actividades urbanas que ocurren cada a\u00f1o en diversas localidades culturales como museos y centros de artes, sitios no tradicionales  tales como en centro comerciales, espacios educativos, casas privadas y en diferentes pa\u00edses como Republica Dominicana, Estados Unidos, Suiza, Espa\u00f1a y Francia. Esta propuesta art\u00edstica incluir\u00e1 obra  de artistas emergentes y proyectos experimentales de  artistas establecidos, proporcionando un foro para la investigaci\u00f3n y la producci\u00f3n art\u00edstica en el contexto de hoy.<\/span><\/p>\n<p><span class=\"text1noticias\"> <\/span><\/p>\n<p><span class=\"text1noticias\">En jornada para la Rep\u00fablica Dominicana, y que ser\u00e1 presentado hasta el 19 del mismo mes, el arte contempor\u00e1neo en la que participan artistas de distintas generaciones que viven y trabajan en la Florida Se trata del proyecto titulado \u00abArt of Uncertainty\u00bb \u00abArte de Incertidumbre\u00bb iniciado por Charo Oquet a trav\u00e9s de Edge Zones Art Center, una de las instituciones culturales independientes de mayor actividad y reconocimiento  en la ciudad de Miami.<\/span><\/p>\n<p><span class=\"text1noticias\"> <\/span><\/p>\n<p><span class=\"text1noticias\">Para cerrar la semana de las artes Incertidumbre el jueves 19 de agosto la exhibici\u00f3n individual de Glexis Novoa titulado \u00abLa Luz  Permanente-Quisqueya a las 7 de la noche en la galer\u00eda Estampa Las Mercedes- Calle Las Mercedes 157,.<\/span><\/p>\n<p><span class=\"text1noticias\"> <\/span><\/p>\n<p><span class=\"text1noticias\">Este proyecto cuenta con los auspicios de Renaud Anselin, Quinta Dominica, Bellas Artes, Estampa Las Mercedes. Las actividades son totalmente gratis para todo el p\u00fablico, y auspiciado por el Condado de Miami, Departamento de Asuntos Culturales y de los comisionados del Condado de Miami-Dade.<\/span><\/p>\n<p><span class=\"text1noticias\">                                  <\/span><\/p>\n<p><span class=\"text1noticias\">Para Mas informacion favor contactar:<\/span><\/p>\n<p><span class=\"text1noticias\"> <\/span><\/p>\n<p><span class=\"text1noticias\">Charo Oquet<\/span><\/p>\n<p><span class=\"text1noticias\">Tel: 809-775-2771<\/span><\/p>\n<p><span class=\"text1noticias\">email:  charooquet@me.com<\/span><\/p>\n<p><span class=\"text1noticias\">www.artofuncertainty.org<\/span><\/p>\n<p><span class=\"text1noticias\">www.edgezones.org<\/span><\/p>\n<h6> 2009-08-17 16:53:05 <\/h6>\n<p><!--\n<link rel=\"stylesheet\" href=\"css\/bootstrap.min.css\">\n\n\n<ul class=\"pagination\">\n\t    \n\t\n\n<li >\n\t<a href='?page_no=21382'>Previous<\/a>\n\t<\/li>\n\n\n       \n    \n\n<li><a href='?page_no=1'>1<\/a><\/li>\n\n\n\n<li><a href='?page_no=2'>2<\/a><\/li>\n\n\n\n<li><a>...<\/a><\/li>\n\n\n\n<li><a href='?page_no=21381'>21381<\/a><\/li>\n\n\n\n<li><a href='?page_no=21382'>21382<\/a><\/li>\n\n\n\n<li class='active'><a>21383<\/a><\/li>\n\n\n\n<li><a href='?page_no=21384'>21384<\/a><\/li>\n\n\n\n<li><a href='?page_no=21385'>21385<\/a><\/li>\n\n\n\n<li><a>...<\/a><\/li>\n\n\n\n<li><a href='?page_no=22911'>22911<\/a><\/li>\n\n\n\n<li><a href='?page_no=22912'>22912<\/a><\/li>\n\n    \n\t\n\n<li >\n\t<a href='?page_no=21384'>Next<\/a>\n\t<\/li>\n\n\n    \n\n<li><a href='?page_no=22912'>Last &rsaquo;&rsaquo;<\/a><\/li>\n\n<\/ul>\n\n\n--><br \/>\n<\/body><\/p>\n","protected":false},"excerpt":{"rendered":"<p>Esta Noche, lunes 17 de agosto de 7 &#8211; 10 p.m. se inagur\u00e1 la exhibici\u00f3n y charla en Santo Domingo \u00abArquitectura de Necesidad \u00bb de los artistas Gean Moreno y Ernesto Orozo &#8211; Ganador de GUGGENHEIM FELLOWSHIP AWARD en la Galeria Estampa Las Mercedes, Calle Mercedes 157 (entre Hostos y Duarte) Hoy se presentara la [&hellip;]<\/p>\n","protected":false},"author":3,"featured_media":0,"comment_status":"open","ping_status":"open","sticky":false,"template":"","format":"standard","meta":{"footnotes":""},"categories":[21],"tags":[],"class_list":["post-69705","post","type-post","status-publish","format-standard","hentry","category-cultura"],"_links":{"self":[{"href":"https:\/\/diariodominicano.com\/index.php?rest_route=\/wp\/v2\/posts\/69705","targetHints":{"allow":["GET"]}}],"collection":[{"href":"https:\/\/diariodominicano.com\/index.php?rest_route=\/wp\/v2\/posts"}],"about":[{"href":"https:\/\/diariodominicano.com\/index.php?rest_route=\/wp\/v2\/types\/post"}],"author":[{"embeddable":true,"href":"https:\/\/diariodominicano.com\/index.php?rest_route=\/wp\/v2\/users\/3"}],"replies":[{"embeddable":true,"href":"https:\/\/diariodominicano.com\/index.php?rest_route=%2Fwp%2Fv2%2Fcomments&post=69705"}],"version-history":[{"count":0,"href":"https:\/\/diariodominicano.com\/index.php?rest_route=\/wp\/v2\/posts\/69705\/revisions"}],"wp:attachment":[{"href":"https:\/\/diariodominicano.com\/index.php?rest_route=%2Fwp%2Fv2%2Fmedia&parent=69705"}],"wp:term":[{"taxonomy":"category","embeddable":true,"href":"https:\/\/diariodominicano.com\/index.php?rest_route=%2Fwp%2Fv2%2Fcategories&post=69705"},{"taxonomy":"post_tag","embeddable":true,"href":"https:\/\/diariodominicano.com\/index.php?rest_route=%2Fwp%2Fv2%2Ftags&post=69705"}],"curies":[{"name":"wp","href":"https:\/\/api.w.org\/{rel}","templated":true}]}}