{"id":69703,"date":"2009-08-17T17:17:57","date_gmt":"2009-08-17T17:17:57","guid":{"rendered":"http:\/\/diariodominicano.ddns.net\/?p=69703"},"modified":"2009-08-17T17:17:57","modified_gmt":"2009-08-17T17:17:57","slug":"convoca-a-concurso-sobre-el-pensamiento-del-padre-jose-l-aleman","status":"publish","type":"post","link":"https:\/\/diariodominicano.com\/?p=69703","title":{"rendered":"Convoca a concurso sobre el pensamiento del padre  Jos\u00e9 L. Alem\u00e1n"},"content":{"rendered":"<p><body><\/p>\n<p><img decoding=\"async\" src=\"http:\/\/localhost:8080\/img3\/cocu.jpg\" \/>  <\/p>\n<p><span class=\"text1noticias\">El  Fondo para el Fomento de la Investigaci\u00f3n Econ\u00f3mica y Social (FIES), convoc\u00f3 este martes a un concurso de ensayos sobre la ?Contribuci\u00f3n del Pensamiento del Dr. Jos\u00e9 Lu\u00eds Alem\u00e1n al Avance y Desarrollo de las Ciencias Econ\u00f3micas y Sociales en la Rep\u00fablica Dominicana?.<\/span><\/p>\n<\/p>\n<p><span class=\"text1noticias\">El organismo, dependiente de la Secretar\u00eda de Estado de Econom\u00eda, Planificaci\u00f3n y Desarrollo (SEEPyD) hizo la  convocatoria para el per\u00edodo comprendido entre  martes 18 de agosto y  martes 15 de diciembre del 2009 a las 5:00 pm.<\/span><\/p>\n<\/p>\n<p><span class=\"text1noticias\">De acuerdo al  director del (FIES), Roberto Liz, esta convocatoria sustituye el llamado anterior realizado el a\u00f1o pasado y en tal sentido, el Consejo Directivo en su s\u00e9ptima sesi\u00f3n ordinaria, acogi\u00e9ndose a las recomendaciones del Jurado Evaluador, decidi\u00f3 declarar desierta la anterior convocatoria y convocar nueva vez, modificando los montos de la premiaci\u00f3n y extendiendo el plazo de entrega de documentos.<\/span><\/p>\n<\/p>\n<p><span class=\"text1noticias\">El licenciado Liz, explic\u00f3 que el objetivo de la investigaci\u00f3n consiste en realizar un an\u00e1lisis cr\u00edtico sobre el pensamiento del Padre Jos\u00e9 Luis Alem\u00e1n, S.J, donde se destaquen sus principales aportes en el estudio de la problem\u00e1tica econ\u00f3mica y social del pa\u00eds, los recursos metodol\u00f3gicos utilizados; los enfoques te\u00f3rico-conceptuales, el tratamiento multisectorial y multidimensional de los t\u00f3picos m\u00e1s relevantes, as\u00ed como su visi\u00f3n anal\u00edtica  sustentada en valores y principios \u00e9ticos. <\/span><\/p>\n<\/p>\n<p><span class=\"text1noticias\">Sostuvo que con este trabajo se procura la elaboraci\u00f3n de un texto que sirva  como una referencia obligada a los investigadores, acad\u00e9micos, profesionales y estudiosos de la realidad dominicana sobre la contribuci\u00f3n de Jos\u00e9 Lu\u00eds  Alem\u00e1n. <\/span><\/p>\n<\/p>\n<p><span class=\"text1noticias\">Explic\u00f3 que los participantes deben ser profesionales con experiencia en investigaci\u00f3n en las \u00e1reas de ciencias sociales, econom\u00eda o humanidades. Asimismo, los interesados deber\u00e1n presentar su hoja de vida (Curriculum Vitae) y copia de la C\u00e9dula de Identidad Electoral o pasaporte. Los ensayos deben ser presentados de forma an\u00f3nima, con un seud\u00f3nimo, depositando el nombre en un sobre cerrado.<\/span><\/p>\n<\/p>\n<p><span class=\"text1noticias\">El director del FIES puntualiz\u00f3 que con relaci\u00f3n al contenido y la presentaci\u00f3n, el mismo deber\u00e1 consistir en la defensa de un punto de vista personal y subjetivo, con voluntad de estilo, y car\u00e1cter cr\u00edtico. En el mismo se sustentar\u00e1 una hip\u00f3tesis central, que servir\u00e1 de hilo conductor del texto, no deber\u00e1 contener cuadros, tablas y\/o gr\u00e1ficas estad\u00edsticas.<\/span><\/p>\n<\/p>\n<p><span class=\"text1noticias\">Indic\u00f3 que la presentaci\u00f3n de los trabajos debe seguir el formato de un ensayo que se compone de i) Introducci\u00f3n; ii) Desarrollo; iii) Conclusiones y iv) Bibliograf\u00eda. Tambi\u00e9n refiri\u00f3 que se requiere que los trabajos sean presentados en Office-Word y tengan un m\u00ednimo de 25 p\u00e1ginas 8 \u00bd x 11 a espacio sencillo y una fuente o tipo de letra ?Times New Roman? No.12. <\/span><\/p>\n<\/p>\n<p><span class=\"text1noticias\">Finalmente explic\u00f3 que este concurso estar\u00e1 dotado de los siguientes premios: para el primer lugar, un obsequio de RD$300,000(Trescientos Mil Pesos) y para el segundo lugar, lograr\u00e1 una recompensa de RD$200,000(Doscientos Mil Pesos).<\/span><\/p>\n<\/p>\n<p><span class=\"text1noticias\">Con relaci\u00f3n a la evaluaci\u00f3n y calificaci\u00f3n de los trabajos indic\u00f3 que se escoger\u00e1 un Jurado integrado por seis (6) profesionales de amplia experiencia en las \u00e1reas econ\u00f3mica y social. <\/span><\/p>\n<h6> 2009-08-17 17:17:57 <\/h6>\n<p><!--\n<link rel=\"stylesheet\" href=\"css\/bootstrap.min.css\">\n\n\n<ul class=\"pagination\">\n\t    \n\t\n\n<li >\n\t<a href='?page_no=21380'>Previous<\/a>\n\t<\/li>\n\n\n       \n    \n\n<li><a href='?page_no=1'>1<\/a><\/li>\n\n\n\n<li><a href='?page_no=2'>2<\/a><\/li>\n\n\n\n<li><a>...<\/a><\/li>\n\n\n\n<li><a href='?page_no=21379'>21379<\/a><\/li>\n\n\n\n<li><a href='?page_no=21380'>21380<\/a><\/li>\n\n\n\n<li class='active'><a>21381<\/a><\/li>\n\n\n\n<li><a href='?page_no=21382'>21382<\/a><\/li>\n\n\n\n<li><a href='?page_no=21383'>21383<\/a><\/li>\n\n\n\n<li><a>...<\/a><\/li>\n\n\n\n<li><a href='?page_no=22911'>22911<\/a><\/li>\n\n\n\n<li><a href='?page_no=22912'>22912<\/a><\/li>\n\n    \n\t\n\n<li >\n\t<a href='?page_no=21382'>Next<\/a>\n\t<\/li>\n\n\n    \n\n<li><a href='?page_no=22912'>Last &rsaquo;&rsaquo;<\/a><\/li>\n\n<\/ul>\n\n\n--><br \/>\n<\/body><\/p>\n","protected":false},"excerpt":{"rendered":"<p>El Fondo para el Fomento de la Investigaci\u00f3n Econ\u00f3mica y Social (FIES), convoc\u00f3 este martes a un concurso de ensayos sobre la ?Contribuci\u00f3n del Pensamiento del Dr. Jos\u00e9 Lu\u00eds Alem\u00e1n al Avance y Desarrollo de las Ciencias Econ\u00f3micas y Sociales en la Rep\u00fablica Dominicana?. El organismo, dependiente de la Secretar\u00eda de Estado de Econom\u00eda, Planificaci\u00f3n [&hellip;]<\/p>\n","protected":false},"author":3,"featured_media":0,"comment_status":"open","ping_status":"open","sticky":false,"template":"","format":"standard","meta":{"footnotes":""},"categories":[21],"tags":[],"class_list":["post-69703","post","type-post","status-publish","format-standard","hentry","category-cultura"],"_links":{"self":[{"href":"https:\/\/diariodominicano.com\/index.php?rest_route=\/wp\/v2\/posts\/69703","targetHints":{"allow":["GET"]}}],"collection":[{"href":"https:\/\/diariodominicano.com\/index.php?rest_route=\/wp\/v2\/posts"}],"about":[{"href":"https:\/\/diariodominicano.com\/index.php?rest_route=\/wp\/v2\/types\/post"}],"author":[{"embeddable":true,"href":"https:\/\/diariodominicano.com\/index.php?rest_route=\/wp\/v2\/users\/3"}],"replies":[{"embeddable":true,"href":"https:\/\/diariodominicano.com\/index.php?rest_route=%2Fwp%2Fv2%2Fcomments&post=69703"}],"version-history":[{"count":0,"href":"https:\/\/diariodominicano.com\/index.php?rest_route=\/wp\/v2\/posts\/69703\/revisions"}],"wp:attachment":[{"href":"https:\/\/diariodominicano.com\/index.php?rest_route=%2Fwp%2Fv2%2Fmedia&parent=69703"}],"wp:term":[{"taxonomy":"category","embeddable":true,"href":"https:\/\/diariodominicano.com\/index.php?rest_route=%2Fwp%2Fv2%2Fcategories&post=69703"},{"taxonomy":"post_tag","embeddable":true,"href":"https:\/\/diariodominicano.com\/index.php?rest_route=%2Fwp%2Fv2%2Ftags&post=69703"}],"curies":[{"name":"wp","href":"https:\/\/api.w.org\/{rel}","templated":true}]}}