{"id":694860,"date":"2026-09-05T19:48:22","date_gmt":"2026-09-05T23:48:22","guid":{"rendered":"https:\/\/diariodominicano.com\/?p=694860"},"modified":"2026-09-05T19:48:30","modified_gmt":"2026-09-05T23:48:30","slug":"johnny-pujols-resalta-alto-nivel-de-identificacion-ciudadana-con-el-pld","status":"publish","type":"post","link":"https:\/\/diariodominicano.com\/?p=694860","title":{"rendered":"Johnny Pujols resalta alto nivel de identificaci\u00f3n ciudadana con el PLD"},"content":{"rendered":"\n<p class=\"wp-block-paragraph\">diariodominicano.com<\/p>\n\n\n\n<p class=\"wp-block-paragraph\">Santo Domingo, R. D., 5 de septiembre, 2026.-  El Partido de la Liberaci\u00f3n Dominicana (PLD) desarroll\u00f3 este s\u00e1bado 5 de septiembre su tercera jornada nacional de Esfuerzos Concentrados, con la participaci\u00f3n simult\u00e1nea de sus estructuras en distintos puntos del territorio nacional, como parte de la tercera fase de la L\u00ednea Organizativa y Electoral (LOE).<\/p>\n\n\n\n<p class=\"wp-block-paragraph\">Desde diferentes puntos del pa\u00eds han confirmado mediante im\u00e1genes fotogr\u00e1ficas y de video la participaci\u00f3n de los miembros y dirigentes del PLD respondiendo a la convocatoria de la direcci\u00f3n partidaria.&nbsp;&nbsp;&nbsp;<\/p>\n\n\n\n<p class=\"wp-block-paragraph\">El secretario general del PLD, Johnny Pujols, desde el municipio Santo Domingo Norte , dio el banderazo de inicio a la&nbsp;&nbsp;Tercera&nbsp;&nbsp;Jornada Nacional&nbsp;&nbsp;de Esfuerzos Concentrados programada por esa organizaci\u00f3n en todo el pa\u00eds.<\/p>\n\n\n\n<p class=\"wp-block-paragraph\">Explic\u00f3 que esta jornada tiene como prop\u00f3sito fortalecer las estructuras partidarias e integrar a ciudadanos interesados en incorporarse al trabajo pol\u00edtico de la organizaci\u00f3n, de cara al objetivo de retomar el poder en las elecciones de 2028.<\/p>\n\n\n\n<p class=\"wp-block-paragraph\">&nbsp;Respondi\u00f3 a los periodistas que el PLD desarrolla un proceso de acercamiento con la ciudadan\u00eda como parte de su estrategia para fortalecer su estructura e id\u00e9nticas con la gente, que padece las dificultades del gobierno actual.<\/p>\n\n\n\n<p class=\"wp-block-paragraph\">Explic\u00f3 que en 260 municipios y distritos municipales brigadas de peledeistas cumplieron la encomienda de visitar los hogares, llevando el mensaje esperanzador del regreso del PLD a dirigir los destinos nacionales.&nbsp;&nbsp;<\/p>\n\n\n\n<p class=\"wp-block-paragraph\">\u201cEl partido realmente est\u00e1 desplegado en todo el territorio. En 260 demarcaciones&nbsp;&nbsp;est\u00e1n los compa\u00f1eros y compa\u00f1eras del PLD conversando con la ciudadan\u00eda, conectando con el pueblo dominicano y consiguiendo a todo el que se quiera inscribir en el partido o manifestar su simpat\u00eda con nosotros \u201d, sostuvo.<\/p>\n\n\n\n<p class=\"wp-block-paragraph\">\u201cHay decenas de miles de ciudadanos que quieren inscribirse en el partido. Son personas que vienen acerc\u00e1ndose a nuestros compa\u00f1eros y enviando mensajes a la organizaci\u00f3n con el inter\u00e9s de integrarse\u201d, afirm\u00f3 Pujols.<\/p>\n\n\n\n<p class=\"wp-block-paragraph\">Vamos a comenzar a gobernar de nuevo la Rep\u00fablica Dominicana bien\u201d, expres\u00f3, al destacar que la meta de la organizaci\u00f3n no se limita al Gobierno central, sino que tambi\u00e9n contempla recuperar espacios de poder en los municipios.<\/p>\n\n\n\n<p class=\"wp-block-paragraph\">Sobre los temas nacionales que les presentaron los periodistas que cubrieron el acto de inicio de la jornada de Esfuerzo Concentrado, Johnny Pujols cuestion\u00f3 la situaci\u00f3n del sistema el\u00e9ctrico y atribuy\u00f3 los apagones y el deterioro de las redes a una falta de mantenimiento por parte del Gobierno.<\/p>\n\n\n\n<p class=\"wp-block-paragraph\">\u201cEstamos pasando por un mal momento\u201d, manifest\u00f3 Pujols, quien sostuvo que la poblaci\u00f3n enfrenta energ\u00eda costosa, apagones y un incremento colosal del subsidio el\u00e9ctrico.<\/p>\n\n\n\n<p class=\"wp-block-paragraph\">Tambi\u00e9n&nbsp;&nbsp;&nbsp;consider\u00f3 que es notorio el retroceso en materia de transparencia y acceso a la informaci\u00f3n p\u00fablica, se\u00f1alando que organismos y tribunales han tenido que ordenar a instituciones p\u00fablicas entregar informaci\u00f3n requerida mediante procesos de investigaci\u00f3n.<\/p>\n\n\n\n<p class=\"wp-block-paragraph\">Afirm\u00f3 que la organizaci\u00f3n pol\u00edtica continuar\u00e1 vigilante y ejerciendo su papel de oposici\u00f3n, mientras desarrolla el proceso de reorganizaci\u00f3n y acercamiento a la ciudadan\u00eda.<\/p>\n\n\n\n<p class=\"wp-block-paragraph\"><strong>Banderazo de inicio de la Jornada Nacional de Esfuerzos Concentrados<\/strong><\/p>\n\n\n\n<p class=\"wp-block-paragraph\">El secretario general peledeista, Johnny Pujols, estuvo acompa\u00f1ado de Cristina Lizardo, presidenta de la provincia Santo Domingo y Coordinadora de la Conap 2026 ; Rub\u00e9n Bichara, titular de la Secretar\u00eda de Enlaces y Comunicaci\u00f3n Interna, adem\u00e1s de los dirigentes del municipio Santo Domingo Norte, encabezado Johnny Thomas y Alfonso Ure\u00f1a, enlace<\/p>\n\n\n\n<p class=\"wp-block-paragraph\"><strong>SECRETARIA COMUNICACIONES<\/strong><\/p>\n\n\n\n<p class=\"wp-block-paragraph\"><strong>5 SEPTIEMBRE 2026<\/strong><\/p>\n","protected":false},"excerpt":{"rendered":"<p>diariodominicano.com Santo Domingo, R. D., 5 de septiembre, 2026.- El Partido de la Liberaci\u00f3n Dominicana (PLD) desarroll\u00f3 este s\u00e1bado 5 de septiembre su tercera jornada nacional de Esfuerzos Concentrados, con la participaci\u00f3n simult\u00e1nea de sus estructuras en distintos puntos del territorio nacional, como parte de la tercera fase de la L\u00ednea Organizativa y Electoral (LOE). [&hellip;]<\/p>\n","protected":false},"author":5,"featured_media":694861,"comment_status":"closed","ping_status":"closed","sticky":false,"template":"","format":"standard","meta":{"footnotes":""},"categories":[22,27],"tags":[],"class_list":["post-694860","post","type-post","status-publish","format-standard","has-post-thumbnail","hentry","category-politica","category-portada"],"_links":{"self":[{"href":"https:\/\/diariodominicano.com\/index.php?rest_route=\/wp\/v2\/posts\/694860","targetHints":{"allow":["GET"]}}],"collection":[{"href":"https:\/\/diariodominicano.com\/index.php?rest_route=\/wp\/v2\/posts"}],"about":[{"href":"https:\/\/diariodominicano.com\/index.php?rest_route=\/wp\/v2\/types\/post"}],"author":[{"embeddable":true,"href":"https:\/\/diariodominicano.com\/index.php?rest_route=\/wp\/v2\/users\/5"}],"replies":[{"embeddable":true,"href":"https:\/\/diariodominicano.com\/index.php?rest_route=%2Fwp%2Fv2%2Fcomments&post=694860"}],"version-history":[{"count":1,"href":"https:\/\/diariodominicano.com\/index.php?rest_route=\/wp\/v2\/posts\/694860\/revisions"}],"predecessor-version":[{"id":694862,"href":"https:\/\/diariodominicano.com\/index.php?rest_route=\/wp\/v2\/posts\/694860\/revisions\/694862"}],"wp:featuredmedia":[{"embeddable":true,"href":"https:\/\/diariodominicano.com\/index.php?rest_route=\/wp\/v2\/media\/694861"}],"wp:attachment":[{"href":"https:\/\/diariodominicano.com\/index.php?rest_route=%2Fwp%2Fv2%2Fmedia&parent=694860"}],"wp:term":[{"taxonomy":"category","embeddable":true,"href":"https:\/\/diariodominicano.com\/index.php?rest_route=%2Fwp%2Fv2%2Fcategories&post=694860"},{"taxonomy":"post_tag","embeddable":true,"href":"https:\/\/diariodominicano.com\/index.php?rest_route=%2Fwp%2Fv2%2Ftags&post=694860"}],"curies":[{"name":"wp","href":"https:\/\/api.w.org\/{rel}","templated":true}]}}