{"id":694844,"date":"2026-09-05T14:52:23","date_gmt":"2026-09-05T18:52:23","guid":{"rendered":"https:\/\/diariodominicano.com\/?p=694844"},"modified":"2026-09-05T14:54:14","modified_gmt":"2026-09-05T18:54:14","slug":"lucia-un-aporte-de-luis-el-gallo-al-legado-literario-del-dr-joaquin-balaguer","status":"publish","type":"post","link":"https:\/\/diariodominicano.com\/?p=694844","title":{"rendered":"\u201cLUC\u00cdA\u201d: UN APORTE DE LUIS \u201cEL GALLO\u201d AL LEGADO LITERARIO DEL DR. JOAQU\u00cdN BALAGUER"},"content":{"rendered":"\n<p class=\"wp-block-paragraph\">*<strong>Santo Domingo, Rep\u00fablica Dominicana.<\/strong>*\u2014 Al conmemorarse el *<strong>120.\u00ba aniversario del natalicio del Dr. Joaqu\u00edn Balaguer,<\/strong>* Luis Acosta Moreta, *<strong>Luis \u201cEl Gallo\u201d,<\/strong>* rinde homenaje a la memoria de uno de los m\u00e1s destacados estadistas, escritores e intelectuales de la historia dominicana, quien tambi\u00e9n ocup\u00f3 la Presidencia de la Rep\u00fablica Dominicana y dej\u00f3 una profunda huella en la vida literaria, pol\u00edtica y cultural de la naci\u00f3n.<\/p>\n\n\n\n<p class=\"wp-block-paragraph\">Como contribuci\u00f3n a la preservaci\u00f3n de su memoria y de su legado, Luis \u201cEl Gallo\u201d presenta *<strong>\u201cLuc\u00eda\u201d,<\/strong>* una composici\u00f3n musical escrita en *<strong>g\u00e9nero de criolla,<\/strong>* concebida como una expresi\u00f3n de reconocimiento a la dimensi\u00f3n literaria, intelectual y humana de Joaqu\u00edn Balaguer. <\/p>\n\n\n\n<figure class=\"wp-block-image size-full\"><img loading=\"lazy\" decoding=\"async\" width=\"542\" height=\"272\" src=\"https:\/\/diariodominicano.com\/wp-content\/uploads\/2022\/07\/z-Parrafo-1.-20-anos-de-fallecido-Balaguer.jpg\" alt=\"\" class=\"wp-image-369715\" srcset=\"https:\/\/diariodominicano.com\/wp-content\/uploads\/2022\/07\/z-Parrafo-1.-20-anos-de-fallecido-Balaguer.jpg 542w, https:\/\/diariodominicano.com\/wp-content\/uploads\/2022\/07\/z-Parrafo-1.-20-anos-de-fallecido-Balaguer-300x151.jpg 300w, https:\/\/diariodominicano.com\/wp-content\/uploads\/2022\/07\/z-Parrafo-1.-20-anos-de-fallecido-Balaguer-400x200.jpg 400w\" sizes=\"auto, (max-width: 542px) 100vw, 542px\" \/><\/figure>\n\n\n\n<p class=\"wp-block-paragraph\">Balaguer dej\u00f3 a la Rep\u00fablica Dominicana una *<strong>vasta obra literaria, un pensamiento de profunda influencia nacional, importantes aportes al desarrollo del pa\u00eds y un conjunto de valores<\/strong>* que defendi\u00f3 a lo largo de su trayectoria p\u00fablica e intelectual. Su extraordinaria capacidad intelectual, su extensa producci\u00f3n escrita y su visi\u00f3n de Estado lo convirtieron en una figura excepcional de la vida nacional y, para muchos, en *<strong>el presidente m\u00e1s intelectual que ha tenido la Rep\u00fablica Dominicana.<\/strong>*<\/p>\n\n\n\n<p class=\"wp-block-paragraph\">Su obra y su pensamiento forman parte esencial de la memoria hist\u00f3rica y cultural del pa\u00eds. A trav\u00e9s de \u201cLuc\u00eda\u201d, Luis \u201cEl Gallo\u201d realiza un aporte desde la m\u00fasica a la recordaci\u00f3n de una figura que trascendi\u00f3 su tiempo y cuya producci\u00f3n literaria contin\u00faa siendo estudiada y valorada por generaciones de dominicanos.<\/p>\n\n\n\n<p class=\"wp-block-paragraph\">*<strong>A 120 a\u00f1os de su nacimiento,<\/strong>* este homenaje procura mantener viva la dimensi\u00f3n literaria, intelectual y patri\u00f3tica de Joaqu\u00edn Balaguer, destacando el legado de sus grandes obras, sus aportes al desarrollo nacional y los valores que dej\u00f3 a la Rep\u00fablica Dominicana. Asimismo, reafirma la importancia de preservar y transmitir ese patrimonio cultural a las nuevas generaciones, para que conozcan y valoren la trascendencia de uno de los grandes protagonistas de la historia dominicana.<\/p>\n\n\n\n<p class=\"wp-block-paragraph\">*<strong>\u201cLuc\u00eda\u201d se suma as\u00ed a este aniversario como una expresi\u00f3n art\u00edstica de respeto y reconocimiento a la memoria del Dr. Joaqu\u00edn Balaguer, un hombre cuya obra literaria, pensamiento y trayectoria de Estado forman parte indiscutible de la historia nacional.<\/strong>*<\/p>\n","protected":false},"excerpt":{"rendered":"<p>*Santo Domingo, Rep\u00fablica Dominicana.*\u2014 Al conmemorarse el *120.\u00ba aniversario del natalicio del Dr. Joaqu\u00edn Balaguer,* Luis Acosta Moreta, *Luis \u201cEl Gallo\u201d,* rinde homenaje a la memoria de uno de los m\u00e1s destacados estadistas, escritores e intelectuales de la historia dominicana, quien tambi\u00e9n ocup\u00f3 la Presidencia de la Rep\u00fablica Dominicana y dej\u00f3 una profunda huella en [&hellip;]<\/p>\n","protected":false},"author":7,"featured_media":565593,"comment_status":"closed","ping_status":"closed","sticky":false,"template":"","format":"standard","meta":{"footnotes":""},"categories":[19],"tags":[114],"class_list":["post-694844","post","type-post","status-publish","format-standard","has-post-thumbnail","hentry","category-mi-voz","tag-luis-el-gallo"],"_links":{"self":[{"href":"https:\/\/diariodominicano.com\/index.php?rest_route=\/wp\/v2\/posts\/694844","targetHints":{"allow":["GET"]}}],"collection":[{"href":"https:\/\/diariodominicano.com\/index.php?rest_route=\/wp\/v2\/posts"}],"about":[{"href":"https:\/\/diariodominicano.com\/index.php?rest_route=\/wp\/v2\/types\/post"}],"author":[{"embeddable":true,"href":"https:\/\/diariodominicano.com\/index.php?rest_route=\/wp\/v2\/users\/7"}],"replies":[{"embeddable":true,"href":"https:\/\/diariodominicano.com\/index.php?rest_route=%2Fwp%2Fv2%2Fcomments&post=694844"}],"version-history":[{"count":2,"href":"https:\/\/diariodominicano.com\/index.php?rest_route=\/wp\/v2\/posts\/694844\/revisions"}],"predecessor-version":[{"id":694847,"href":"https:\/\/diariodominicano.com\/index.php?rest_route=\/wp\/v2\/posts\/694844\/revisions\/694847"}],"wp:featuredmedia":[{"embeddable":true,"href":"https:\/\/diariodominicano.com\/index.php?rest_route=\/wp\/v2\/media\/565593"}],"wp:attachment":[{"href":"https:\/\/diariodominicano.com\/index.php?rest_route=%2Fwp%2Fv2%2Fmedia&parent=694844"}],"wp:term":[{"taxonomy":"category","embeddable":true,"href":"https:\/\/diariodominicano.com\/index.php?rest_route=%2Fwp%2Fv2%2Fcategories&post=694844"},{"taxonomy":"post_tag","embeddable":true,"href":"https:\/\/diariodominicano.com\/index.php?rest_route=%2Fwp%2Fv2%2Ftags&post=694844"}],"curies":[{"name":"wp","href":"https:\/\/api.w.org\/{rel}","templated":true}]}}