{"id":694841,"date":"2026-09-05T14:29:23","date_gmt":"2026-09-05T18:29:23","guid":{"rendered":"https:\/\/diariodominicano.com\/?p=694841"},"modified":"2026-09-05T14:29:25","modified_gmt":"2026-09-05T18:29:25","slug":"luis-el-gallo-destaca-esfuerzo-y-trabajo-del-presidente-abinader-para-garantizar-seguridad-en-frontera","status":"publish","type":"post","link":"https:\/\/diariodominicano.com\/?p=694841","title":{"rendered":"Luis \u201cEl Gallo\u201d destaca esfuerzo y trabajo del presidente Abinader para garantizar seguridad en frontera"},"content":{"rendered":"\n<p class=\"wp-block-paragraph\">El l\u00edder de la Uni\u00f3n Dem\u00f3crata Cristiana -UDC-, <em>Luis Acosta Moreta, Luis \u201cEl Gallo\u201d,<\/em> destac\u00f3 hoy el trabajo y los esfuerzos del presidente <em>Luis Abinader para garantizar la seguridad fronteriza,<\/em> y mantener la paz en el pa\u00eds.<\/p>\n\n\n\n<p class=\"wp-block-paragraph\">El presidente de la UDC dijo que Abinader ha tomado las medidas de rigor, para evitar que contin\u00fae la migraci\u00f3n masiva de indocumentados haitianos, poniendo orden en toda la frontera.<\/p>\n\n\n\n<p class=\"wp-block-paragraph\">Se\u00f1al\u00f3 que ha sido todo un acierto y \u00e9xito tender la verja a lo largo de la l\u00ednea divisoria entre los dos pa\u00edses, y de esa forma evitar que hechos de violencia puedan llegar a la <em>Rep\u00fablica Dominicana.<\/em><\/p>\n\n\n\n<p class=\"wp-block-paragraph\">Destac\u00f3 que la virtual guerra civil de baja intensidad mantiene a Hait\u00ed en una anarqu\u00eda total, sin una autoridad que pueda servir de interlocutora, con miles de muertos y m\u00e1s de mill\u00f3n y medio de personas que han tenido que abandonar su zona de residencia.<\/p>\n\n\n\n<p class=\"wp-block-paragraph\">La l\u00ednea del presidente ha sido de blindar la l\u00ednea fronteriza, lo cual es un gran acierto, tomando en cuenta que por todos los medios a su alcance se debe evitar que los combates y la anarqu\u00eda haitiana lleguen al pa\u00eds.<\/p>\n\n\n\n<p class=\"wp-block-paragraph\">Luis \u201cEl Gallo\u201d resalt\u00f3 que la seguridad en la l\u00ednea fronteriza y el tendido de la verja perimetral ha merecido los elogios de varios gobiernos de la zona, como m\u00e9todo para establecer el orden en \u00e1reas que puedan estar en beligerancia.<\/p>\n\n\n\n<p class=\"wp-block-paragraph\">Resalt\u00f3 que durante su visita el presidente de Honduras, <em>Nasry Asfura Zanlah,<\/em> resalt\u00f3 que se necesita en su pa\u00eds copiar los m\u00e9todos de seguridad dominicanos, y puso de ejemplo el programa de control fronterizo.<\/p>\n\n\n\n<p class=\"wp-block-paragraph\">Tambi\u00e9n dijo que entre los dos pa\u00edses deben trabajar conjuntamente en lo que se refiere a la adquisici\u00f3n en el pa\u00eds de armas fabricadas en el territorio nacional por t\u00e9cnicos dominicanos.<\/p>\n\n\n\n<p class=\"wp-block-paragraph\">A\u00f1adi\u00f3 que es hora de dar la mayor protecci\u00f3n posible a la zona fronteriza, que constituye el principal punto de entrada de la migraci\u00f3n de indocumentados haitianos.<\/p>\n","protected":false},"excerpt":{"rendered":"<p>El l\u00edder de la Uni\u00f3n Dem\u00f3crata Cristiana -UDC-, Luis Acosta Moreta, Luis \u201cEl Gallo\u201d, destac\u00f3 hoy el trabajo y los esfuerzos del presidente Luis Abinader para garantizar la seguridad fronteriza, y mantener la paz en el pa\u00eds. El presidente de la UDC dijo que Abinader ha tomado las medidas de rigor, para evitar que contin\u00fae [&hellip;]<\/p>\n","protected":false},"author":7,"featured_media":694842,"comment_status":"closed","ping_status":"closed","sticky":false,"template":"","format":"standard","meta":{"footnotes":""},"categories":[19],"tags":[114],"class_list":["post-694841","post","type-post","status-publish","format-standard","has-post-thumbnail","hentry","category-mi-voz","tag-luis-el-gallo"],"_links":{"self":[{"href":"https:\/\/diariodominicano.com\/index.php?rest_route=\/wp\/v2\/posts\/694841","targetHints":{"allow":["GET"]}}],"collection":[{"href":"https:\/\/diariodominicano.com\/index.php?rest_route=\/wp\/v2\/posts"}],"about":[{"href":"https:\/\/diariodominicano.com\/index.php?rest_route=\/wp\/v2\/types\/post"}],"author":[{"embeddable":true,"href":"https:\/\/diariodominicano.com\/index.php?rest_route=\/wp\/v2\/users\/7"}],"replies":[{"embeddable":true,"href":"https:\/\/diariodominicano.com\/index.php?rest_route=%2Fwp%2Fv2%2Fcomments&post=694841"}],"version-history":[{"count":1,"href":"https:\/\/diariodominicano.com\/index.php?rest_route=\/wp\/v2\/posts\/694841\/revisions"}],"predecessor-version":[{"id":694843,"href":"https:\/\/diariodominicano.com\/index.php?rest_route=\/wp\/v2\/posts\/694841\/revisions\/694843"}],"wp:featuredmedia":[{"embeddable":true,"href":"https:\/\/diariodominicano.com\/index.php?rest_route=\/wp\/v2\/media\/694842"}],"wp:attachment":[{"href":"https:\/\/diariodominicano.com\/index.php?rest_route=%2Fwp%2Fv2%2Fmedia&parent=694841"}],"wp:term":[{"taxonomy":"category","embeddable":true,"href":"https:\/\/diariodominicano.com\/index.php?rest_route=%2Fwp%2Fv2%2Fcategories&post=694841"},{"taxonomy":"post_tag","embeddable":true,"href":"https:\/\/diariodominicano.com\/index.php?rest_route=%2Fwp%2Fv2%2Ftags&post=694841"}],"curies":[{"name":"wp","href":"https:\/\/api.w.org\/{rel}","templated":true}]}}