{"id":694838,"date":"2026-09-05T11:05:37","date_gmt":"2026-09-05T15:05:37","guid":{"rendered":"https:\/\/diariodominicano.com\/?p=694838"},"modified":"2026-09-05T11:16:04","modified_gmt":"2026-09-05T15:16:04","slug":"sacerdote-herido-en-balacera-en-peru-la-iglesia-en-el-callao-llama-a-desterrar-la-cultura-de-muerte","status":"publish","type":"post","link":"https:\/\/diariodominicano.com\/?p=694838","title":{"rendered":"Sacerdote herido en balacera en Per\u00fa: La Iglesia en el Callao llama a desterrar la cultura de muerte"},"content":{"rendered":"\n<p class=\"wp-block-paragraph\">diariodominicano.com<\/p>\n\n\n\n<p class=\"wp-block-paragraph\">Por <strong>Walter S\u00e1nchez Silva<\/strong>, ACI Prensa<\/p>\n\n\n\n<p class=\"wp-block-paragraph\">Vaticano, 5 de septiembre, 2026.-  Un sacerdote y otras dos personas resultaron heridos durante una balacera en el distrito de Carmen de la Legua en la provincia constitucional del Callao el viernes 4 de septiembre. La Di\u00f3cesis del Callao (Per\u00fa) conden\u00f3 la violencia, se solidariz\u00f3 con las v\u00edctimas y alent\u00f3 a trabajar por desterrar la cultura de muerte.<\/p>\n\n\n\n<p class=\"wp-block-paragraph\">\u201cNo podemos acostumbrarnos a la violencia ni quedarnos indiferentes ante tantas muertes a causa de ella. Todos estamos llamados a custodiar la vida y desterrar la cultura de muerte que causa dolor y nos roba la paz\u201d, se\u00f1al\u00f3 en un&nbsp;<a href=\"https:\/\/www.facebook.com\/photo?fbid=1526050319567199&amp;set=a.563849145787326\">comunicado<\/a>&nbsp;la di\u00f3cesis liderada por Mons. Luis Alberto Barrera Pacheco, tambi\u00e9n segundo vicepresidente de la Conferencia Episcopal Peruana.<\/p>\n\n\n\n<p class=\"wp-block-paragraph\">La balacera ocurri\u00f3 el viernes cerca de la parroquia Santa Teresita del Ni\u00f1o Jes\u00fas, en la urbanizaci\u00f3n San Fernando, distrito de Carmen de la Legua en el Callao, seg\u00fan se\u00f1ala el comunicado diocesano.<\/p>\n\n\n\n<p class=\"wp-block-paragraph\">Una de las v\u00edctimas fue el P. Jos\u00e9 Nazario Ayala. De acuerdo a<a href=\"https:\/\/rpp.pe\/lima\/policiales\/callao-tres-personas-entre-ellas-un-sacerdote-resultaron-heridas-durante-balacera-en-parque-de-carmen-de-la-legua-noticia-1705726\">RPP<\/a>, el sacerdote fue llevado al Hospital Daniel Alcides Carri\u00f3n, donde fue atendido tras haber recibido un disparo en la mejilla izquierda. El presb\u00edtero est\u00e1 ahora fuera de peligro.<\/p>\n\n\n\n<p class=\"wp-block-paragraph\">Los otros dos heridos son el venezolano Darvis Jes\u00fas Monagro Pe\u00f1a y Edith Josefina Rodr\u00edguez Antesana, quienes fueron trasladados al Hospital Alberto Barton para ser atendidos.<\/p>\n\n\n\n<p class=\"wp-block-paragraph\">Luego del tiroteo, la Polic\u00eda Nacional lleg\u00f3 al lugar de los hechos para realizar las diligencias correspondientes e iniciar las investigaciones para dar con los responsables. Seg\u00fan RPP, los trabajos de remodelaci\u00f3n en el Parque San Fernando habr\u00edan motivado un caso de extorsi\u00f3n y esto ser\u00eda la causa de la balacera.<\/p>\n\n\n\n<p class=\"wp-block-paragraph\">En su comunicado, la Di\u00f3cesis del Callao se solidariz\u00f3 \u201ccon todas las v\u00edctimas de la violencia y con todas las familias que lloran a sus seres queridos y oramos por la pronta recuperaci\u00f3n del padre Jos\u00e9 y de las otras dos v\u00edctimas de esta tarde\u201d.<\/p>\n\n\n\n<p class=\"wp-block-paragraph\">\u201cLa Iglesia condena tajantemente cualquier forma de violencia por considerarla contraria al amor de Dios y una ofensa directa a la dignidad humana\u201d, subray\u00f3.<\/p>\n\n\n\n<h2 class=\"wp-block-heading\">La violencia en el Callao<\/h2>\n\n\n\n<p class=\"wp-block-paragraph\">Ante la creciente violencia en Lima y la provincia constitucional del Callao, el gobierno peruano decret\u00f3 el estado de emergencia durante 60 d\u00edas, desde el 28 de agosto. La Polic\u00eda Nacional, con las Fuerzas Armadas, se encargan de la seguridad durante este periodo en el que se restringen algunos derechos como la inviolabilidad de domicilio, la libertad de tr\u00e1nsito y la libertad de reuni\u00f3n<\/p>\n\n\n\n<p class=\"wp-block-paragraph\">De acuerdo al Sistema Nacional de Defunciones (<a href=\"https:\/\/www.minsa.gob.pe\/defunciones\/\">SINADEF<\/a>), entre octubre de 2025 y agosto de 2026, en el Callao se registraron 52 asesinatos.<\/p>\n\n\n\n<p class=\"wp-block-paragraph\">Seg\u00fan el Observatorio Nacional de Prospectiva, en 2025 el 25,9 % de la poblaci\u00f3n report\u00f3 haber sido v\u00edctima de alg\u00fan hecho delictivo, mientras que la percepci\u00f3n de inseguridad alcanz\u00f3 el 86 %.<a href=\"https:\/\/observatorio.ceplan.gob.pe\/ficha\/r6_cal\">La cifra de homicidios lleg\u00f3 a 193<\/a>.<\/p>\n\n\n\n<p class=\"wp-block-paragraph\">Entre las principales causas de estos hechos delictivos est\u00e1n la desigualdad socioecon\u00f3mica, la expansi\u00f3n de organizaciones criminales y las limitaciones en el control, entre otros.<\/p>\n\n\n\n<h2 class=\"wp-block-heading\">El Papa Le\u00f3n XIV y el Callao<\/h2>\n\n\n\n<p class=\"wp-block-paragraph\">El Callao, la \u00fanica provincia constitucional del Per\u00fa desde 1857 con un gobierno regional y municipal propio, ubicada junto a Lima, prepara una&nbsp;<a href=\"https:\/\/www.aciprensa.com\/noticias\/128221\/callao-alista-una-estatua-del-papa-leon-xiv-de-14-metros-la-mas-alta-de-un-pontifice-en-peru\">estatua monumental del Papa Le\u00f3n XIV de 14 metros de altura<\/a>&nbsp;y ser\u00e1 uno de los lugares adonde llegar\u00e1 el Santo Padre cuando visite el Per\u00fa en noviembre de este a\u00f1o.<\/p>\n\n\n\n<p class=\"wp-block-paragraph\">De hecho, en el Callao est\u00e1 ubicado el Aeropuerto Internacional Jorge Ch\u00e1vez, donde se espera aterrice el avi\u00f3n papal. La otra opci\u00f3n para su llegada es el Grupo A\u00e9reo N\u00b08, ubicado muy cerca del aeropuerto, tambi\u00e9n en la provincia constitucional. En este \u00faltimo fue donde aterriz\u00f3 el avi\u00f3n del Papa Francisco en su visita al Per\u00fa en enero de 2018.<\/p>\n\n\n\n<p class=\"wp-block-paragraph\">Mons. Robert Prevost, el actual Papa, fue Administrador Apost\u00f3lico del Callao entre 2020 y 2021, sirvi\u00f3 tambi\u00e9n como Obispo de Chiclayo entre 2015 y 2023; y fue segundo vicepresidente de la Conferencia Episcopal Peruana (CEP) entre 2018 y 2023, por lo que conoce bien la realidad del pa\u00eds.<\/p>\n\n\n\n<p class=\"wp-block-paragraph\"><\/p>\n","protected":false},"excerpt":{"rendered":"<p>diariodominicano.com Por Walter S\u00e1nchez Silva, ACI Prensa Vaticano, 5 de septiembre, 2026.- Un sacerdote y otras dos personas resultaron heridos durante una balacera en el distrito de Carmen de la Legua en la provincia constitucional del Callao el viernes 4 de septiembre. La Di\u00f3cesis del Callao (Per\u00fa) conden\u00f3 la violencia, se solidariz\u00f3 con las v\u00edctimas [&hellip;]<\/p>\n","protected":false},"author":5,"featured_media":694839,"comment_status":"closed","ping_status":"closed","sticky":false,"template":"","format":"standard","meta":{"footnotes":""},"categories":[23,27],"tags":[],"class_list":["post-694838","post","type-post","status-publish","format-standard","has-post-thumbnail","hentry","category-internacional","category-portada"],"_links":{"self":[{"href":"https:\/\/diariodominicano.com\/index.php?rest_route=\/wp\/v2\/posts\/694838","targetHints":{"allow":["GET"]}}],"collection":[{"href":"https:\/\/diariodominicano.com\/index.php?rest_route=\/wp\/v2\/posts"}],"about":[{"href":"https:\/\/diariodominicano.com\/index.php?rest_route=\/wp\/v2\/types\/post"}],"author":[{"embeddable":true,"href":"https:\/\/diariodominicano.com\/index.php?rest_route=\/wp\/v2\/users\/5"}],"replies":[{"embeddable":true,"href":"https:\/\/diariodominicano.com\/index.php?rest_route=%2Fwp%2Fv2%2Fcomments&post=694838"}],"version-history":[{"count":1,"href":"https:\/\/diariodominicano.com\/index.php?rest_route=\/wp\/v2\/posts\/694838\/revisions"}],"predecessor-version":[{"id":694840,"href":"https:\/\/diariodominicano.com\/index.php?rest_route=\/wp\/v2\/posts\/694838\/revisions\/694840"}],"wp:featuredmedia":[{"embeddable":true,"href":"https:\/\/diariodominicano.com\/index.php?rest_route=\/wp\/v2\/media\/694839"}],"wp:attachment":[{"href":"https:\/\/diariodominicano.com\/index.php?rest_route=%2Fwp%2Fv2%2Fmedia&parent=694838"}],"wp:term":[{"taxonomy":"category","embeddable":true,"href":"https:\/\/diariodominicano.com\/index.php?rest_route=%2Fwp%2Fv2%2Fcategories&post=694838"},{"taxonomy":"post_tag","embeddable":true,"href":"https:\/\/diariodominicano.com\/index.php?rest_route=%2Fwp%2Fv2%2Ftags&post=694838"}],"curies":[{"name":"wp","href":"https:\/\/api.w.org\/{rel}","templated":true}]}}