{"id":694814,"date":"2026-09-05T03:11:04","date_gmt":"2026-09-05T07:11:04","guid":{"rendered":"https:\/\/diariodominicano.com\/?p=694814"},"modified":"2026-09-05T03:11:07","modified_gmt":"2026-09-05T07:11:07","slug":"barrick-pueblo-viejo-y-adoexpo-presentan-conferencia-sobre-el-futuro-de-la-mineria-dominicana","status":"publish","type":"post","link":"https:\/\/diariodominicano.com\/?p=694814","title":{"rendered":"Barrick Pueblo Viejo y ADOEXPO presentan conferencia sobre el futuro de la miner\u00eda dominicana"},"content":{"rendered":"\n<p class=\"wp-block-paragraph\"><em>El encuentro contar\u00e1 con la presencia del ministro de Energ\u00eda y Minas, Joel Santos, quien abordar\u00e1 el papel de la miner\u00eda dominicana en los mercados globales<\/em><\/p>\n\n\n\n<p class=\"wp-block-paragraph\"><strong><em>Santo Domingo, Rep\u00fablica Dominicana<\/em><\/strong>. Barrick Pueblo Viejo y la Asociaci\u00f3n Dominicana de Exportadores (ADOEXPO) realizar\u00e1n el pr\u00f3ximo mi\u00e9rcoles 16 de septiembre un almuerzo conferencia que reunir\u00e1 al sector empresarial para conversar sobre las oportunidades y perspectivas de la miner\u00eda dominicana en el contexto de mercados internacionales.<\/p>\n\n\n\n<p class=\"wp-block-paragraph\">La actividad tendr\u00e1 como conferencista magistral a Joel Santos Echavarr\u00eda, ministro de Energ\u00eda y Minas, presidente del Consejo Unificado de las Empresas Distribuidoras (CUED) y coordinador del Gabinete de Energ\u00eda, quien abordar\u00e1 el tema \u201cDe la miner\u00eda a los mercados globales: el camino de la miner\u00eda dominicana\u201d.<\/p>\n\n\n\n<p class=\"wp-block-paragraph\">El encuentro forma parte de la agenda de ADOEXPO parar promover espacios de di\u00e1logo sobre sectores estrat\u00e9gicos para la econom\u00eda nacional y su vinculaci\u00f3n con los mercados internacionales.<\/p>\n\n\n\n<p class=\"wp-block-paragraph\">Para Barrick Pueblo Viejo, apoyar este tipo de conversaciones es importante porque permite acercar al sector minero, empresarial y otros sectores a un intercambio informado sobre el potencial de la miner\u00eda dominicana para continuar con sus aportes al desarrollo econ\u00f3mico y la competitividad del pa\u00eds.<\/p>\n\n\n\n<p class=\"wp-block-paragraph\">Este almuerzo-conferencia est\u00e1 dirigido a miembros y no miembros de ADOEXPO. Las personas interesadas en participar o solicitar informaci\u00f3n pueden escribir a&nbsp;<a href=\"mailto:membresia@adoexpo.org\" target=\"_blank\" rel=\"noreferrer noopener\">membresia@adoexpo.org<\/a>.<\/p>\n\n\n\n<p class=\"wp-block-paragraph\">###<\/p>\n\n\n\n<p class=\"wp-block-paragraph\"><strong>SOBRE PUEBLO VIEJO<\/strong><\/p>\n\n\n\n<p class=\"wp-block-paragraph\">Pueblo Viejo est\u00e1 ubicado en la provincia S\u00e1nchez Ram\u00edrez, Rep\u00fablica Dominicana, y es operado por Pueblo Viejo Dominicana&nbsp;Corporation, una empresa conjunta entre&nbsp;Barrick&nbsp;(60 %) y&nbsp;Newmont&nbsp;(40 %). La operaci\u00f3n desarrolla programas de investigaci\u00f3n, monitoreo, gesti\u00f3n ambiental, restauraci\u00f3n y educaci\u00f3n ambiental orientados a comprender mejor el territorio y contribuir a la conservaci\u00f3n de la biodiversidad presente en su entorno.&nbsp;<\/p>\n\n\n\n<p class=\"wp-block-paragraph\">Prensa Mix Comunicaciones Mix Comunicaciones<\/p>\n\n\n\n<p class=\"wp-block-paragraph\"><a target=\"_blank\" href=\"mailto:prensamixcomrd@gmail.com\" rel=\"noreferrer noopener\">prensamixcomrd@gm<\/a><\/p>\n","protected":false},"excerpt":{"rendered":"<p>El encuentro contar\u00e1 con la presencia del ministro de Energ\u00eda y Minas, Joel Santos, quien abordar\u00e1 el papel de la miner\u00eda dominicana en los mercados globales Santo Domingo, Rep\u00fablica Dominicana. Barrick Pueblo Viejo y la Asociaci\u00f3n Dominicana de Exportadores (ADOEXPO) realizar\u00e1n el pr\u00f3ximo mi\u00e9rcoles 16 de septiembre un almuerzo conferencia que reunir\u00e1 al sector empresarial [&hellip;]<\/p>\n","protected":false},"author":2,"featured_media":0,"comment_status":"open","ping_status":"closed","sticky":false,"template":"","format":"standard","meta":{"footnotes":""},"categories":[18],"tags":[529,166],"class_list":["post-694814","post","type-post","status-publish","format-standard","hentry","category-economia","tag-adoexpo","tag-barrick-pueblo-viejo"],"_links":{"self":[{"href":"https:\/\/diariodominicano.com\/index.php?rest_route=\/wp\/v2\/posts\/694814","targetHints":{"allow":["GET"]}}],"collection":[{"href":"https:\/\/diariodominicano.com\/index.php?rest_route=\/wp\/v2\/posts"}],"about":[{"href":"https:\/\/diariodominicano.com\/index.php?rest_route=\/wp\/v2\/types\/post"}],"author":[{"embeddable":true,"href":"https:\/\/diariodominicano.com\/index.php?rest_route=\/wp\/v2\/users\/2"}],"replies":[{"embeddable":true,"href":"https:\/\/diariodominicano.com\/index.php?rest_route=%2Fwp%2Fv2%2Fcomments&post=694814"}],"version-history":[{"count":1,"href":"https:\/\/diariodominicano.com\/index.php?rest_route=\/wp\/v2\/posts\/694814\/revisions"}],"predecessor-version":[{"id":694816,"href":"https:\/\/diariodominicano.com\/index.php?rest_route=\/wp\/v2\/posts\/694814\/revisions\/694816"}],"wp:attachment":[{"href":"https:\/\/diariodominicano.com\/index.php?rest_route=%2Fwp%2Fv2%2Fmedia&parent=694814"}],"wp:term":[{"taxonomy":"category","embeddable":true,"href":"https:\/\/diariodominicano.com\/index.php?rest_route=%2Fwp%2Fv2%2Fcategories&post=694814"},{"taxonomy":"post_tag","embeddable":true,"href":"https:\/\/diariodominicano.com\/index.php?rest_route=%2Fwp%2Fv2%2Ftags&post=694814"}],"curies":[{"name":"wp","href":"https:\/\/api.w.org\/{rel}","templated":true}]}}