{"id":694795,"date":"2026-09-05T02:32:52","date_gmt":"2026-09-05T06:32:52","guid":{"rendered":"https:\/\/diariodominicano.com\/?p=694795"},"modified":"2026-09-05T02:35:58","modified_gmt":"2026-09-05T06:35:58","slug":"atlantico-fc-con-nuevas-integraciones-busca-frenar-a-salcedo-fc-este-domingo","status":"publish","type":"post","link":"https:\/\/diariodominicano.com\/?p=694795","title":{"rendered":"Atl\u00e1ntico FC con nuevas integraciones busca frenar a Salcedo FC este domingo"},"content":{"rendered":"\n<p class=\"wp-block-paragraph\"><strong>PUERTO PLATA, RD.<\/strong> \u2013 Con el objetivo claro de sumar tres puntos ante su fanaticada y escalar en la tabla de clasificaciones, la directiva de Atl\u00e1ntico FC ha oficializado la incorporaci\u00f3n de nuevas e importantes integraciones a su plantilla para el&nbsp; enfrentamiento contra Salcedo FC este domingo desde las 4:00 pm en el Estadio Leonel Placido y como parte de jornada 4 del Torneo Apertura de la Liga Dominicana de F\u00fatbol (LDF) 2026-2027.<\/p>\n\n\n\n<figure class=\"wp-block-image size-large\"><img loading=\"lazy\" decoding=\"async\" width=\"1024\" height=\"683\" src=\"https:\/\/diariodominicano.com\/wp-content\/uploads\/2026\/09\/atlantico-del-4-1024x683.jpeg\" alt=\"\" class=\"wp-image-694801\" srcset=\"https:\/\/diariodominicano.com\/wp-content\/uploads\/2026\/09\/atlantico-del-4-1024x683.jpeg 1024w, https:\/\/diariodominicano.com\/wp-content\/uploads\/2026\/09\/atlantico-del-4-300x200.jpeg 300w, https:\/\/diariodominicano.com\/wp-content\/uploads\/2026\/09\/atlantico-del-4-768x512.jpeg 768w, https:\/\/diariodominicano.com\/wp-content\/uploads\/2026\/09\/atlantico-del-4-816x544.jpeg 816w, https:\/\/diariodominicano.com\/wp-content\/uploads\/2026\/09\/atlantico-del-4.jpeg 1280w\" sizes=\"auto, (max-width: 1024px) 100vw, 1024px\" \/><\/figure>\n\n\n\n<p class=\"wp-block-paragraph\">Estos nuevos fichajes buscan inyectar profundidad, solvencia defensiva y mayor dinamismo al ataque del conjunto azul, que busca contrarrestar al vigente campe\u00f3n.<\/p>\n\n\n\n<p class=\"wp-block-paragraph\">El fichaje del estelar lateral colombiano, Santiago Gomez, que repite como refuerzo con el combinado luego de estar en 2021, le da esa velocidad para frenar los extremos rivales y la gran habilidad de unirse al ataque por la banda.&nbsp;<\/p>\n\n\n\n<p class=\"wp-block-paragraph\">Se integra al onceno, los dominicanos, Yerson Infante, un lateral y extremo de gran recorrido y versatilidad que ya mostr\u00f3 el a\u00f1o pasado lo que puede aportar, y Adrian Reyes, extremo explosivo y de gran proyecci\u00f3n juvenil.<\/p>\n\n\n\n<p class=\"wp-block-paragraph\">El cuadro de la \u00abNovia del Atl\u00e1ntico\u00bb ha completado intensas sesiones de preparaci\u00f3n f\u00edsica y ajustes estrat\u00e9gicos de cara a este choque. Conscientes de la peligrosidad ofensiva del Salcedo FC, los de Puerto Plata apostar\u00e1n al orden t\u00e1ctico, la entrega de sus jugadores y el peso de la local\u00eda para frenar las aspiraciones del onceno visitante y quedarse con una victoria clave.<\/p>\n\n\n\n<p class=\"wp-block-paragraph\">Prensa Atl\u00e1ntico FC<\/p>\n\n\n\n<p class=\"wp-block-paragraph\"><\/p>\n","protected":false},"excerpt":{"rendered":"<p>PUERTO PLATA, RD. \u2013 Con el objetivo claro de sumar tres puntos ante su fanaticada y escalar en la tabla de clasificaciones, la directiva de Atl\u00e1ntico FC ha oficializado la incorporaci\u00f3n de nuevas e importantes integraciones a su plantilla para el&nbsp; enfrentamiento contra Salcedo FC este domingo desde las 4:00 pm en el Estadio Leonel [&hellip;]<\/p>\n","protected":false},"author":2,"featured_media":694796,"comment_status":"open","ping_status":"closed","sticky":false,"template":"","format":"standard","meta":{"footnotes":""},"categories":[17],"tags":[8272],"class_list":["post-694795","post","type-post","status-publish","format-standard","has-post-thumbnail","hentry","category-deportes","tag-atlantico"],"_links":{"self":[{"href":"https:\/\/diariodominicano.com\/index.php?rest_route=\/wp\/v2\/posts\/694795","targetHints":{"allow":["GET"]}}],"collection":[{"href":"https:\/\/diariodominicano.com\/index.php?rest_route=\/wp\/v2\/posts"}],"about":[{"href":"https:\/\/diariodominicano.com\/index.php?rest_route=\/wp\/v2\/types\/post"}],"author":[{"embeddable":true,"href":"https:\/\/diariodominicano.com\/index.php?rest_route=\/wp\/v2\/users\/2"}],"replies":[{"embeddable":true,"href":"https:\/\/diariodominicano.com\/index.php?rest_route=%2Fwp%2Fv2%2Fcomments&post=694795"}],"version-history":[{"count":4,"href":"https:\/\/diariodominicano.com\/index.php?rest_route=\/wp\/v2\/posts\/694795\/revisions"}],"predecessor-version":[{"id":694802,"href":"https:\/\/diariodominicano.com\/index.php?rest_route=\/wp\/v2\/posts\/694795\/revisions\/694802"}],"wp:featuredmedia":[{"embeddable":true,"href":"https:\/\/diariodominicano.com\/index.php?rest_route=\/wp\/v2\/media\/694796"}],"wp:attachment":[{"href":"https:\/\/diariodominicano.com\/index.php?rest_route=%2Fwp%2Fv2%2Fmedia&parent=694795"}],"wp:term":[{"taxonomy":"category","embeddable":true,"href":"https:\/\/diariodominicano.com\/index.php?rest_route=%2Fwp%2Fv2%2Fcategories&post=694795"},{"taxonomy":"post_tag","embeddable":true,"href":"https:\/\/diariodominicano.com\/index.php?rest_route=%2Fwp%2Fv2%2Ftags&post=694795"}],"curies":[{"name":"wp","href":"https:\/\/api.w.org\/{rel}","templated":true}]}}