{"id":694779,"date":"2026-09-05T01:55:59","date_gmt":"2026-09-05T05:55:59","guid":{"rendered":"https:\/\/diariodominicano.com\/?p=694779"},"modified":"2026-09-05T01:56:09","modified_gmt":"2026-09-05T05:56:09","slug":"comienza-el-foro-de-desarrollo-de-energia-de-bajo-carbono-de-taiyuan-2026-en-shanxi","status":"publish","type":"post","link":"https:\/\/diariodominicano.com\/?p=694779","title":{"rendered":"Comienza el Foro de Desarrollo de Energ\u00eda de Bajo Carbono de Taiyuan 2026 en Shanxi"},"content":{"rendered":"\n<p class=\"wp-block-paragraph\"><em>spanish.news.cn<\/em>|<em>&nbsp;2026-09-05 09:06:26<\/em>|<\/p>\n\n\n\n<p class=\"wp-block-paragraph\">TAIYUAN, 4 septiembre, 2026 (Xinhua) &#8212; Imagen del 4 de septiembre de 2026 de una vista exterior de la sede principal del Foro de Desarrollo de Energ\u00eda de Bajo Carbono de Taiyuan 2026, en Taiyuan, en la provincia de Shanxi, en el norte de China. El Foro de Desarrollo de Energ\u00eda de Bajo Carbono de Taiyuan 2026 comenz\u00f3 aqu\u00ed el viernes. Con el tema \u00abLos objetivos de doble carbono impulsan la transici\u00f3n energ\u00e9tica, la innovaci\u00f3n acelera un futuro verde\u00bb, el evento de dos d\u00edas de duraci\u00f3n presenta m\u00faltiples conferencias internacionales, foros paralelos y actividades tem\u00e1ticas. (Xinhua\/Yang Chenguang)<\/p>\n\n\n\n<figure class=\"wp-block-image\"><img decoding=\"async\" src=\"https:\/\/spanish.xinhuanet.com\/20260905\/50bcc7eebdb94cdba0ef20f90e5f783d\/2026090550bcc7eebdb94cdba0ef20f90e5f783d_20260905cdc04d9db7764d70a6cb8bd93c6ee2aa.jpg\" alt=\"\"\/><\/figure>\n\n\n\n<p class=\"wp-block-paragraph\">TAIYUAN, 4 septiembre, 2026 (Xinhua) &#8212; Imagen del 4 de septiembre de 2026 de una escena en la ceremonia de inauguraci\u00f3n del Foro de Desarrollo de Energ\u00eda de Bajo Carbono de Taiyuan 2026, en Taiyuan, en la provincia de Shanxi, en el norte de China. El Foro de Desarrollo de Energ\u00eda de Bajo Carbono de Taiyuan 2026 comenz\u00f3 aqu\u00ed el viernes. Con el tema \u00abLos objetivos de doble carbono impulsan la transici\u00f3n energ\u00e9tica, la innovaci\u00f3n acelera un futuro verde\u00bb, el evento de dos d\u00edas de duraci\u00f3n presenta m\u00faltiples conferencias internacionales, foros paralelos y actividades tem\u00e1ticas. (Xinhua\/Yang Chenguang)<\/p>\n","protected":false},"excerpt":{"rendered":"<p>spanish.news.cn|&nbsp;2026-09-05 09:06:26| TAIYUAN, 4 septiembre, 2026 (Xinhua) &#8212; Imagen del 4 de septiembre de 2026 de una vista exterior de la sede principal del Foro de Desarrollo de Energ\u00eda de Bajo Carbono de Taiyuan 2026, en Taiyuan, en la provincia de Shanxi, en el norte de China. El Foro de Desarrollo de Energ\u00eda de Bajo [&hellip;]<\/p>\n","protected":false},"author":2,"featured_media":694781,"comment_status":"open","ping_status":"closed","sticky":false,"template":"","format":"standard","meta":{"footnotes":""},"categories":[36,18,23],"tags":[8269,3888],"class_list":["post-694779","post","type-post","status-publish","format-standard","has-post-thumbnail","hentry","category-hombresmujeresycosas","category-economia","category-internacional","tag-foro-de-desarrollo-de-energia-de-bajo-carbono-de-taiyuan-2026-en-shanxi","tag-taiwan-2"],"_links":{"self":[{"href":"https:\/\/diariodominicano.com\/index.php?rest_route=\/wp\/v2\/posts\/694779","targetHints":{"allow":["GET"]}}],"collection":[{"href":"https:\/\/diariodominicano.com\/index.php?rest_route=\/wp\/v2\/posts"}],"about":[{"href":"https:\/\/diariodominicano.com\/index.php?rest_route=\/wp\/v2\/types\/post"}],"author":[{"embeddable":true,"href":"https:\/\/diariodominicano.com\/index.php?rest_route=\/wp\/v2\/users\/2"}],"replies":[{"embeddable":true,"href":"https:\/\/diariodominicano.com\/index.php?rest_route=%2Fwp%2Fv2%2Fcomments&post=694779"}],"version-history":[{"count":1,"href":"https:\/\/diariodominicano.com\/index.php?rest_route=\/wp\/v2\/posts\/694779\/revisions"}],"predecessor-version":[{"id":694782,"href":"https:\/\/diariodominicano.com\/index.php?rest_route=\/wp\/v2\/posts\/694779\/revisions\/694782"}],"wp:featuredmedia":[{"embeddable":true,"href":"https:\/\/diariodominicano.com\/index.php?rest_route=\/wp\/v2\/media\/694781"}],"wp:attachment":[{"href":"https:\/\/diariodominicano.com\/index.php?rest_route=%2Fwp%2Fv2%2Fmedia&parent=694779"}],"wp:term":[{"taxonomy":"category","embeddable":true,"href":"https:\/\/diariodominicano.com\/index.php?rest_route=%2Fwp%2Fv2%2Fcategories&post=694779"},{"taxonomy":"post_tag","embeddable":true,"href":"https:\/\/diariodominicano.com\/index.php?rest_route=%2Fwp%2Fv2%2Ftags&post=694779"}],"curies":[{"name":"wp","href":"https:\/\/api.w.org\/{rel}","templated":true}]}}