{"id":694770,"date":"2026-09-05T01:46:04","date_gmt":"2026-09-05T05:46:04","guid":{"rendered":"https:\/\/diariodominicano.com\/?p=694770"},"modified":"2026-09-05T01:46:12","modified_gmt":"2026-09-05T05:46:12","slug":"comienza-la-ifa-berlin-2026-en-alemania","status":"publish","type":"post","link":"https:\/\/diariodominicano.com\/?p=694770","title":{"rendered":"Comienza la IFA Berl\u00edn 2026 en Alemania"},"content":{"rendered":"\n<p class=\"wp-block-paragraph\"><em>spanish.news.cn<\/em>|<em>&nbsp;2026-09-05 09:01:29<\/em>|<\/p>\n\n\n\n<p class=\"wp-block-paragraph\">BERLIN, 4 septiembre, 2026 (Xinhua) &#8212; Personas visitan el \u00e1rea de exposiciones de LG en la IFA Berl\u00edn 2026, en Berl\u00edn, Alemania, el 4 de septiembre de 2026. La IFA Berl\u00edn 2026, una de las ferias comerciales m\u00e1s grandes del mundo dedicada a la electr\u00f3nica de consumo y los electrodom\u00e9sticos, comenz\u00f3 en Berl\u00edn el viernes. (Xinhua\/Zhang Haofu)<\/p>\n\n\n\n<figure class=\"wp-block-image\"><img decoding=\"async\" src=\"https:\/\/spanish.xinhuanet.com\/20260905\/05678ad361774fe8a7807a55bb2ce7b8\/2026090505678ad361774fe8a7807a55bb2ce7b8_202609058ddefa0cdbaa4480a9016b5fd0576acd.jpg\" alt=\"\"\/><\/figure>\n\n\n\n<p class=\"wp-block-paragraph\">BERLIN, 4 septiembre, 2026 (Xinhua) &#8212; Personas visitan el \u00e1rea de exposici\u00f3n de Xiaomi en la IFA Berl\u00edn 2026, en Berl\u00edn, Alemania, el 4 de septiembre de 2026. La IFA Berl\u00edn 2026, una de las ferias comerciales m\u00e1s grandes del mundo dedicada a la electr\u00f3nica de consumo y los electrodom\u00e9sticos, comenz\u00f3 en Berl\u00edn el viernes. (Xinhua\/Zhang Haofu)<\/p>\n\n\n\n<figure class=\"wp-block-image\"><img decoding=\"async\" src=\"https:\/\/spanish.xinhuanet.com\/20260905\/05678ad361774fe8a7807a55bb2ce7b8\/2026090505678ad361774fe8a7807a55bb2ce7b8_20260905ceeb0fdad29c4bbc806f1a5d3e2fa7ae.jpg\" alt=\"\"\/><\/figure>\n\n\n\n<p class=\"wp-block-paragraph\">BERLIN, 4 septiembre, 2026 (Xinhua) &#8212; Personas visitan el \u00e1rea de exposiciones de Hisense en la IFA Berl\u00edn 2026, en Berl\u00edn, Alemania, el 4 de septiembre de 2026. La IFA Berl\u00edn 2026, una de las ferias comerciales m\u00e1s grandes del mundo dedicada a la electr\u00f3nica de consumo y los electrodom\u00e9sticos, comenz\u00f3 en Berl\u00edn el viernes. (Xinhua\/Zhang Haofu)<\/p>\n\n\n\n<figure class=\"wp-block-image\"><img decoding=\"async\" src=\"https:\/\/spanish.xinhuanet.com\/20260905\/05678ad361774fe8a7807a55bb2ce7b8\/2026090505678ad361774fe8a7807a55bb2ce7b8_202609056bc347e5c64f4f4a8a75ec84fba6f0b3.jpg\" alt=\"\"\/><\/figure>\n\n\n\n<p class=\"wp-block-paragraph\">BERLIN, 4 septiembre, 2026 (Xinhua) &#8212; Personas visitan la IFA Berl\u00edn 2026, en Berl\u00edn, Alemania, el 4 de septiembre de 2026. La IFA Berl\u00edn 2026, una de las ferias comerciales m\u00e1s grandes del mundo dedicada a la electr\u00f3nica de consumo y los electrodom\u00e9sticos, comenz\u00f3 en Berl\u00edn el viernes. (Xinhua\/Zhang Haofu)<\/p>\n\n\n\n<figure class=\"wp-block-image\"><img decoding=\"async\" src=\"https:\/\/spanish.xinhuanet.com\/20260905\/05678ad361774fe8a7807a55bb2ce7b8\/2026090505678ad361774fe8a7807a55bb2ce7b8_20260905290a66734b5a4a17bb5eee0059a674ab.jpg\" alt=\"\"\/><\/figure>\n\n\n\n<p class=\"wp-block-paragraph\">BERLIN, 4 septiembre, 2026 (Xinhua) &#8212; Personas visitan el \u00e1rea de exposiciones de BOSCH en la IFA Berl\u00edn 2026, en Berl\u00edn, Alemania, el 4 de septiembre de 2026. La IFA Berl\u00edn 2026, una de las ferias comerciales m\u00e1s grandes del mundo dedicada a la electr\u00f3nica de consumo y los electrodom\u00e9sticos, comenz\u00f3 en Berl\u00edn el viernes. (Xinhua\/Zhang Haofu)<\/p>\n","protected":false},"excerpt":{"rendered":"<p>spanish.news.cn|&nbsp;2026-09-05 09:01:29| BERLIN, 4 septiembre, 2026 (Xinhua) &#8212; Personas visitan el \u00e1rea de exposiciones de LG en la IFA Berl\u00edn 2026, en Berl\u00edn, Alemania, el 4 de septiembre de 2026. La IFA Berl\u00edn 2026, una de las ferias comerciales m\u00e1s grandes del mundo dedicada a la electr\u00f3nica de consumo y los electrodom\u00e9sticos, comenz\u00f3 en Berl\u00edn [&hellip;]<\/p>\n","protected":false},"author":2,"featured_media":694771,"comment_status":"open","ping_status":"closed","sticky":false,"template":"","format":"standard","meta":{"footnotes":""},"categories":[18,23],"tags":[8267],"class_list":["post-694770","post","type-post","status-publish","format-standard","has-post-thumbnail","hentry","category-economia","category-internacional","tag-ifa-berlin-2026-en-alemania"],"_links":{"self":[{"href":"https:\/\/diariodominicano.com\/index.php?rest_route=\/wp\/v2\/posts\/694770","targetHints":{"allow":["GET"]}}],"collection":[{"href":"https:\/\/diariodominicano.com\/index.php?rest_route=\/wp\/v2\/posts"}],"about":[{"href":"https:\/\/diariodominicano.com\/index.php?rest_route=\/wp\/v2\/types\/post"}],"author":[{"embeddable":true,"href":"https:\/\/diariodominicano.com\/index.php?rest_route=\/wp\/v2\/users\/2"}],"replies":[{"embeddable":true,"href":"https:\/\/diariodominicano.com\/index.php?rest_route=%2Fwp%2Fv2%2Fcomments&post=694770"}],"version-history":[{"count":1,"href":"https:\/\/diariodominicano.com\/index.php?rest_route=\/wp\/v2\/posts\/694770\/revisions"}],"predecessor-version":[{"id":694773,"href":"https:\/\/diariodominicano.com\/index.php?rest_route=\/wp\/v2\/posts\/694770\/revisions\/694773"}],"wp:featuredmedia":[{"embeddable":true,"href":"https:\/\/diariodominicano.com\/index.php?rest_route=\/wp\/v2\/media\/694771"}],"wp:attachment":[{"href":"https:\/\/diariodominicano.com\/index.php?rest_route=%2Fwp%2Fv2%2Fmedia&parent=694770"}],"wp:term":[{"taxonomy":"category","embeddable":true,"href":"https:\/\/diariodominicano.com\/index.php?rest_route=%2Fwp%2Fv2%2Fcategories&post=694770"},{"taxonomy":"post_tag","embeddable":true,"href":"https:\/\/diariodominicano.com\/index.php?rest_route=%2Fwp%2Fv2%2Ftags&post=694770"}],"curies":[{"name":"wp","href":"https:\/\/api.w.org\/{rel}","templated":true}]}}