{"id":694721,"date":"2026-09-05T01:34:42","date_gmt":"2026-09-05T05:34:42","guid":{"rendered":"https:\/\/diariodominicano.com\/?p=694721"},"modified":"2026-09-05T01:35:06","modified_gmt":"2026-09-05T05:35:06","slug":"udesa-49o-anos-sumando-voluntades-fortaleciendo-el-deporte-y-haciendo-historia","status":"publish","type":"post","link":"https:\/\/diariodominicano.com\/?p=694721","title":{"rendered":"UDESA: 49\u00ba a\u00f1os sumando voluntades, fortaleciendo el deporte y haciendo historia \u00a0"},"content":{"rendered":"\n<p class=\"wp-block-paragraph\"><strong><em>\u00a1Feliz 49\u00ba aniversario, UDESA!<\/em><\/strong><\/p>\n\n\n\n<p class=\"wp-block-paragraph\"><strong><em>\u00a1Somos Una Suma!<\/em>&nbsp;<\/strong><\/p>\n\n\n\n<p class=\"wp-block-paragraph\"><strong>SANTIAGO DE LOS CABALLEROS, Santiago, Rep\u00fablica Dominicana (04-09-2026).-&nbsp;La Uni\u00f3n Deportiva de Santiago, Inc. (UDESA), fundada por Hanns Hieronimus y un grupo de dirigentes el 5 de septiembre de 1977, este s\u00e1bado, arriba a sus 49\u00ba a\u00f1os: \u201cSumando voluntades, fortaleciendo el deporte y haciendo historia\u201d.<\/strong><\/p>\n\n\n\n<p class=\"wp-block-paragraph\"><strong>\u201cHoy celebramos 49 a\u00f1os de historia, 49 a\u00f1os de una instituci\u00f3n que naci\u00f3 con el prop\u00f3sito de unir y fortalecer las asociaciones deportivas de Santiago, entendiendo que el desarrollo del deporte se construye cuando sus organizaciones trabajan juntas y caminan hacia un mismo prop\u00f3sito\u201d, reza un mensaje enviado por su actual presidenta, dirigente deportiva, Margarita J\u00e1quez.<\/strong><\/p>\n\n\n\n<figure class=\"wp-block-gallery has-nested-images columns-default is-cropped wp-block-gallery-1 is-layout-flex wp-block-gallery-is-layout-flex\">\n<figure class=\"wp-block-image\"><img decoding=\"async\" src=\"https:\/\/diariodominicano.com\/wp-content\/uploads\/2026\/09\/Margarita-Jaquez-796x1024.webp\" alt=\"La imagen actual no tiene texto alternativo. El nombre del archivo es: Margarita-Jaquez.webp\"\/><\/figure>\n<\/figure>\n\n\n\n<p class=\"wp-block-paragraph\"><strong>Agrega: \u201cDurante este camino, UDESA ha sido un espacio de encuentro, acompa\u00f1amiento y crecimiento para sus asociaciones afiliadas, una instituci\u00f3n cercana a quienes tienen la responsabilidad de dirigir, organizar y desarrollar cada disciplina deportiva, promoviendo su formaci\u00f3n, orientaci\u00f3n y fortalecimiento\u201d.<\/strong><\/p>\n\n\n\n<figure class=\"wp-block-image\"><img decoding=\"async\" src=\"https:\/\/diariodominicano.com\/wp-content\/uploads\/2026\/09\/Escudo-de-UDESA-942x1024.webp\" alt=\"La imagen actual no tiene texto alternativo. El nombre del archivo es: Escudo-de-UDESA.webp\"\/><\/figure>\n\n\n\n<p class=\"wp-block-paragraph\"><strong>Manifiesta que: \u201cPorque cuando una asociaci\u00f3n se fortalece, tambi\u00e9n lo hace su disciplina, al formarse un dirigente, crece su organizaci\u00f3n, y, cuando las asociaciones trabajan unidas, se agiganta el deporte de Santiago\u201d.<\/strong><\/p>\n\n\n\n<p class=\"wp-block-paragraph\"><strong>\u201cEsa es parte esencial de nuestra raz\u00f3n de ser: Acompa\u00f1ar a nuestras asociaciones, contribuir a su formaci\u00f3n, promover el cumplimiento de las leyes, normas y estatutos que rigen el deporte y crear espacios para compartir conocimientos, experiencias y buenas pr\u00e1cticas\u201d, apunt\u00f3 J\u00e1quez.<\/strong><\/p>\n\n\n\n<p class=\"wp-block-paragraph\"><strong>De igual manera, en su mensaje indica: \u201cPorque fortalecer una asociaci\u00f3n es fortalecer a su dirigencia, es acompa\u00f1ar al entrenador en su crecimiento y crear mejores oportunidades para que, el \u00a1Atleta! pueda desarrollarse y alcanzar sus metas\u201d.<\/strong><\/p>\n\n\n\n<p class=\"wp-block-paragraph\"><strong>Y agrega: \u201cDetr\u00e1s de cada asociaci\u00f3n hay personas que hacen posible esta historia, dirigentes que entregan su tiempo y esfuerzo, entrenadores que comparten sus conocimientos, familias que acompa\u00f1an y atletas que, con dedicaci\u00f3n y sue\u00f1os, dan sentido a todo este esfuerzo\u201d.<\/strong><\/p>\n\n\n\n<p class=\"wp-block-paragraph\"><strong>\u201cCuando cada uno de estos pilares se fortalece y trabaja unido, el resultado trasciende a cada persona y se convierte en crecimiento para todos, cuando la estructura funciona, gana el atleta, gana la disciplina y gana el deporte\u201d, dice emocionada la presidenta de UDESA.<\/strong><\/p>\n\n\n\n<p class=\"wp-block-paragraph\"><strong>Su mensaje sigue, diciendo: \u201cHoy miramos hacia atr\u00e1s con gratitud y hacia adelante con esperanza, porque cada a\u00f1o nos brinda nuevas oportunidades para seguir creciendo, aprendiendo y construyendo juntos, nuevos retos que asumir, nuevas experiencias que compartir y nuevos sue\u00f1os que acompa\u00f1ar\u201d.<\/strong><\/p>\n\n\n\n<p class=\"wp-block-paragraph\"><strong>\u201cPorque una historia de 49 a\u00f1os se construye honrando cada paso que nos ha tra\u00eddo hasta aqu\u00ed, reconociendo a quienes han dejado su huella y abrazando con ilusi\u00f3n todo lo que juntos podemos seguir construyendo\u201d, se\u00f1al\u00f3.<\/strong><\/p>\n\n\n\n<p class=\"wp-block-paragraph\"><strong>Finaliza el mensaje diciendo: \u201cQue estos 49 a\u00f1os nos inspiren a seguir creyendo en la fuerza de trabajar unidos en la formaci\u00f3n como herramienta de transformaci\u00f3n y en el deporte como un poderoso instrumento para formar mejores seres humanos.<\/strong><\/p>\n\n\n\n<p class=\"wp-block-paragraph\"><strong>49 a\u00f1os despu\u00e9s, seguimos siendo una comunidad que suma.<\/strong><\/p>\n\n\n\n<p class=\"wp-block-paragraph\"><strong>(UDESA fue fundada por Hanns Hieronimus y un grupo de dirigentes deportivos de Santiago, haci\u00e9ndola oficial el d\u00eda 5 de septiembre de 1977)<\/strong><\/p>\n\n\n\n<p class=\"wp-block-paragraph\"><strong>\u00a1Feliz 49 aniversario, UDESA!<\/strong><\/p>\n\n\n\n<p class=\"wp-block-paragraph\"><strong>\u00a1Somos Una Suma!<\/strong><\/p>\n","protected":false},"excerpt":{"rendered":"<p>\u00a1Feliz 49\u00ba aniversario, UDESA! \u00a1Somos Una Suma!&nbsp; SANTIAGO DE LOS CABALLEROS, Santiago, Rep\u00fablica Dominicana (04-09-2026).-&nbsp;La Uni\u00f3n Deportiva de Santiago, Inc. (UDESA), fundada por Hanns Hieronimus y un grupo de dirigentes el 5 de septiembre de 1977, este s\u00e1bado, arriba a sus 49\u00ba a\u00f1os: \u201cSumando voluntades, fortaleciendo el deporte y haciendo historia\u201d. \u201cHoy celebramos 49 a\u00f1os [&hellip;]<\/p>\n","protected":false},"author":7,"featured_media":694734,"comment_status":"closed","ping_status":"closed","sticky":false,"template":"","format":"standard","meta":{"footnotes":""},"categories":[1],"tags":[8265],"class_list":["post-694721","post","type-post","status-publish","format-standard","has-post-thumbnail","hentry","category-editorial","tag-uidesa"],"_links":{"self":[{"href":"https:\/\/diariodominicano.com\/index.php?rest_route=\/wp\/v2\/posts\/694721","targetHints":{"allow":["GET"]}}],"collection":[{"href":"https:\/\/diariodominicano.com\/index.php?rest_route=\/wp\/v2\/posts"}],"about":[{"href":"https:\/\/diariodominicano.com\/index.php?rest_route=\/wp\/v2\/types\/post"}],"author":[{"embeddable":true,"href":"https:\/\/diariodominicano.com\/index.php?rest_route=\/wp\/v2\/users\/7"}],"replies":[{"embeddable":true,"href":"https:\/\/diariodominicano.com\/index.php?rest_route=%2Fwp%2Fv2%2Fcomments&post=694721"}],"version-history":[{"count":1,"href":"https:\/\/diariodominicano.com\/index.php?rest_route=\/wp\/v2\/posts\/694721\/revisions"}],"predecessor-version":[{"id":694763,"href":"https:\/\/diariodominicano.com\/index.php?rest_route=\/wp\/v2\/posts\/694721\/revisions\/694763"}],"wp:featuredmedia":[{"embeddable":true,"href":"https:\/\/diariodominicano.com\/index.php?rest_route=\/wp\/v2\/media\/694734"}],"wp:attachment":[{"href":"https:\/\/diariodominicano.com\/index.php?rest_route=%2Fwp%2Fv2%2Fmedia&parent=694721"}],"wp:term":[{"taxonomy":"category","embeddable":true,"href":"https:\/\/diariodominicano.com\/index.php?rest_route=%2Fwp%2Fv2%2Fcategories&post=694721"},{"taxonomy":"post_tag","embeddable":true,"href":"https:\/\/diariodominicano.com\/index.php?rest_route=%2Fwp%2Fv2%2Ftags&post=694721"}],"curies":[{"name":"wp","href":"https:\/\/api.w.org\/{rel}","templated":true}]}}