{"id":694719,"date":"2026-09-04T23:35:52","date_gmt":"2026-09-05T03:35:52","guid":{"rendered":"https:\/\/diariodominicano.com\/?p=694719"},"modified":"2026-09-05T00:58:22","modified_gmt":"2026-09-05T04:58:22","slug":"ministerio-publico-inicia-presentacion-de-pruebas-testimoniales-contra-antonio-y-maribel-espaillat-en-el-caso-jet-set","status":"publish","type":"post","link":"https:\/\/diariodominicano.com\/?p=694719","title":{"rendered":"Ministerio P\u00fablico inicia presentaci\u00f3n de \u00abpruebas testimoniales\u00bb contra Antonio y Maribel Espaillat en el Caso Jet Set \u00a0"},"content":{"rendered":"\n<p class=\"wp-block-paragraph\"><strong>SANTO DOMINGO (Rep\u00fablica Dominicana).-&nbsp;El Ministerio P\u00fablico inici\u00f3 este viernes la presentaci\u00f3n de las pruebas testimoniales&nbsp; en el juicio seguido contra Antonio Espaillat y Maribel Espaillat, quienes son procesados por incurrir en homicidio involuntario y golpes y heridas involuntarias tras el colapso del techo del Jet Set, donde fallecieron 236 personas fallecidas y m\u00e1s de 180 heridas el 8 de abril de 2025.<\/strong><\/p>\n\n\n\n<p class=\"wp-block-paragraph\"><strong>En la jornada fueron presentados dos peritos, quienes mostraron los resultados del informe t\u00e9cnico pericial realizado al establecimiento luego de que ocurrieron los hechos, estableciendo, como consta en el expediente acusatorio, que la estructura colaps\u00f3 porque fue sobrecargada con diferentes aparatos, entre estos, equipos de climatizaci\u00f3n de gran volumen y tinacos de agua.<\/strong><\/p>\n\n\n\n<p class=\"wp-block-paragraph\"><strong>El ingeniero sismorresistente Leonardo de Jes\u00fas Reyes Madera, director de la Oficina Nacional de Evaluaci\u00f3n S\u00edsmica y Vulnerabilidad de Infraestructura y Edificaciones (Onesvie), explic\u00f3 que el techo solo estaba preparado para soportar unas 160 libras, pero que ten\u00eda m\u00e1s de 650 libras.<\/strong><\/p>\n\n\n\n<p class=\"wp-block-paragraph\"><strong>\u201cEso significa que solo a nivel del peso propio que deb\u00eda resistir, estaba excedido unas cinco veces el peso original; adem\u00e1s de eso, los techos no est\u00e1n para recibir cargas de esa naturaleza ni mucho menos lo que le llamamos cargas vivas (relacionados a todo lo que es m\u00f3vil)\u201d, dijo.<\/strong><\/p>\n\n\n\n<p class=\"wp-block-paragraph\"><strong>\u201cEn este caso nos encontramos con una cantidad de unidades de aire, tanques de agua, equipos, casetas\u201d, dijo al explicar que lo pudieron rastrear desde el 2011 hasta el 2025 a trav\u00e9s de Google Earth, donde se puede ver c\u00f3mo fueron vari\u00e1ndose y aument\u00e1ndose esas cargas vivas que excede en mucho las 220 libras por metros cuadrados que est\u00e1n establecidas por norma.<\/strong><\/p>\n\n\n\n<p class=\"wp-block-paragraph\"><strong>Detall\u00f3 que del 2011 al 2025 el techo se fue variando, iniciando en el 2011 visiblemente con siete elementos, despu\u00e9s en el 2017 ten\u00eda 12 unidades, y entre 2017 y 2025 llegaron a 17 instalaciones visibles sobre el techo.<\/strong><\/p>\n\n\n\n<p class=\"wp-block-paragraph\"><strong>Dijo que previamente a la evaluaci\u00f3n consultaron con el Instituto Dominicano de Meteorolog\u00eda (Indomet), el Instituto de Sismolog\u00eda de la UASD y la Polic\u00eda Nacional para descartar otras posibles causas.<\/strong><\/p>\n\n\n\n<p class=\"wp-block-paragraph\"><strong>En la audiencia tambi\u00e9n compareci\u00f3 M\u00e1ximo Jos\u00e9 Corominas Quezada, ingeniero civil con una especialidad en costo y en patolog\u00eda de las edificaciones, quien, igualmente, dijo que el colapso del Jet Set se produjo por sobrepeso.<\/strong><\/p>\n\n\n\n<p class=\"wp-block-paragraph\"><strong>Dijo que al establecimiento le hicieron ampliaciones y que crearon un mezzanine que fung\u00eda como la zona VIP. Adem\u00e1s, que en visita al establecimiento pudieron observar que hab\u00eda zonas donde todav\u00eda permanec\u00edan \u201clos finos\u201d del techo y que vieron con asombro que hab\u00edan cuatro capas \u201cde fino\u201d sobre la losas cuando solo deber\u00eda de haber una.<\/strong><\/p>\n\n\n\n<p class=\"wp-block-paragraph\"><strong>El Ministerio P\u00fablico estuvo representado en audiencia por el director general de Persecuci\u00f3n, Wilson Camacho; los fiscales litigantes Emmanuel Ram\u00edrez, Rosa Ysabel y Miguel Collado. De la Fiscal\u00eda del Distrito Nacional, la fiscal Magali S\u00e1nchez.<\/strong><\/p>\n\n\n\n<p class=\"wp-block-paragraph\"><strong>El juez Franny Gonz\u00e1lez, de la Cuarta Sala de la C\u00e1mara Penal del Juzgado de Primera Instancia del Distrito Nacional, escuch\u00f3 a los peritos en la continuaci\u00f3n del juicio.<\/strong><\/p>\n\n\n\n<p class=\"wp-block-paragraph\"><strong>En el proceso el Ministerio P\u00fablico ha establecido que el techo recibi\u00f3 varias reparaciones superficiales, inadecuadas e insuficientes para la necesidad que ameritaba el mismo y para evitar que el local se convirtiera en una fuente de peligro.<\/strong><\/p>\n\n\n\n<p class=\"wp-block-paragraph\"><strong>Los representantes del Ministerio P\u00fablico han indicado que demostrar\u00e1n en el proceso, con diferentes pruebas, que lo ocurrido la madrugada del 8 de abril del a\u00f1o 2025, no puede ser explicado como un simple accidente, ni como un hecho completamente imprevisible.<\/strong><\/p>\n\n\n\n<p class=\"wp-block-paragraph\"><strong>Asimismo, que existi\u00f3 un conjunto de condiciones estructurales, modificaciones, sobrecargas y se\u00f1ales del da\u00f1o progresivo, que fueron conocidas por quienes ten\u00edan responsabilidad y control sobre la operaci\u00f3n del establecimiento.<\/strong><\/p>\n\n\n\n<p class=\"wp-block-paragraph\"><strong>El desplome del techo del Jet Set, la discoteca ubicada en la avenida Independencia, en el sector El Portal, del Distrito Nacional, se produjo en horas de la madrugada del 8 de abril de 2025.<\/strong><\/p>\n\n\n\n<p class=\"wp-block-paragraph\"><strong>El juez Gonz\u00e1lez dispuso la celebraci\u00f3n de la audiencia todos los viernes. Luego de completar la agenda de la jornada de este viernes, el juicio fue aplazado hasta el pr\u00f3ximo 11 de septiembre.<\/strong><\/p>\n\n\n\n<p class=\"wp-block-paragraph\"><strong>En la pr\u00f3xima audiencia los fiscales del \u00f3rgano acusador continuar\u00e1n con la presentaci\u00f3n de las pruebas testimoniales.<\/strong><\/p>\n\n\n\n<p class=\"wp-block-paragraph\"><strong>El expediente consta de 156 p\u00e1ginas e incluye 84 testigos, adem\u00e1s de peritajes de ingenier\u00eda sismorresistente y patol\u00f3gica.<\/strong><\/p>\n\n\n\n<p class=\"wp-block-paragraph\"><strong>Por razones de espacio, debido a la cantidad de v\u00edctimas y querellantes, la audiencia se celebra en la sala del Primer Tribunal Colegiado del Distrito Nacional.<\/strong><\/p>\n\n\n\n<p class=\"wp-block-paragraph\"><strong>Direcci\u00f3n General de Comunicaci\u00f3n, Prensa y RRPP<\/strong><\/p>\n\n\n\n<p class=\"wp-block-paragraph\"><strong>Ministerio P\u00fablico RD<\/strong><\/p>\n\n\n\n<p class=\"wp-block-paragraph\">Comunicaciones PGR <a href=\"mailto:comunicaciones@pgr.gob.do\">comunicaciones@pgr.gob.do<\/a><\/p>\n","protected":false},"excerpt":{"rendered":"<p>SANTO DOMINGO (Rep\u00fablica Dominicana).-&nbsp;El Ministerio P\u00fablico inici\u00f3 este viernes la presentaci\u00f3n de las pruebas testimoniales&nbsp; en el juicio seguido contra Antonio Espaillat y Maribel Espaillat, quienes son procesados por incurrir en homicidio involuntario y golpes y heridas involuntarias tras el colapso del techo del Jet Set, donde fallecieron 236 personas fallecidas y m\u00e1s de 180 [&hellip;]<\/p>\n","protected":false},"author":7,"featured_media":670727,"comment_status":"open","ping_status":"closed","sticky":false,"template":"","format":"standard","meta":{"footnotes":""},"categories":[24,29],"tags":[8256,2211,171],"class_list":["post-694719","post","type-post","status-publish","format-standard","has-post-thumbnail","hentry","category-justicia-y-derecho","category-policiasucesos","tag-antonio-y-maribel-espaillat","tag-jet-set","tag-ministerio-publico"],"_links":{"self":[{"href":"https:\/\/diariodominicano.com\/index.php?rest_route=\/wp\/v2\/posts\/694719","targetHints":{"allow":["GET"]}}],"collection":[{"href":"https:\/\/diariodominicano.com\/index.php?rest_route=\/wp\/v2\/posts"}],"about":[{"href":"https:\/\/diariodominicano.com\/index.php?rest_route=\/wp\/v2\/types\/post"}],"author":[{"embeddable":true,"href":"https:\/\/diariodominicano.com\/index.php?rest_route=\/wp\/v2\/users\/7"}],"replies":[{"embeddable":true,"href":"https:\/\/diariodominicano.com\/index.php?rest_route=%2Fwp%2Fv2%2Fcomments&post=694719"}],"version-history":[{"count":2,"href":"https:\/\/diariodominicano.com\/index.php?rest_route=\/wp\/v2\/posts\/694719\/revisions"}],"predecessor-version":[{"id":694731,"href":"https:\/\/diariodominicano.com\/index.php?rest_route=\/wp\/v2\/posts\/694719\/revisions\/694731"}],"wp:featuredmedia":[{"embeddable":true,"href":"https:\/\/diariodominicano.com\/index.php?rest_route=\/wp\/v2\/media\/670727"}],"wp:attachment":[{"href":"https:\/\/diariodominicano.com\/index.php?rest_route=%2Fwp%2Fv2%2Fmedia&parent=694719"}],"wp:term":[{"taxonomy":"category","embeddable":true,"href":"https:\/\/diariodominicano.com\/index.php?rest_route=%2Fwp%2Fv2%2Fcategories&post=694719"},{"taxonomy":"post_tag","embeddable":true,"href":"https:\/\/diariodominicano.com\/index.php?rest_route=%2Fwp%2Fv2%2Ftags&post=694719"}],"curies":[{"name":"wp","href":"https:\/\/api.w.org\/{rel}","templated":true}]}}