{"id":694707,"date":"2026-09-04T12:15:04","date_gmt":"2026-09-04T16:15:04","guid":{"rendered":"https:\/\/diariodominicano.com\/?p=694707"},"modified":"2026-09-04T12:15:12","modified_gmt":"2026-09-04T16:15:12","slug":"club-villa-carmen-reune-423-atletas-en-su-7mo-torneo-aniversario-y-reafirma-su-posicionamiento-deportivo-en-santo-domingo-este","status":"publish","type":"post","link":"https:\/\/diariodominicano.com\/?p=694707","title":{"rendered":"Club Villa Carmen re\u00fane 423 atletas en su 7mo Torneo Aniversario y reafirma su posicionamiento deportivo en Santo Domingo Este"},"content":{"rendered":"\n<p class=\"wp-block-paragraph\">diariodominicano.com<\/p>\n\n\n\n<p class=\"wp-block-paragraph\">Santo Domingo Este, 4 de septiembre, 2026.-  El Club Deportivo y Cultural Villa Carmen culmin\u00f3 con \u00e9xito la celebraci\u00f3n de su 7mo Torneo Aniversario 2026, reuniendo a 423 atletas en sus modalidades invitacional e interna, en una edici\u00f3n caracterizada por la organizaci\u00f3n, la competencia, la formaci\u00f3n y una significativa capacidad de convocatoria.<\/p>\n\n\n\n<p class=\"wp-block-paragraph\">El evento cont\u00f3 con 321 atletas en la modalidad invitacional y 102 atletas en la modalidad interna, convirti\u00e9ndose en un importante escenario de integraci\u00f3n entre clubes, entrenadores y atletas de diferentes categor\u00edas.<\/p>\n\n\n\n<p class=\"wp-block-paragraph\"><strong>Campeones y destacada actuaci\u00f3n de Villa Carmen<\/strong><\/p>\n\n\n\n<p class=\"wp-block-paragraph\">En la modalidad invitacional se coronaron campeones el Club Deportivo Mendoza, en Intermedio 2012; Club Deportivo Falcon \u2013 Ozoria Liz, en Juvenil Femenino 2007; Fenerbahce A, en Juvenil Masculino 2005; y el Club Deportivo Ra\u00fal Castro, en Superior Masculino.<\/p>\n\n\n\n<p class=\"wp-block-paragraph\">Como instituci\u00f3n anfitriona, Villa Carmen tambi\u00e9n tuvo una destacada actuaci\u00f3n competitiva, alcanzando cuatro posiciones de podio: subcampeonato con Villa Carmen B y tercer lugar con Villa Carmen A en Intermedio 2012; tercer lugar en Juvenil Femenino 2007 y tercer lugar en Superior Masculino.<\/p>\n\n\n\n<p class=\"wp-block-paragraph\"><strong>Una cantera que contin\u00faa evolucionando<\/strong><\/p>\n\n\n\n<p class=\"wp-block-paragraph\">Uno de los aspectos de mayor satisfacci\u00f3n para la instituci\u00f3n fue el desempe\u00f1o de sus categor\u00edas internas menores, integradas por atletas que se encuentran principalmente en etapas de desarrollo y aprendizaje de los fundamentos del voleibol.<\/p>\n\n\n\n<p class=\"wp-block-paragraph\">Durante el 2026 estos grupos han mostrado una evoluci\u00f3n satisfactoria, fruto del trabajo continuo de formaci\u00f3n que desarrolla el club. El torneo permiti\u00f3 observar esos avances en un escenario competitivo y brindarles a los atletas la oportunidad de poner en pr\u00e1ctica los conocimientos adquiridos durante sus entrenamientos.<\/p>\n\n\n\n<p class=\"wp-block-paragraph\">En la modalidad interna se proclamaron campeones el Equipo C, en Minivoley 6-9 a\u00f1os; Equipo D, en Minivoley 10-12 a\u00f1os; Equipo C \u2013 Grupo Larimar, en Infantil 14-17 a\u00f1os; Team Chucho, en Juvenil Masculino; y Team Mariana, en Libre Femenino.<\/p>\n\n\n\n<p class=\"wp-block-paragraph\"><strong>Convocatoria, organizaci\u00f3n y crecimiento institucional<\/strong><\/p>\n\n\n\n<p class=\"wp-block-paragraph\">La participaci\u00f3n de 423 atletas constituye para Villa Carmen una muestra de la capacidad de convocatoria que ha venido construyendo la instituci\u00f3n y fortalece su posicionamiento como club referente dentro del deporte de Santo Domingo Este.<\/p>\n\n\n\n<p class=\"wp-block-paragraph\">A la respuesta de atletas y clubes se sum\u00f3 el desarrollo organizado de las diferentes jornadas, procurando mantener el orden, la coordinaci\u00f3n de los encuentros y las condiciones necesarias para el desenvolvimiento de los participantes.<\/p>\n\n\n\n<p class=\"wp-block-paragraph\">Para el Club Villa Carmen, el \u00e9xito de esta s\u00e9ptima edici\u00f3n no se mide \u00fanicamente por los resultados obtenidos en cancha, sino tambi\u00e9n por su capacidad para formar atletas desde las bases, competir, convocar, organizar y generar espacios de integraci\u00f3n deportiva.<\/p>\n\n\n\n<p class=\"wp-block-paragraph\">\u201cPara nosotros, formar es tan importante como competir. Ver la evoluci\u00f3n de nuestras categor\u00edas de desarrollo, alcanzar cuatro posiciones de podio en la modalidad invitacional y comprobar la capacidad que tiene Villa Carmen para convocar y organizar un evento de esta magnitud nos confirma que estamos avanzando. Nuestro compromiso es continuar fortaleciendo el deporte y creando oportunidades para nuestros atletas.\u201d<\/p>\n\n\n\n<p class=\"wp-block-paragraph\">Con siete a\u00f1os de trayectoria, el Club Deportivo y Cultural Villa Carmen contin\u00faa apostando por la formaci\u00f3n, la disciplina, la competencia y el desarrollo deportivo, fortaleciendo sus categor\u00edas desde la base y reafirmando su compromiso con la ni\u00f1ez y la juventud de su comunidad y de Santo Domingo Este.<\/p>\n\n\n\n<p class=\"wp-block-paragraph\">La instituci\u00f3n agradece a los atletas, clubes participantes, entrenadores, familias, colaboradores y personal de apoyo que hicieron posible esta s\u00e9ptima edici\u00f3n, as\u00ed como a la Fundaci\u00f3n Quiero Ver un Ni\u00f1o Feliz por su colaboraci\u00f3n con el evento.<\/p>\n\n\n\n<figure class=\"wp-block-table\"><table class=\"has-fixed-layout\"><tbody><tr><td class=\"has-text-align-left\" data-align=\"left\"><strong>francisco camilo<\/strong><\/td><\/tr><\/tbody><\/table><\/figure>\n\n\n\n<p class=\"wp-block-paragraph\">Club Deportivo y Cultural Villa Carmen<\/p>\n\n\n\n<p class=\"wp-block-paragraph\">&nbsp;Santo Domingo Este, Rep\u00fablica Dominicana<\/p>\n","protected":false},"excerpt":{"rendered":"<p>diariodominicano.com Santo Domingo Este, 4 de septiembre, 2026.- El Club Deportivo y Cultural Villa Carmen culmin\u00f3 con \u00e9xito la celebraci\u00f3n de su 7mo Torneo Aniversario 2026, reuniendo a 423 atletas en sus modalidades invitacional e interna, en una edici\u00f3n caracterizada por la organizaci\u00f3n, la competencia, la formaci\u00f3n y una significativa capacidad de convocatoria. El evento [&hellip;]<\/p>\n","protected":false},"author":5,"featured_media":694708,"comment_status":"closed","ping_status":"closed","sticky":false,"template":"","format":"standard","meta":{"footnotes":""},"categories":[17,27],"tags":[],"class_list":["post-694707","post","type-post","status-publish","format-standard","has-post-thumbnail","hentry","category-deportes","category-portada"],"_links":{"self":[{"href":"https:\/\/diariodominicano.com\/index.php?rest_route=\/wp\/v2\/posts\/694707","targetHints":{"allow":["GET"]}}],"collection":[{"href":"https:\/\/diariodominicano.com\/index.php?rest_route=\/wp\/v2\/posts"}],"about":[{"href":"https:\/\/diariodominicano.com\/index.php?rest_route=\/wp\/v2\/types\/post"}],"author":[{"embeddable":true,"href":"https:\/\/diariodominicano.com\/index.php?rest_route=\/wp\/v2\/users\/5"}],"replies":[{"embeddable":true,"href":"https:\/\/diariodominicano.com\/index.php?rest_route=%2Fwp%2Fv2%2Fcomments&post=694707"}],"version-history":[{"count":1,"href":"https:\/\/diariodominicano.com\/index.php?rest_route=\/wp\/v2\/posts\/694707\/revisions"}],"predecessor-version":[{"id":694709,"href":"https:\/\/diariodominicano.com\/index.php?rest_route=\/wp\/v2\/posts\/694707\/revisions\/694709"}],"wp:featuredmedia":[{"embeddable":true,"href":"https:\/\/diariodominicano.com\/index.php?rest_route=\/wp\/v2\/media\/694708"}],"wp:attachment":[{"href":"https:\/\/diariodominicano.com\/index.php?rest_route=%2Fwp%2Fv2%2Fmedia&parent=694707"}],"wp:term":[{"taxonomy":"category","embeddable":true,"href":"https:\/\/diariodominicano.com\/index.php?rest_route=%2Fwp%2Fv2%2Fcategories&post=694707"},{"taxonomy":"post_tag","embeddable":true,"href":"https:\/\/diariodominicano.com\/index.php?rest_route=%2Fwp%2Fv2%2Ftags&post=694707"}],"curies":[{"name":"wp","href":"https:\/\/api.w.org\/{rel}","templated":true}]}}