{"id":694702,"date":"2026-09-04T11:50:58","date_gmt":"2026-09-04T15:50:58","guid":{"rendered":"https:\/\/diariodominicano.com\/?p=694702"},"modified":"2026-09-04T11:51:46","modified_gmt":"2026-09-04T15:51:46","slug":"testigo-del-tiempo-escenario-posible-de-2028","status":"publish","type":"post","link":"https:\/\/diariodominicano.com\/?p=694702","title":{"rendered":"Testigo del tiempo; Escenario posible de 2028"},"content":{"rendered":"\n<p class=\"wp-block-paragraph\">diariodominicano.com<\/p>\n\n\n\n<p class=\"wp-block-paragraph\">\u00a0Por J.C. Malone<\/p>\n\n\n\n<p class=\"wp-block-paragraph\">New York, 4 de septiembre, 2026.- Faltando 20 meses para las elecciones de mayo de 2028, es buen momento para proyectar posibles escenarios pol\u00edticos, considerando los actores conocidos y los que surgir\u00e1n. Con base en el reporte de cada partido a la Junta Central Electoral, tenemos los \u201cn\u00fameros oficiales\u201d.<br>El Partido de la Liberaci\u00f3n Dominicana (PLD) tiene 2.1 millones de miembros; La Fuerza del Pueblo (FP), 2.0 millones, y el gobernante Partido Revolucionario Moderno (PRM), 1.5 millones. Seg\u00fan esa falacia, tienen 5.6 millones de inscritos, pero en las \u00faltimas elecciones solo votaron 4.4 millones; 1.2 millones no votaron por sus partidos, muy extra\u00f1o.<br>En 2028, los votantes se dividir\u00e1n entre esos tres partidos.<br>El PRM tiene menos militantes inscritos y la tasa m\u00e1s alta de rechazo, por el desgaste del poder. Las elecciones las ganar\u00e1 el PLD o la FP. Si votan 100 mil personas m\u00e1s que en 2024 y todos los del PRM votan por su partido, quedar\u00e1n 3.0 millones, divididos entre el PLD y el PRM.<br>\u00bfQu\u00e9 puede pasar?<br>Santiago Mat\u00edas (Alofoke) le quitar\u00e1 votos a la FP. Si el PLD logra que sus militantes voten por su partido, sin duda, ellos ganar\u00e1n las elecciones.<br>La embajadora Leah Campos tiene acercamientos con Gonzalo Castillo, el excandidato presidencial pelede\u00edsta, y con Alofoke; a Washington le interesar\u00eda controlar la principal estructura pol\u00edtica nacional: el PLD. Alofoke servir\u00eda para reducir las votaciones de la FP.<br>El pelede\u00edsta que gane las elecciones, tendr\u00e1 que escoger entre su lealtad al expresidente Danilo Medina y la embajada, sabemos que ocurrir\u00e1 ah\u00ed.<br>El presidente Luis Abinader y su partido perdieron el favor de Washington por su \u201cambig\u00fcedad estrat\u00e9gica\u00bb, por \u201cestar bien\u201d con Washington y los globalistas de Davos. Al expresidente<br>Leonel Fern\u00e1ndez, la embajadora le pregunt\u00f3 por qu\u00e9 quer\u00eda volver, despu\u00e9s de haber gobernado por 12 a\u00f1os. Sus razones fueron personales: \u201climpiar su imagen, enmendar errores cometidos\u00bb. Su proyecto es absolutamente personalista: autodescartado.<br>En pol\u00edtica, 20 meses son m\u00e1s que 20 vidas eternas; todo puede cambiar, cambiar\u00e1. Estos son solo escenarios posibles para 2028.<\/p>\n","protected":false},"excerpt":{"rendered":"<p>diariodominicano.com \u00a0Por J.C. Malone New York, 4 de septiembre, 2026.- Faltando 20 meses para las elecciones de mayo de 2028, es buen momento para proyectar posibles escenarios pol\u00edticos, considerando los actores conocidos y los que surgir\u00e1n. Con base en el reporte de cada partido a la Junta Central Electoral, tenemos los \u201cn\u00fameros oficiales\u201d.El Partido de [&hellip;]<\/p>\n","protected":false},"author":5,"featured_media":630598,"comment_status":"closed","ping_status":"closed","sticky":false,"template":"","format":"standard","meta":{"footnotes":""},"categories":[19,16,27],"tags":[],"class_list":["post-694702","post","type-post","status-publish","format-standard","has-post-thumbnail","hentry","category-mi-voz","category-opiniones","category-portada"],"_links":{"self":[{"href":"https:\/\/diariodominicano.com\/index.php?rest_route=\/wp\/v2\/posts\/694702","targetHints":{"allow":["GET"]}}],"collection":[{"href":"https:\/\/diariodominicano.com\/index.php?rest_route=\/wp\/v2\/posts"}],"about":[{"href":"https:\/\/diariodominicano.com\/index.php?rest_route=\/wp\/v2\/types\/post"}],"author":[{"embeddable":true,"href":"https:\/\/diariodominicano.com\/index.php?rest_route=\/wp\/v2\/users\/5"}],"replies":[{"embeddable":true,"href":"https:\/\/diariodominicano.com\/index.php?rest_route=%2Fwp%2Fv2%2Fcomments&post=694702"}],"version-history":[{"count":1,"href":"https:\/\/diariodominicano.com\/index.php?rest_route=\/wp\/v2\/posts\/694702\/revisions"}],"predecessor-version":[{"id":694703,"href":"https:\/\/diariodominicano.com\/index.php?rest_route=\/wp\/v2\/posts\/694702\/revisions\/694703"}],"wp:featuredmedia":[{"embeddable":true,"href":"https:\/\/diariodominicano.com\/index.php?rest_route=\/wp\/v2\/media\/630598"}],"wp:attachment":[{"href":"https:\/\/diariodominicano.com\/index.php?rest_route=%2Fwp%2Fv2%2Fmedia&parent=694702"}],"wp:term":[{"taxonomy":"category","embeddable":true,"href":"https:\/\/diariodominicano.com\/index.php?rest_route=%2Fwp%2Fv2%2Fcategories&post=694702"},{"taxonomy":"post_tag","embeddable":true,"href":"https:\/\/diariodominicano.com\/index.php?rest_route=%2Fwp%2Fv2%2Ftags&post=694702"}],"curies":[{"name":"wp","href":"https:\/\/api.w.org\/{rel}","templated":true}]}}