{"id":694693,"date":"2026-09-04T10:42:29","date_gmt":"2026-09-04T14:42:29","guid":{"rendered":"https:\/\/diariodominicano.com\/?p=694693"},"modified":"2026-09-05T01:02:43","modified_gmt":"2026-09-05T05:02:43","slug":"pldorden-de-la-boleta-de-la-consulta-del-pld","status":"publish","type":"post","link":"https:\/\/diariodominicano.com\/?p=694693","title":{"rendered":"PLD da a conocer Orden de la boleta de su Consulta"},"content":{"rendered":"\n<p class=\"wp-block-paragraph\">diariodominicano.com<\/p>\n\n\n\n<p class=\"wp-block-paragraph\">Santo Domingo, R. D., 4 de septiembre, 2026.-  <strong>La Comisi\u00f3n Organizadora de la Consulta sobre Aspirantes Presidenciales (CONAP-2026) del Partido de la Liberaci\u00f3n Dominicana (PLD)<\/strong>\u00a0dio a conocer mediante resoluci\u00f3n el orden y la numeraci\u00f3n de los aspirantes presidenciales en la boleta de la consulta, pautada para el 18 de octubre pr\u00f3ximo.<\/p>\n\n\n\n<p class=\"wp-block-paragraph\">Mediante la Resoluci\u00f3n n\u00fam. res-conap-2026-002-09-2026&nbsp;se establece, que la numeraci\u00f3n asignada a los aspirantes se hizo conforme al resultado de UN sorteo, en el que participaron la representaci\u00f3n de los aspirantes.<\/p>\n\n\n\n<p class=\"wp-block-paragraph\">\u201cSe hace constar que el sorteo fue celebrado el martes 1 de septiembre de 2026, en presencia de los representantes acreditados de los aspirantes presidenciales, conforme al acta levantada al efecto, la cual se anexa a la presente Resoluci\u00f3n y forma parte integrante de la misma\u201d, se detalla en el art\u00edculo Dos (2) de la citada resoluci\u00f3n.<\/p>\n\n\n\n<p class=\"wp-block-paragraph\">Conforme al resultado del sorteo el orden y numeraci\u00f3n de los aspirantes presidenciales en la boleta de la Consulta es: En el N\u00famero 1, Francisco Javier Garc\u00eda, en el N\u00famero 2., Luis de Le\u00f3n, en el N\u00famero 3.&nbsp; Manfred Mata, en el N\u00famero 4.&nbsp; Gonzalo Castillo, en el N\u00famero 5.&nbsp; Francisco Dom\u00ednguez Brito.<\/p>\n\n\n\n<p class=\"wp-block-paragraph\">En la Resoluci\u00f3n se hace la precisi\u00f3n que la numeraci\u00f3n regir\u00e1 de manera uniforme para la boleta f\u00edsica, para los sistemas y aplicaciones inform\u00e1ticas del proceso, para el sistema de c\u00f3mputo y transmisi\u00f3n de resultados y para todo material oficial de la Consulta, tanto en el territorio nacional como en las Seccionales del Exterior.<\/p>\n\n\n\n<p class=\"wp-block-paragraph\">El texto de la Resoluci\u00f3n ha sido comunicado por la CONAP-2026 a cada uno de los aspirantes presidenciales y a sus representantes acreditados, y publicada en los portales&nbsp; &nbsp;oficiales del PLD y sus redes sociales.<\/p>\n\n\n\n<p class=\"wp-block-paragraph\"><strong>SECRETARIA DE COMUNICACIONES<\/strong> PLD<\/p>\n\n\n\n<p class=\"wp-block-paragraph\"><strong>04 DE SEPTIEMBRE, 202<\/strong><\/p>\n","protected":false},"excerpt":{"rendered":"<p>diariodominicano.com Santo Domingo, R. D., 4 de septiembre, 2026.- La Comisi\u00f3n Organizadora de la Consulta sobre Aspirantes Presidenciales (CONAP-2026) del Partido de la Liberaci\u00f3n Dominicana (PLD)\u00a0dio a conocer mediante resoluci\u00f3n el orden y la numeraci\u00f3n de los aspirantes presidenciales en la boleta de la consulta, pautada para el 18 de octubre pr\u00f3ximo. Mediante la Resoluci\u00f3n [&hellip;]<\/p>\n","protected":false},"author":5,"featured_media":694694,"comment_status":"closed","ping_status":"closed","sticky":false,"template":"","format":"standard","meta":{"footnotes":""},"categories":[22,27],"tags":[175],"class_list":["post-694693","post","type-post","status-publish","format-standard","has-post-thumbnail","hentry","category-politica","category-portada","tag-pld"],"_links":{"self":[{"href":"https:\/\/diariodominicano.com\/index.php?rest_route=\/wp\/v2\/posts\/694693","targetHints":{"allow":["GET"]}}],"collection":[{"href":"https:\/\/diariodominicano.com\/index.php?rest_route=\/wp\/v2\/posts"}],"about":[{"href":"https:\/\/diariodominicano.com\/index.php?rest_route=\/wp\/v2\/types\/post"}],"author":[{"embeddable":true,"href":"https:\/\/diariodominicano.com\/index.php?rest_route=\/wp\/v2\/users\/5"}],"replies":[{"embeddable":true,"href":"https:\/\/diariodominicano.com\/index.php?rest_route=%2Fwp%2Fv2%2Fcomments&post=694693"}],"version-history":[{"count":2,"href":"https:\/\/diariodominicano.com\/index.php?rest_route=\/wp\/v2\/posts\/694693\/revisions"}],"predecessor-version":[{"id":694733,"href":"https:\/\/diariodominicano.com\/index.php?rest_route=\/wp\/v2\/posts\/694693\/revisions\/694733"}],"wp:featuredmedia":[{"embeddable":true,"href":"https:\/\/diariodominicano.com\/index.php?rest_route=\/wp\/v2\/media\/694694"}],"wp:attachment":[{"href":"https:\/\/diariodominicano.com\/index.php?rest_route=%2Fwp%2Fv2%2Fmedia&parent=694693"}],"wp:term":[{"taxonomy":"category","embeddable":true,"href":"https:\/\/diariodominicano.com\/index.php?rest_route=%2Fwp%2Fv2%2Fcategories&post=694693"},{"taxonomy":"post_tag","embeddable":true,"href":"https:\/\/diariodominicano.com\/index.php?rest_route=%2Fwp%2Fv2%2Ftags&post=694693"}],"curies":[{"name":"wp","href":"https:\/\/api.w.org\/{rel}","templated":true}]}}