{"id":694685,"date":"2026-09-04T09:48:39","date_gmt":"2026-09-04T13:48:39","guid":{"rendered":"https:\/\/diariodominicano.com\/?p=694685"},"modified":"2026-09-04T09:48:52","modified_gmt":"2026-09-04T13:48:52","slug":"mopc-anuncia-desvio-temporal-este-sabado-en-la-entrada-a-jarabacoa","status":"publish","type":"post","link":"https:\/\/diariodominicano.com\/?p=694685","title":{"rendered":"MOPC anuncia desv\u00edo temporal este s\u00e1bado en la entrada a Jarabacoa"},"content":{"rendered":"\n<p class=\"wp-block-paragraph\">diariodominicano.com<\/p>\n\n\n\n<p class=\"wp-block-paragraph\">Santo Domingo, R. D.,  4 de septiembre, 2026.- \u00a0<strong>El Ministerio de Obras P\u00fablicas y Comunicaciones<\/strong>\u00a0(MOPC) inform\u00f3 que este\u00a0<strong>s\u00e1bado 5\u00a0<\/strong>de septiembre se implementar\u00e1 un\u00a0<strong>desv\u00edo temporal<\/strong>\u00a0del tr\u00e1nsito en la\u00a0<strong>autopista Duarte con la v\u00eda Federico Basilis,<\/strong>\u00a0entrada a Jarabacoa, debido a los trabajos de colocaci\u00f3n de vigas del\u00a0<strong>nuevo puente.<\/strong><\/p>\n\n\n\n<p class=\"wp-block-paragraph\">Para el montaje se ejecutar\u00e1 un operativo de desv\u00edo del tr\u00e1nsito en la autopista Duarte,&nbsp;<strong>sentido norte-sur,<\/strong>&nbsp;donde los veh\u00edculos ser\u00e1n derivados hacia la marginal que conecta con&nbsp;<strong>La Vega, Jarabacoa y la zona franca<\/strong>, incorpor\u00e1ndose m\u00e1s adelante a la autopista en direcci\u00f3n a Santo Domingo.<\/p>\n\n\n\n<p class=\"wp-block-paragraph\">En el&nbsp;<strong>sentido sur-norte<\/strong>&nbsp;de la autopista Duarte, el tr\u00e1nsito continuar\u00e1 circulando sobre el puente; sin embargo, permanecer\u00e1 cerrado el acceso directo hacia Jarabacoa, la zona franca y La Vega, por lo que los conductores deber\u00e1n continuar su ruta&nbsp;<strong>hasta el retorno ubicado pr\u00f3ximo al pie del Santo Cerro.<\/strong><\/p>\n\n\n\n<p class=\"wp-block-paragraph\">En tanto que, los usuarios que transiten por la v\u00eda Federico Basilis&nbsp;<strong>con destino a Santiago y Santo Domingo<\/strong>&nbsp;ser\u00e1n desviados por la&nbsp;<strong>avenida Pedro A. Rivera<\/strong>, utilizando como rutas alternas la&nbsp;<strong>carretera Profesor Juan Bosch, el puente de Arenoso<\/strong>&nbsp;y la antigua&nbsp;<strong>carretera de Soto.<\/strong><\/p>\n\n\n\n<p class=\"wp-block-paragraph\">La circulaci\u00f3n debajo del puente permanecer\u00e1 cerrada&nbsp;<strong>durante cada maniobra<\/strong>. Las vigas llegar\u00e1n en grupos de dos unidades y, una vez colocadas sobre los capiteles y&nbsp;<strong>confirmadas las condiciones de seguridad,<\/strong>&nbsp;se reabrir\u00e1 el paso hasta la llegada del siguiente grupo.<\/p>\n\n\n\n<p class=\"wp-block-paragraph\">El plan de desv\u00edo se implementa en coordinaci\u00f3n de la&nbsp;<strong>Direcci\u00f3n General de Seguridad de Tr\u00e1nsito y Transporte Terrestre<\/strong>&nbsp;(Digesett) y la&nbsp;<strong>Comisi\u00f3n Militar y Policial<\/strong>&nbsp;(Comipol), con la finalidad de mantener la&nbsp;<strong>fluidez y seguridad<\/strong>&nbsp;en la zona.<\/p>\n\n\n\n<p class=\"wp-block-paragraph\">El MOPC agradece la comprensi\u00f3n de la ciudadan\u00eda y&nbsp;<strong>pide disculpas por los inconvenientes<\/strong>&nbsp;que estos trabajos puedan causar.&nbsp;<\/p>\n\n\n\n<p class=\"wp-block-paragraph\">Exhorta a los conductores a&nbsp;<strong>transitar con precauci\u00f3n<\/strong>, respetar las se\u00f1alizaciones y atender las orientaciones de las autoridades para mantener una&nbsp;<strong>movilidad segura<\/strong>&nbsp;para todos.<\/p>\n\n\n\n<p class=\"wp-block-paragraph\"><a href=\"https:\/\/presidencia.gob.do\/taxonomy\/term\/85\">MOPC<\/a><\/p>\n","protected":false},"excerpt":{"rendered":"<p>diariodominicano.com Santo Domingo, R. D., 4 de septiembre, 2026.- \u00a0El Ministerio de Obras P\u00fablicas y Comunicaciones\u00a0(MOPC) inform\u00f3 que este\u00a0s\u00e1bado 5\u00a0de septiembre se implementar\u00e1 un\u00a0desv\u00edo temporal\u00a0del tr\u00e1nsito en la\u00a0autopista Duarte con la v\u00eda Federico Basilis,\u00a0entrada a Jarabacoa, debido a los trabajos de colocaci\u00f3n de vigas del\u00a0nuevo puente. Para el montaje se ejecutar\u00e1 un operativo de desv\u00edo [&hellip;]<\/p>\n","protected":false},"author":5,"featured_media":694686,"comment_status":"closed","ping_status":"closed","sticky":false,"template":"","format":"standard","meta":{"footnotes":""},"categories":[20,27],"tags":[],"class_list":["post-694685","post","type-post","status-publish","format-standard","has-post-thumbnail","hentry","category-dominicana-hoy","category-portada"],"_links":{"self":[{"href":"https:\/\/diariodominicano.com\/index.php?rest_route=\/wp\/v2\/posts\/694685","targetHints":{"allow":["GET"]}}],"collection":[{"href":"https:\/\/diariodominicano.com\/index.php?rest_route=\/wp\/v2\/posts"}],"about":[{"href":"https:\/\/diariodominicano.com\/index.php?rest_route=\/wp\/v2\/types\/post"}],"author":[{"embeddable":true,"href":"https:\/\/diariodominicano.com\/index.php?rest_route=\/wp\/v2\/users\/5"}],"replies":[{"embeddable":true,"href":"https:\/\/diariodominicano.com\/index.php?rest_route=%2Fwp%2Fv2%2Fcomments&post=694685"}],"version-history":[{"count":1,"href":"https:\/\/diariodominicano.com\/index.php?rest_route=\/wp\/v2\/posts\/694685\/revisions"}],"predecessor-version":[{"id":694687,"href":"https:\/\/diariodominicano.com\/index.php?rest_route=\/wp\/v2\/posts\/694685\/revisions\/694687"}],"wp:featuredmedia":[{"embeddable":true,"href":"https:\/\/diariodominicano.com\/index.php?rest_route=\/wp\/v2\/media\/694686"}],"wp:attachment":[{"href":"https:\/\/diariodominicano.com\/index.php?rest_route=%2Fwp%2Fv2%2Fmedia&parent=694685"}],"wp:term":[{"taxonomy":"category","embeddable":true,"href":"https:\/\/diariodominicano.com\/index.php?rest_route=%2Fwp%2Fv2%2Fcategories&post=694685"},{"taxonomy":"post_tag","embeddable":true,"href":"https:\/\/diariodominicano.com\/index.php?rest_route=%2Fwp%2Fv2%2Ftags&post=694685"}],"curies":[{"name":"wp","href":"https:\/\/api.w.org\/{rel}","templated":true}]}}