{"id":694682,"date":"2026-09-04T08:38:18","date_gmt":"2026-09-04T12:38:18","guid":{"rendered":"https:\/\/diariodominicano.com\/?p=694682"},"modified":"2026-09-04T10:34:12","modified_gmt":"2026-09-04T14:34:12","slug":"infotep-impulsa-transformacion-del-sector-agropecuario-mediante-formacion-tecnico-profesional","status":"publish","type":"post","link":"https:\/\/diariodominicano.com\/?p=694682","title":{"rendered":"INFOTEP impulsa transformaci\u00f3n del sector agropecuario mediante formaci\u00f3n t\u00e9cnico profesional"},"content":{"rendered":"\n<p class=\"wp-block-paragraph\">diariodominicano.com<\/p>\n\n\n\n<p class=\"wp-block-paragraph\">B\u00e1varo, La Altagracia, R. D.,  4 de septiembre, 2026.-\u00a0<strong>El Instituto Nacional de Formaci\u00f3n T\u00e9cnico Profesional<\/strong>\u00a0(Infotep) impulsa la\u00a0<strong>transformaci\u00f3n y competitividad<\/strong>\u00a0del sector\u00a0<strong>agropecuario\u00a0<\/strong>dominicano mediante una oferta de formaci\u00f3n especializada que incorpora\u00a0<strong>nuevas tecnolog\u00edas<\/strong>\u00a0y responde a las necesidades de productores y empresas, afirm\u00f3 su directora general,\u00a0<strong>Maira Morla Pineda.<\/strong><\/p>\n\n\n\n<p class=\"wp-block-paragraph\">Al participar en el&nbsp;<strong>XXVIII Encuentro Nacional de L\u00edderes del Sector Agropecuario<\/strong>, organizado por la&nbsp;<strong>Junta Agroempresarial Dominicana<\/strong>&nbsp;(JAD), Morla Pineda inform\u00f3 que el Infotep dispone actualmente de&nbsp;<strong>94 programas formativos<\/strong>&nbsp;dise\u00f1ados espec\u00edficamente para el&nbsp;<strong>sector agropecuario y la agroindustria<\/strong>, de los cuales 75 corresponden a ofertas tradicionales y 19 son nuevas especialidades vinculadas con la&nbsp;<strong>alta tecnolog\u00eda y la Industria 4.0.<\/strong><\/p>\n\n\n\n<p class=\"wp-block-paragraph\">Explic\u00f3 que esta oferta incluye formaci\u00f3n en agricultura de precisi\u00f3n,&nbsp;<strong>agrom\u00e1tica,<\/strong>&nbsp;<strong>agrob\u00f3tica, uso de drones<\/strong>, riego por goteo automatizado, sensores de humedad del suelo,&nbsp;<strong>GPS agr\u00edcola<\/strong>, estaciones meteorol\u00f3gicas digitales y software de monitoreo, entre otras herramientas aplicadas a la producci\u00f3n.<\/p>\n\n\n\n<p class=\"wp-block-paragraph\"><em>\u201cEstas nuevas ofertas formativas responden directamente a los acuerdos con el sector agropecuario y a las necesidades que ustedes mismos han planteado<\/em>\u201d, sostuvo la directora general.<\/p>\n\n\n\n<p class=\"wp-block-paragraph\">Morla Pineda resalt\u00f3 que la formaci\u00f3n tambi\u00e9n abarca la agroindustria y el valor agregado, con programas sobre procesamiento de alimentos, manejo de poscosecha, empaque y clasificaci\u00f3n para exportaci\u00f3n, gesti\u00f3n de la cadena de fr\u00edo y administraci\u00f3n de agronegocios, incluyendo costos de producci\u00f3n y&nbsp;<strong>emprendimiento rural<\/strong>.&nbsp;<em>\u201cFormamos para que el productor tambi\u00e9n sea un buen empresario\u201d,<\/em>&nbsp;afirm\u00f3.<\/p>\n\n\n\n<p class=\"wp-block-paragraph\"><strong>M\u00e1s de 27,000 egresados<\/strong><\/p>\n\n\n\n<p class=\"wp-block-paragraph\">Morla Pineda destac\u00f3 que esta oferta se traduce en resultados concretos, afirmando que, entre 2020 y julio de 2026,&nbsp;<strong>27,751 participantes<\/strong>&nbsp;egresaron de programas vinculados con el sector agr\u00edcola a nivel nacional, mediante&nbsp;<strong>1,657 acciones formativas.<\/strong><\/p>\n\n\n\n<p class=\"wp-block-paragraph\">La mayor cantidad de egresados corresponde a programas de&nbsp;<strong>agricultura en general y producci\u00f3n agr\u00edcola<\/strong>, mientras que entre las acciones formativas de mayor demanda figuran producci\u00f3n de hortalizas, injerto de plantas frutales, producci\u00f3n de huertos urbanos ecol\u00f3gicos, acuicultura en peque\u00f1a escala, conservaci\u00f3n de recursos naturales y producci\u00f3n de cultivos y abonos org\u00e1nicos.<\/p>\n\n\n\n<p class=\"wp-block-paragraph\">Sostuvo que estos resultados permiten al Infotep identificar, junto con los productores, hacia d\u00f3nde debe orientarse la&nbsp;<strong>inversi\u00f3n en formaci\u00f3n t\u00e9cnico-profesional.<\/strong><\/p>\n\n\n\n<p class=\"wp-block-paragraph\"><em>\u201cEstas son cifras que representan gente real form\u00e1ndose para trabajar en sus empresas\u201d,<\/em>&nbsp;expres\u00f3.<\/p>\n\n\n\n<p class=\"wp-block-paragraph\"><strong>Formaci\u00f3n para los j\u00f3venes rurales<\/strong><\/p>\n\n\n\n<p class=\"wp-block-paragraph\">Como parte de esta visi\u00f3n, la directora general destac\u00f3 el acompa\u00f1amiento del Infotep al programa&nbsp;<strong>Prorural Joven<\/strong>, iniciativa que contempla la capacitaci\u00f3n de&nbsp;<strong>13,600 j\u00f3venes rurales,<\/strong>&nbsp;con \u00e9nfasis en mejorar su inserci\u00f3n laboral, y promover empleos y emprendimientos dignos.<\/p>\n\n\n\n<p class=\"wp-block-paragraph\">Asimismo, invit\u00f3 a las empresas&nbsp;<strong>agr\u00edcolas y pecuarias<\/strong>&nbsp;a convertirse en aliadas del Infotep, especialmente mediante la&nbsp;<strong>formaci\u00f3n dual,<\/strong>&nbsp;para contribuir a preparar el recurso humano que requiere el sector.<\/p>\n\n\n\n<p class=\"wp-block-paragraph\"><em>\u201cCada una de las empresas agr\u00edcolas y pecuarias que ustedes representan puede ser aliada del Infotep en la formaci\u00f3n del recurso humano que requiere\u201d,<\/em>&nbsp;afirm\u00f3 Morla Pineda.<\/p>\n\n\n\n<p class=\"wp-block-paragraph\">La funcionaria destac\u00f3, adem\u00e1s, la&nbsp;<strong>expansi\u00f3n<\/strong>&nbsp;de la infraestructura tecnol\u00f3gica del Infotep, al se\u00f1alar que la instituci\u00f3n pas\u00f3 de contar con ocho centros propios en agosto de 2020 a&nbsp;<strong>69 centros tecnol\u00f3gicos<\/strong>, acerc\u00e1ndose a la meta de 70 establecida para el per\u00edodo&nbsp;<strong>2025-2028.<\/strong><\/p>\n\n\n\n<p class=\"wp-block-paragraph\">Morla Pineda afirm\u00f3 que el reto es continuar articulando la formaci\u00f3n con las necesidades del sector productivo para que el agro dominicano disponga del&nbsp;<strong>talento humano capaz<\/strong>&nbsp;de asumir los cambios tecnol\u00f3gicos,&nbsp;<strong>elevar la productividad<\/strong>&nbsp;y generar mayor valor agregado.<\/p>\n\n\n\n<p class=\"wp-block-paragraph\"><a href=\"https:\/\/presidencia.gob.do\/taxonomy\/term\/108\">INFOTEP<\/a><\/p>\n","protected":false},"excerpt":{"rendered":"<p>diariodominicano.com B\u00e1varo, La Altagracia, R. D., 4 de septiembre, 2026.-\u00a0El Instituto Nacional de Formaci\u00f3n T\u00e9cnico Profesional\u00a0(Infotep) impulsa la\u00a0transformaci\u00f3n y competitividad\u00a0del sector\u00a0agropecuario\u00a0dominicano mediante una oferta de formaci\u00f3n especializada que incorpora\u00a0nuevas tecnolog\u00edas\u00a0y responde a las necesidades de productores y empresas, afirm\u00f3 su directora general,\u00a0Maira Morla Pineda. Al participar en el&nbsp;XXVIII Encuentro Nacional de L\u00edderes del Sector Agropecuario, [&hellip;]<\/p>\n","protected":false},"author":5,"featured_media":694683,"comment_status":"closed","ping_status":"closed","sticky":false,"template":"","format":"standard","meta":{"footnotes":""},"categories":[20,27],"tags":[],"class_list":["post-694682","post","type-post","status-publish","format-standard","has-post-thumbnail","hentry","category-dominicana-hoy","category-portada"],"_links":{"self":[{"href":"https:\/\/diariodominicano.com\/index.php?rest_route=\/wp\/v2\/posts\/694682","targetHints":{"allow":["GET"]}}],"collection":[{"href":"https:\/\/diariodominicano.com\/index.php?rest_route=\/wp\/v2\/posts"}],"about":[{"href":"https:\/\/diariodominicano.com\/index.php?rest_route=\/wp\/v2\/types\/post"}],"author":[{"embeddable":true,"href":"https:\/\/diariodominicano.com\/index.php?rest_route=\/wp\/v2\/users\/5"}],"replies":[{"embeddable":true,"href":"https:\/\/diariodominicano.com\/index.php?rest_route=%2Fwp%2Fv2%2Fcomments&post=694682"}],"version-history":[{"count":1,"href":"https:\/\/diariodominicano.com\/index.php?rest_route=\/wp\/v2\/posts\/694682\/revisions"}],"predecessor-version":[{"id":694684,"href":"https:\/\/diariodominicano.com\/index.php?rest_route=\/wp\/v2\/posts\/694682\/revisions\/694684"}],"wp:featuredmedia":[{"embeddable":true,"href":"https:\/\/diariodominicano.com\/index.php?rest_route=\/wp\/v2\/media\/694683"}],"wp:attachment":[{"href":"https:\/\/diariodominicano.com\/index.php?rest_route=%2Fwp%2Fv2%2Fmedia&parent=694682"}],"wp:term":[{"taxonomy":"category","embeddable":true,"href":"https:\/\/diariodominicano.com\/index.php?rest_route=%2Fwp%2Fv2%2Fcategories&post=694682"},{"taxonomy":"post_tag","embeddable":true,"href":"https:\/\/diariodominicano.com\/index.php?rest_route=%2Fwp%2Fv2%2Ftags&post=694682"}],"curies":[{"name":"wp","href":"https:\/\/api.w.org\/{rel}","templated":true}]}}