{"id":694667,"date":"2026-09-04T01:46:39","date_gmt":"2026-09-04T05:46:39","guid":{"rendered":"https:\/\/diariodominicano.com\/?p=694667"},"modified":"2026-09-04T01:47:23","modified_gmt":"2026-09-04T05:47:23","slug":"presidente-abinader-destaca-reduccion-de-la-pobreza-y-avances-sociales-y-economicos-de-republica-dominicana","status":"publish","type":"post","link":"https:\/\/diariodominicano.com\/?p=694667","title":{"rendered":"Presidente Abinader destaca reducci\u00f3n de la pobreza y avances sociales y econ\u00f3micos de Rep\u00fablica Dominicana"},"content":{"rendered":"\n<h3 class=\"wp-block-heading\">Alberto Caminero, director de Prensa de la Presidencia, resalta m\u00e1s de 2,000 obras ejecutadas y una inversi\u00f3n superior a RD 750,000 millones invertidos en obras.<\/h3>\n\n\n\n<p class=\"wp-block-paragraph\">3 de Septiembre 2026 <\/p>\n\n\n\n<figure class=\"wp-block-image\"><img decoding=\"async\" src=\"https:\/\/platform-cdn.sharethis.com\/img\/facebook.svg\" alt=\"facebook sharing button\"\/><\/figure>\n\n\n\n<figure class=\"wp-block-image\"><img decoding=\"async\" src=\"https:\/\/platform-cdn.sharethis.com\/img\/twitter.svg\" alt=\"twitter sharing button\"\/><\/figure>\n\n\n\n<figure class=\"wp-block-image\"><img decoding=\"async\" src=\"https:\/\/platform-cdn.sharethis.com\/img\/sharethis.svg\" alt=\"sharethis sharing button\"\/><\/figure>\n\n\n\n<p class=\"wp-block-paragraph\">Santo Domingo, RD.-\u00a0<strong>El presidente Luis Abinader<\/strong>\u00a0destac\u00f3 los\u00a0<strong>logros<\/strong>\u00a0alcanzados por la Rep\u00fablica Dominicana\u00a0<strong>en materia social y econ\u00f3mica\u00a0<\/strong>durante su gesti\u00f3n de Gobierno, entre ellos la\u00a0<strong>reducci\u00f3n significativa de la pobreza<\/strong>\u00a0y los avances hacia la\u00a0<strong>meta de hambre cero<\/strong>, pese a los efectos de la pandemia de\u00a0<strong>COVID-19\u00a0<\/strong>y las\u00a0<strong>crisis econ\u00f3micas internacionale<\/strong>s que han impactado al pa\u00eds en los \u00faltimos a\u00f1os.<\/p>\n\n\n\n<p class=\"wp-block-paragraph\">Durante la conferencia&nbsp;<strong>\u201cComunicando el relanzamiento del Gobierno\u201d,<\/strong>&nbsp;celebrada en el auditorio del Ministerio de Vivienda, H\u00e1bitat y Edificaciones (Mivhed) y organizada por la Direcci\u00f3n de Prensa del Presidente, el mandatario resalt\u00f3 adem\u00e1s el&nbsp;<strong>amplio programa de obras ejecutado<\/strong>&nbsp;por su administraci\u00f3n en&nbsp;<strong>todo el territorio nacional,<\/strong>&nbsp;desde comunidades apartadas hasta las principales provincias del pa\u00eds.<\/p>\n\n\n\n<p class=\"wp-block-paragraph\">En materia de&nbsp;<strong>seguridad y defensa<\/strong>, el presidente Luis Abinader afirm\u00f3 que la Rep\u00fablica Dominicana ha experimentado una&nbsp;<strong>transformaci\u00f3n significativa<\/strong>, al pasar de una posici\u00f3n de&nbsp;<em>\u201cretaguardia a una de vanguardia en materia militar\u201d.<\/em><\/p>\n\n\n\n<p class=\"wp-block-paragraph\">Destac\u00f3 que el pa\u00eds ya no solo adquiere equipos para sus cuerpos de seguridad, sino que tambi\u00e9n ha desarrollado&nbsp;<strong>capacidades para ensamblar y producir tecnolog\u00eda y equipamiento militar<\/strong>, lo que ha despertado el&nbsp;<strong>inter\u00e9s de otros pa\u00edses<\/strong>&nbsp;de la regi\u00f3n.<\/p>\n\n\n\n<p class=\"wp-block-paragraph\">En ese sentido, cit\u00f3 la reciente visita del presidente de Honduras,&nbsp;<strong>Nasry Asfura<\/strong>, quien conoci\u00f3 las capacidades de la&nbsp;<strong>Industria Militar Dominicana&nbsp;<\/strong>y manifest\u00f3 el inter\u00e9s de su Gobierno en&nbsp;<strong>adquirir aeronaves y veh\u00edculos blindados<\/strong>&nbsp;ensamblados en el pa\u00eds.&nbsp;<\/p>\n\n\n\n<p class=\"wp-block-paragraph\">El presidente Abinader tambi\u00e9n mencion\u00f3 el&nbsp;<strong>inter\u00e9s mostrado por el presidente de Guyana<\/strong>&nbsp;en las capacidades desarrolladas por la Rep\u00fablica Dominicana.<\/p>\n\n\n\n<p class=\"wp-block-paragraph\"><strong>Reducci\u00f3n de la pobreza y avances hacia hambre cero<\/strong><\/p>\n\n\n\n<p class=\"wp-block-paragraph\">El mandatario se\u00f1al\u00f3 que la&nbsp;<strong>pobreza<\/strong>, situada&nbsp;<strong>en 2019 cerca del 26 %,<\/strong>&nbsp;descendi\u00f3 hasta alrededor del&nbsp;<strong>16 %<\/strong>&nbsp;durante el primer trimestre de este a\u00f1o, al tiempo que afirm\u00f3 que&nbsp;<strong>el pa\u00eds ha logrado avanzar hacia la meta de hambre cero.<\/strong><\/p>\n\n\n\n<p class=\"wp-block-paragraph\">El mandatario sostuvo que el pr\u00f3ximo paso es&nbsp;<strong>mantener y profundizar estos avances,<\/strong>&nbsp;mediante&nbsp;<strong>pol\u00edticas p\u00fablicas<\/strong>&nbsp;orientadas a continuar mejorando las&nbsp;<strong>condiciones de vida<\/strong>&nbsp;de la poblaci\u00f3n.<\/p>\n\n\n\n<p class=\"wp-block-paragraph\">Asimismo, indic\u00f3 que la&nbsp;<strong>econom\u00eda dominicana&nbsp;<\/strong>registra un&nbsp;<strong>crecimiento acumulado de 4.5 %<\/strong>, acompa\u00f1ado de una mejor\u00eda de los salarios por encima de la inflaci\u00f3n.<\/p>\n\n\n\n<p class=\"wp-block-paragraph\">El jefe de Estado tambi\u00e9n resalt\u00f3 las inversiones realizadas en&nbsp;<strong>infraestructura y servicios p\u00fablicos<\/strong>, particularmente en el&nbsp;<strong>sector de salud<\/strong>, donde cit\u00f3 la construcci\u00f3n y modernizaci\u00f3n de hospitales en distintas provincias.<\/p>\n\n\n\n<p class=\"wp-block-paragraph\"><em>\u201cTenemos los n\u00fameros y los indicadores de nuestro lado\u201d,<\/em>&nbsp;sostuvo el presidente Abinader, al destacar que las obras y pol\u00edticas ejecutadas por el Gobierno han contribuido a mejorar las condiciones de vida de la poblaci\u00f3n y a fortalecer los servicios que ofrece el Estado.<\/p>\n\n\n\n<p class=\"wp-block-paragraph\"><strong>Bautista llama a comunicar los resultados del Gobierno<\/strong><\/p>\n\n\n\n<p class=\"wp-block-paragraph\">El ministro administrativo de la Presidencia,&nbsp;<strong>Andr\u00e9s Bautista<\/strong>, destac\u00f3 la importancia de que funcionarios y comunicadores asuman como una&nbsp;<strong>responsabilidad colectiva<\/strong>&nbsp;la tarea de&nbsp;<strong>informar a la ciudadan\u00eda sobre las obras, programas y acciones&nbsp;<\/strong>que impulsa el Gobierno.<\/p>\n\n\n\n<p class=\"wp-block-paragraph\">Bautista se\u00f1al\u00f3 que la poblaci\u00f3n debe conocer los&nbsp;<strong>resultados<\/strong>&nbsp;del trabajo que se realiza en las distintas provincias y llam\u00f3 a continuar fortaleciendo la comunicaci\u00f3n de las&nbsp;<strong>iniciativas que impactan positivamente a las comunidades.<\/strong><\/p>\n\n\n\n<p class=\"wp-block-paragraph\"><strong>Caminero destaca m\u00e1s de 2,000 obras<\/strong><\/p>\n\n\n\n<figure class=\"wp-block-image\"><img decoding=\"async\" src=\"https:\/\/presidencia.gob.do\/sites\/default\/files\/inline-images\/WhatsApp%20Image%202026-09-03%20at%203.09.49%20PM.jpeg\" alt=\"\"\/><\/figure>\n\n\n\n<p class=\"wp-block-paragraph\">El director de Prensa de la Presidencia,&nbsp;<strong>Alberto Caminero<\/strong>, destac\u00f3 el compromiso de los comunicadores de mantener informada a la ciudadan\u00eda sobre las ejecutorias del Gobierno y resalt\u00f3 que durante la gesti\u00f3n se han construido&nbsp;<strong>m\u00e1s de 2,000 obras, con una inversi\u00f3n superior a los RD 750,000 millones<\/strong>.<\/p>\n\n\n\n<p class=\"wp-block-paragraph\">Caminero exhort\u00f3 a los corresponsales y equipos de comunicaci\u00f3n a fortalecer la difusi\u00f3n de estos resultados en sus respectivas comunidades y provincias, utilizando&nbsp;<strong>las redes sociales y las nuevas herramientas digitales<\/strong>&nbsp;para acercar a la poblaci\u00f3n las obras y programas que desarrolla el Gobierno en todo el territorio nacional.<\/p>\n\n\n\n<p class=\"wp-block-paragraph\"><strong>Uso de nuevas tecnolog\u00edas<\/strong><\/p>\n\n\n\n<p class=\"wp-block-paragraph\">El director de Informaci\u00f3n y Prensa de la Presidencia,&nbsp;<strong>F\u00e9lix Reyna,<\/strong>&nbsp;destac\u00f3 la importancia de promover encuentros que permitan unificar esfuerzos, actualizar conocimientos y fortalecer la<strong>&nbsp;coordinaci\u00f3n entre los equipos de comunicaci\u00f3n del Gobierno.<\/strong><\/p>\n\n\n\n<p class=\"wp-block-paragraph\">Reyna exhort\u00f3 a comunicadores y corresponsales a contribuir con la&nbsp;<strong>difusi\u00f3n de las acciones y resultados de las distintas instituciones p\u00fablicas<\/strong>, aprovechando las nuevas tecnolog\u00edas y las plataformas digitales para llevar a la ciudadan\u00eda.<\/p>\n\n\n\n<p class=\"wp-block-paragraph\"><strong>Mensajes y unidad<\/strong><\/p>\n\n\n\n<figure class=\"wp-block-image\"><img decoding=\"async\" src=\"https:\/\/presidencia.gob.do\/sites\/default\/files\/inline-images\/WhatsApp%20Image%202026-09-03%20at%203.09.54%20PM%281%29.jpeg\" alt=\"\"\/><\/figure>\n\n\n\n<p class=\"wp-block-paragraph\"><strong>Abel Guzm\u00e1n Then,<\/strong>&nbsp;subdirector de Diecom, exhort\u00f3 a los corresponsales y voceros de comunicaci\u00f3n a mantenerse como&nbsp;<strong>un solo equipo unido<\/strong>&nbsp;para resaltar los logros y obras del Gobierno en las provincias.<\/p>\n\n\n\n<p class=\"wp-block-paragraph\"><strong>Los desaf\u00edos de la comunicaci\u00f3n gubernamental<\/strong><\/p>\n\n\n\n<p class=\"wp-block-paragraph\">Durante el conversatorio, el consultor en marketing pol\u00edtico&nbsp;<strong>Rafael Cerame<\/strong>&nbsp;resalt\u00f3 la importancia de comunicar de manera efectiva las pol\u00edticas, programas y obras ejecutadas por el Gobierno, al considerar que<strong>&nbsp;la comunicaci\u00f3n constituye un componente esencial de la gesti\u00f3n p\u00fablica.<\/strong><\/p>\n\n\n\n<p class=\"wp-block-paragraph\">Cerame explic\u00f3 que cuando los resultados de una administraci\u00f3n no llegan de forma clara y comprensible a la ciudadan\u00eda, se genera una brecha entre las acciones realizadas y la percepci\u00f3n de la poblaci\u00f3n sobre ellas.<\/p>\n\n\n\n<p class=\"wp-block-paragraph\"><strong>ITLA destaca impacto de la tecnolog\u00eda y la inteligencia artificial<\/strong><\/p>\n\n\n\n<p class=\"wp-block-paragraph\">En el marco de la actividad, el rector del Instituto Tecnol\u00f3gico de Las Am\u00e9ricas (ITLA),&nbsp;<strong>Jimmy Rosario<\/strong>, ofreci\u00f3 la conferencia&nbsp;<strong>\u201cComunicaci\u00f3n e Inteligencia Artificial\u201d<\/strong>, en la que abord\u00f3 el impacto de las nuevas tecnolog\u00edas en los procesos de comunicaci\u00f3n y las&nbsp;<strong>oportunidades que estas herramientas representan para los profesionales.<\/strong><\/p>\n\n\n\n<p class=\"wp-block-paragraph\">Rosario destac\u00f3 que m\u00e1s del&nbsp;<strong>93 % de los egresados del ITLA se integran al mercado labora<\/strong>l, muchos de ellos sin necesidad de trasladarse de sus provincias, gracias a las oportunidades que ofrece el desarrollo de&nbsp;<strong>competencias tecnol\u00f3gicas<\/strong>.<\/p>\n\n\n\n<p class=\"wp-block-paragraph\">El rector&nbsp;<strong>defini\u00f3 la inteligencia artificial como<\/strong>&nbsp;<strong>un copiloto<\/strong>, al explicar que puede convertirse en una&nbsp;<strong>herramienta de apoyo<\/strong>&nbsp;para potenciar el trabajo humano y mejorar los procesos, siempre que sea utilizada de manera adecuada y responsable.<\/p>\n\n\n\n<p class=\"wp-block-paragraph\">La actividad cont\u00f3 con la participaci\u00f3n del ministro de Vivienda, H\u00e1bitat y Edificaciones,&nbsp;<strong>Jean Luis Rodr\u00edguez; Abel Jos\u00e9 Guzm\u00e1n Then<\/strong>, subdirector de Diecom, as\u00ed como funcionarios, comunicadores, corresponsales y representantes de los equipos de comunicaci\u00f3n de distintas instituciones del Gobierno.<\/p>\n\n\n\n<p class=\"wp-block-paragraph\"><a href=\"https:\/\/presidencia.gob.do\/taxonomy\/term\/58\">DIPP<\/a><\/p>\n","protected":false},"excerpt":{"rendered":"<p>Alberto Caminero, director de Prensa de la Presidencia, resalta m\u00e1s de 2,000 obras ejecutadas y una inversi\u00f3n superior a RD 750,000 millones invertidos en obras. 3 de Septiembre 2026 Santo Domingo, RD.-\u00a0El presidente Luis Abinader\u00a0destac\u00f3 los\u00a0logros\u00a0alcanzados por la Rep\u00fablica Dominicana\u00a0en materia social y econ\u00f3mica\u00a0durante su gesti\u00f3n de Gobierno, entre ellos la\u00a0reducci\u00f3n significativa de la pobreza\u00a0y [&hellip;]<\/p>\n","protected":false},"author":2,"featured_media":694668,"comment_status":"open","ping_status":"closed","sticky":false,"template":"","format":"standard","meta":{"footnotes":""},"categories":[18,27],"tags":[4105,8254],"class_list":["post-694667","post","type-post","status-publish","format-standard","has-post-thumbnail","hentry","category-economia","category-portada","tag-abinader","tag-destaca"],"_links":{"self":[{"href":"https:\/\/diariodominicano.com\/index.php?rest_route=\/wp\/v2\/posts\/694667","targetHints":{"allow":["GET"]}}],"collection":[{"href":"https:\/\/diariodominicano.com\/index.php?rest_route=\/wp\/v2\/posts"}],"about":[{"href":"https:\/\/diariodominicano.com\/index.php?rest_route=\/wp\/v2\/types\/post"}],"author":[{"embeddable":true,"href":"https:\/\/diariodominicano.com\/index.php?rest_route=\/wp\/v2\/users\/2"}],"replies":[{"embeddable":true,"href":"https:\/\/diariodominicano.com\/index.php?rest_route=%2Fwp%2Fv2%2Fcomments&post=694667"}],"version-history":[{"count":2,"href":"https:\/\/diariodominicano.com\/index.php?rest_route=\/wp\/v2\/posts\/694667\/revisions"}],"predecessor-version":[{"id":694670,"href":"https:\/\/diariodominicano.com\/index.php?rest_route=\/wp\/v2\/posts\/694667\/revisions\/694670"}],"wp:featuredmedia":[{"embeddable":true,"href":"https:\/\/diariodominicano.com\/index.php?rest_route=\/wp\/v2\/media\/694668"}],"wp:attachment":[{"href":"https:\/\/diariodominicano.com\/index.php?rest_route=%2Fwp%2Fv2%2Fmedia&parent=694667"}],"wp:term":[{"taxonomy":"category","embeddable":true,"href":"https:\/\/diariodominicano.com\/index.php?rest_route=%2Fwp%2Fv2%2Fcategories&post=694667"},{"taxonomy":"post_tag","embeddable":true,"href":"https:\/\/diariodominicano.com\/index.php?rest_route=%2Fwp%2Fv2%2Ftags&post=694667"}],"curies":[{"name":"wp","href":"https:\/\/api.w.org\/{rel}","templated":true}]}}