{"id":694660,"date":"2026-09-04T01:39:04","date_gmt":"2026-09-04T05:39:04","guid":{"rendered":"https:\/\/diariodominicano.com\/?p=694660"},"modified":"2026-09-04T01:39:13","modified_gmt":"2026-09-04T05:39:13","slug":"periodista-dominicano-en-ny-pone-a-circular-libro-en-amazon-y-barnes-noble","status":"publish","type":"post","link":"https:\/\/diariodominicano.com\/?p=694660","title":{"rendered":"Periodista dominicano en NY pone a circular libro en Amazon y Barnes &#038; Noble"},"content":{"rendered":"\n<p class=\"wp-block-paragraph\"><strong>Por Ram\u00f3n Mercedes<\/strong><\/p>\n\n\n\n<p class=\"wp-block-paragraph\"><strong>NUEVA YORK.<\/strong>\u2013 El periodista y escritor dominicano radicado en esta ciudad,&nbsp;<strong>Rom\u00e1n Polanco<\/strong>, puso en circulaci\u00f3n su libro&nbsp;<strong>\u00ab5 Esquinas NY, Testamento\u00bb<\/strong>.<\/p>\n\n\n\n<p class=\"wp-block-paragraph\">Polanco es uno de los periodistas quisqueyanos en la Gran Manzana que m\u00e1s se ha destacado por publicar diversas obras a lo largo de los a\u00f1os. Este nuevo libro constituye un testamento period\u00edstico construido desde la experiencia personal de quien estuvo presente, observ\u00f3, particip\u00f3 y decidi\u00f3 dejar constancia.<\/p>\n\n\n\n<p class=\"wp-block-paragraph\">NY sirve como el gran escenario desde el cual el autor contempla la pol\u00edtica, la cultura, la sociedad y la condici\u00f3n humana. A trav\u00e9s de cr\u00f3nicas, columnas y reflexiones, convierte los acontecimientos de una \u00e9poca en memoria escrita para las generaciones futuras.<\/p>\n\n\n\n<p class=\"wp-block-paragraph\">En sus p\u00e1ginas aparece simult\u00e1neamente como periodista, testigo y protagonista de momentos hist\u00f3ricos, como los atentados del 11 de septiembre de 2001 y la pandemia del COVID-19.<\/p>\n\n\n\n<p class=\"wp-block-paragraph\">La obra defiende un periodismo que pregunta, cuestiona y busca lo que muchas veces permanece detr\u00e1s de la noticia. Tambi\u00e9n insiste en no ser indiferentes ante la injusticia ni permitir que el paso del tiempo borre lo vivido.<\/p>\n\n\n\n<p class=\"wp-block-paragraph\">Su esencia, afirma el autor, es dejar un testimonio: \u00abYo estuve aqu\u00ed, viv\u00ed mi \u00e9poca, reflexion\u00e9 sobre ella y no quise dejar sus p\u00e1ginas en blanco\u00bb. Parte de una preocupaci\u00f3n fundamental, a\u00f1ade Polanco, es que muchas personas reciben informaci\u00f3n durante a\u00f1os sin haber aprendido primero c\u00f3mo aprender.<\/p>\n\n\n\n<p class=\"wp-block-paragraph\">El autor propone convertir palabras, nombres, fechas y n\u00fameros abstractos en asociaciones, im\u00e1genes y relaciones comprensibles para la mente. Explica que las \u00abgavetas\u00bb mentales, la imaginaci\u00f3n, la exageraci\u00f3n y ejercicios como 1492-357-816 transforman la memoria en una pr\u00e1ctica consciente.<\/p>\n\n\n\n<p class=\"wp-block-paragraph\">La atenci\u00f3n, afirma, es la primera puerta del aprendizaje: estudiar exige activar la mente, escuchar con atenci\u00f3n y, finalmente, analizar. El m\u00e9todo que propone surge de experiencias personales de alfabetizaci\u00f3n, ense\u00f1anza, participaci\u00f3n en seminarios, observaci\u00f3n y a\u00f1os de b\u00fasqueda independiente.<\/p>\n\n\n\n<p class=\"wp-block-paragraph\">Seg\u00fan Polanco, la pr\u00e1ctica genera logros, los logros fortalecen la confianza, y el compromiso convierte esas herramientas en parte de la vida cotidiana. En s\u00edntesis, sostiene que no basta con ense\u00f1ar contenidos; primero hay que ense\u00f1ar al ser humano a aprender por s\u00ed mismo.<\/p>\n\n\n\n<p class=\"wp-block-paragraph\">La obra fue publicada en espa\u00f1ol e ingl\u00e9s y, seg\u00fan inform\u00f3 el autor, pr\u00f3ximamente tambi\u00e9n estar\u00e1 disponible en mandar\u00edn.<\/p>\n","protected":false},"excerpt":{"rendered":"<p>Por Ram\u00f3n Mercedes NUEVA YORK.\u2013 El periodista y escritor dominicano radicado en esta ciudad,&nbsp;Rom\u00e1n Polanco, puso en circulaci\u00f3n su libro&nbsp;\u00ab5 Esquinas NY, Testamento\u00bb. Polanco es uno de los periodistas quisqueyanos en la Gran Manzana que m\u00e1s se ha destacado por publicar diversas obras a lo largo de los a\u00f1os. Este nuevo libro constituye un testamento [&hellip;]<\/p>\n","protected":false},"author":2,"featured_media":694661,"comment_status":"open","ping_status":"closed","sticky":false,"template":"","format":"standard","meta":{"footnotes":""},"categories":[21,27],"tags":[7665,8252],"class_list":["post-694660","post","type-post","status-publish","format-standard","has-post-thumbnail","hentry","category-cultura","category-portada","tag-periodista","tag-roman-polanco"],"_links":{"self":[{"href":"https:\/\/diariodominicano.com\/index.php?rest_route=\/wp\/v2\/posts\/694660","targetHints":{"allow":["GET"]}}],"collection":[{"href":"https:\/\/diariodominicano.com\/index.php?rest_route=\/wp\/v2\/posts"}],"about":[{"href":"https:\/\/diariodominicano.com\/index.php?rest_route=\/wp\/v2\/types\/post"}],"author":[{"embeddable":true,"href":"https:\/\/diariodominicano.com\/index.php?rest_route=\/wp\/v2\/users\/2"}],"replies":[{"embeddable":true,"href":"https:\/\/diariodominicano.com\/index.php?rest_route=%2Fwp%2Fv2%2Fcomments&post=694660"}],"version-history":[{"count":1,"href":"https:\/\/diariodominicano.com\/index.php?rest_route=\/wp\/v2\/posts\/694660\/revisions"}],"predecessor-version":[{"id":694662,"href":"https:\/\/diariodominicano.com\/index.php?rest_route=\/wp\/v2\/posts\/694660\/revisions\/694662"}],"wp:featuredmedia":[{"embeddable":true,"href":"https:\/\/diariodominicano.com\/index.php?rest_route=\/wp\/v2\/media\/694661"}],"wp:attachment":[{"href":"https:\/\/diariodominicano.com\/index.php?rest_route=%2Fwp%2Fv2%2Fmedia&parent=694660"}],"wp:term":[{"taxonomy":"category","embeddable":true,"href":"https:\/\/diariodominicano.com\/index.php?rest_route=%2Fwp%2Fv2%2Fcategories&post=694660"},{"taxonomy":"post_tag","embeddable":true,"href":"https:\/\/diariodominicano.com\/index.php?rest_route=%2Fwp%2Fv2%2Ftags&post=694660"}],"curies":[{"name":"wp","href":"https:\/\/api.w.org\/{rel}","templated":true}]}}