{"id":694653,"date":"2026-09-04T01:32:36","date_gmt":"2026-09-04T05:32:36","guid":{"rendered":"https:\/\/diariodominicano.com\/?p=694653"},"modified":"2026-09-04T01:32:39","modified_gmt":"2026-09-04T05:32:39","slug":"afirman-juegos-juan-pablo-duarte-usa-2027-seran-incluyentes-no-excluyentes","status":"publish","type":"post","link":"https:\/\/diariodominicano.com\/?p=694653","title":{"rendered":"Afirman Juegos Juan Pablo Duarte USA-2027 ser\u00e1n incluyentes, no excluyentes"},"content":{"rendered":"\n<p class=\"wp-block-paragraph\"><strong>Video:<\/strong><strong>&nbsp;<a href=\"https:\/\/www.youtube.com\/watch?v=ZY0uW-MTtB0\" rel=\"noreferrer noopener\" target=\"_blank\">https:\/\/www.youtube.com\/watch?v=ZY0uW-MTtB0<\/a><\/strong><\/p>\n\n\n\n<p class=\"wp-block-paragraph\"><strong>Por Ram\u00f3n Mercedes<\/strong><strong><\/strong><\/p>\n\n\n\n<p class=\"wp-block-paragraph\"><strong>NUEVA YORK.- El&nbsp;<\/strong><strong>presidente del Comit\u00e9 Organizador de los Juegos Deportivos Juan Pablo Duarte<\/strong><strong>&nbsp;en el Exterior, el empresario y deportista Roberto Rojas, afirm\u00f3 durante la&nbsp;<\/strong><strong>recien&nbsp;<\/strong><strong>clausura de la edici\u00f3n 2026, celebrada ante m\u00e1s de mil dominicanos en el condado de El Bronx, que los Juegos del 2027 ser\u00e1n incluyentes y no excluyentes.<\/strong><strong><\/strong><\/p>\n\n\n\n<p class=\"wp-block-paragraph\"><strong>En ese mismo sentido se expres\u00f3 la gloria del deporte dominicano y director de Deportes del Consulado Dominicano en&nbsp;<\/strong><strong>NY<\/strong><strong>, Jos\u00e9 \u201cEl Grillo\u201d Vargas, quien habl\u00f3 en representaci\u00f3n del c\u00f3nsul Jes\u00fas V\u00e1squez Mart\u00ednez.<\/strong><strong><\/strong><\/p>\n\n\n\n<p class=\"wp-block-paragraph\"><strong>Rojas manifest\u00f3: \u201cLos Juegos Juan Pablo Duarte fueron un \u00e9xito<\/strong><strong>\u201d<\/strong><strong>.&nbsp;<\/strong><strong>\u201c<\/strong><strong>Quiero dar las gracias a la comunidad, a la prensa, los dirigentes y al equipo t\u00e9cnico que se involucraron para hacer posible este gran evento\u201d.<\/strong><strong><\/strong><\/p>\n\n\n\n<p class=\"wp-block-paragraph\"><strong>\u201c<\/strong><strong>Y c<\/strong><strong>omo dijo Gabriel Balc\u00e1cer&nbsp;<\/strong><strong>\u201c<\/strong><strong>a quienes permanecieron en las gradas observando las competencias, la invitaci\u00f3n es oficial y masiva<\/strong><strong>\u201d<\/strong><strong>.&nbsp;<\/strong><strong>\u201c<\/strong><strong>El pr\u00f3ximo a\u00f1o estos Juegos se montar\u00e1n junto a la Uni\u00f3n Deportiva y con todos los que hasta ahora han estado fuera<\/strong><strong>\u201d<\/strong><strong>.<\/strong><strong><\/strong><\/p>\n\n\n\n<p class=\"wp-block-paragraph\"><strong>\u201c<\/strong><strong>La invitaci\u00f3n es para que entren todos, porque aqu\u00ed cabemos todos\u201d<\/strong><strong>, asever\u00f3 Rojas<\/strong><strong>.<\/strong><strong><\/strong><\/p>\n\n\n\n<p class=\"wp-block-paragraph\"><strong>Por su parte,<\/strong><strong>&nbsp;\u201cEl Grillo\u201d<\/strong><strong>&nbsp;Vargas, en nombre del c\u00f3nsul y del personal de la sede consular, expres\u00f3 su reconocimiento al comit\u00e9 organizador. \u201cHay que agradecerle a Rojas por la realizaci\u00f3n de estos segundos Juegos Juan Pablo Duarte en Estados Unidos<\/strong><strong>\u201d<\/strong><strong>.<\/strong><strong><\/strong><\/p>\n\n\n\n<p class=\"wp-block-paragraph\"><strong>\u201c<\/strong><strong>Los Juegos representaron un desaf\u00edo sin igual<\/strong><strong>\u201d<\/strong><strong>. Como todos saben, El Bronx fue escenario de numerosos acontecimientos mundiales mientras se desarrollaban estos Juegos; sin embargo, Roberto pudo haber desistido y no lo hizo\u201d, afirm\u00f3.<\/strong><strong><\/strong><\/p>\n\n\n\n<p class=\"wp-block-paragraph\"><strong>Agreg\u00f3 que, para muchos j\u00f3venes, fue un reto participar por primera vez en la organizaci\u00f3n de un evento de es<\/strong><strong>t<\/strong><strong>a magnitud y convertirlo en unos juegos hist\u00f3ricos.<\/strong><strong><\/strong><\/p>\n\n\n\n<p class=\"wp-block-paragraph\"><strong>\u201cCuando uno analiza todo lo que hubo que enfrentar, comprende que el mayor compromiso fue preservar la esencia de cada uno de nosotrs como dominicanos\u201d, indic\u00f3.<\/strong><strong><\/strong><\/p>\n\n\n\n<p class=\"wp-block-paragraph\"><strong>Vargas continu\u00f3&nbsp;<\/strong><strong>diciendo<\/strong><strong>: \u201cQuiero hacer una exhortaci\u00f3n, no una cr\u00edtica<\/strong><strong>\u201d<\/strong><strong>.&nbsp;<\/strong><strong>\u201c<\/strong><strong>Los Juegos Juan Pablo Duarte son el resultado del esfuerzo de muchos dominicanos, dirigentes, atletas y personas que trabajan por la juventud de nuestro pa\u00eds, por nuestra cultura y por preservar la esencia del dominicano<\/strong><strong>\u201d<\/strong><strong>.<\/strong><strong><\/strong><\/p>\n\n\n\n<p class=\"wp-block-paragraph\"><strong>\u201c<\/strong><strong>No pueden ser unos juegos exclusivos<\/strong><strong>\u201d<\/strong><strong>.&nbsp;<\/strong><strong>\u201c<\/strong><strong>Se\u00f1or presidente de la Uni\u00f3n Deportiva de N<\/strong><strong>Y<\/strong><strong>, tenemos que construir unos juegos verdaderamente inclusivos, no limitados \u00fanicamente a los socios de la Uni\u00f3n Deportiva.<\/strong><strong>\u201d<\/strong><strong><\/strong><strong><\/strong><\/p>\n\n\n\n<p class=\"wp-block-paragraph\"><strong>Debemos integrar tambi\u00e9n al sector privado.&nbsp;<\/strong><strong>\u201c<\/strong><strong>Tenemos que organizar unos juegos inclusivos con todos los dirigentes y agentes deportivos que entrenan a nuestros ni\u00f1os y trabajan en las diferentes comunidades.<\/strong><strong>\u201d<\/strong><strong><\/strong><strong><\/strong><\/p>\n\n\n\n<p class=\"wp-block-paragraph\"><strong>\u201c<\/strong><strong>Deben ser unos juegos abiertos para todos.<\/strong><strong>\u201d<\/strong><strong>&nbsp;<\/strong><strong>\u201c<\/strong><strong>Que estas palabras no sean interpretadas como una cr\u00edtica, sino como una exhortaci\u00f3n en favor de la unidad\u201d.<\/strong><strong><\/strong><\/p>\n\n\n\n<p class=\"wp-block-paragraph\"><strong>Para finalizar, subray\u00f3<\/strong><strong>&nbsp;Vargas<\/strong><strong>: \u201cLos dominicanos, cuando nos unimos, no solamente somos m\u00e1s; somos m\u00e1s fuertes<\/strong><strong>\u201d<\/strong><strong>.<\/strong><strong><\/strong><\/p>\n\n\n\n<p class=\"wp-block-paragraph\"><strong>Unidos nos hemos agigantado en Estados Unidos y en cualquier lugar donde residimos, gracias a nuestra dedicaci\u00f3n al trabajo y a nuestro esp\u00edritu comunitario.<\/strong><strong><\/strong><\/p>\n\n\n\n<p class=\"wp-block-paragraph\"><strong>\u201c<\/strong><strong>Nosotros, los deportistas, debemos encontrar el camino de la unidad y trabajar de manera conjunta<\/strong><strong>\u201d<\/strong><strong>.&nbsp;<\/strong><strong>\u201c<\/strong><strong>Roberto, una vez m\u00e1s, muchas gracias.<\/strong><strong>\u201d<\/strong><strong>&nbsp;<\/strong><strong>\u201c<\/strong><strong>Gracias tambi\u00e9n a los atletas y dirigentes por el esfuerzo realizado.<\/strong><strong>\u201d<\/strong><strong>&nbsp;<\/strong><strong>\u201c<\/strong><strong>Cuenten con nosotros\u201d<\/strong><strong>, puntualiz\u00f3.<\/strong><strong><\/strong><\/p>\n","protected":false},"excerpt":{"rendered":"<p>Video:&nbsp;https:\/\/www.youtube.com\/watch?v=ZY0uW-MTtB0 Por Ram\u00f3n Mercedes NUEVA YORK.- El&nbsp;presidente del Comit\u00e9 Organizador de los Juegos Deportivos Juan Pablo Duarte&nbsp;en el Exterior, el empresario y deportista Roberto Rojas, afirm\u00f3 durante la&nbsp;recien&nbsp;clausura de la edici\u00f3n 2026, celebrada ante m\u00e1s de mil dominicanos en el condado de El Bronx, que los Juegos del 2027 ser\u00e1n incluyentes y no excluyentes. En [&hellip;]<\/p>\n","protected":false},"author":2,"featured_media":694654,"comment_status":"open","ping_status":"closed","sticky":false,"template":"","format":"standard","meta":{"footnotes":""},"categories":[17,26],"tags":[8251],"class_list":["post-694653","post","type-post","status-publish","format-standard","has-post-thumbnail","hentry","category-deportes","category-efemerides","tag-juegos-juan-pablo-duarte"],"_links":{"self":[{"href":"https:\/\/diariodominicano.com\/index.php?rest_route=\/wp\/v2\/posts\/694653","targetHints":{"allow":["GET"]}}],"collection":[{"href":"https:\/\/diariodominicano.com\/index.php?rest_route=\/wp\/v2\/posts"}],"about":[{"href":"https:\/\/diariodominicano.com\/index.php?rest_route=\/wp\/v2\/types\/post"}],"author":[{"embeddable":true,"href":"https:\/\/diariodominicano.com\/index.php?rest_route=\/wp\/v2\/users\/2"}],"replies":[{"embeddable":true,"href":"https:\/\/diariodominicano.com\/index.php?rest_route=%2Fwp%2Fv2%2Fcomments&post=694653"}],"version-history":[{"count":1,"href":"https:\/\/diariodominicano.com\/index.php?rest_route=\/wp\/v2\/posts\/694653\/revisions"}],"predecessor-version":[{"id":694655,"href":"https:\/\/diariodominicano.com\/index.php?rest_route=\/wp\/v2\/posts\/694653\/revisions\/694655"}],"wp:featuredmedia":[{"embeddable":true,"href":"https:\/\/diariodominicano.com\/index.php?rest_route=\/wp\/v2\/media\/694654"}],"wp:attachment":[{"href":"https:\/\/diariodominicano.com\/index.php?rest_route=%2Fwp%2Fv2%2Fmedia&parent=694653"}],"wp:term":[{"taxonomy":"category","embeddable":true,"href":"https:\/\/diariodominicano.com\/index.php?rest_route=%2Fwp%2Fv2%2Fcategories&post=694653"},{"taxonomy":"post_tag","embeddable":true,"href":"https:\/\/diariodominicano.com\/index.php?rest_route=%2Fwp%2Fv2%2Ftags&post=694653"}],"curies":[{"name":"wp","href":"https:\/\/api.w.org\/{rel}","templated":true}]}}