{"id":694647,"date":"2026-09-04T01:25:12","date_gmt":"2026-09-04T05:25:12","guid":{"rendered":"https:\/\/diariodominicano.com\/?p=694647"},"modified":"2026-09-04T01:25:48","modified_gmt":"2026-09-04T05:25:48","slug":"china-conmemora-el-81o-aniversario-de-la-victoria-contra-la-agresion-japonesa-y-la-guerra-mundial-antifascista","status":"publish","type":"post","link":"https:\/\/diariodominicano.com\/?p=694647","title":{"rendered":"China conmemora el 81\u00ba aniversario de la victoria contra la Agresi\u00f3n Japonesa y la Guerra Mundial Antifascista"},"content":{"rendered":"\n<p class=\"wp-block-paragraph\"><em>spanish.news.cn<\/em>|<em>&nbsp;2026-09-04 08:14:01<\/em>|<\/p>\n\n\n\n<p class=\"wp-block-paragraph\">NANJING, 3 septiembre, 2026 (Xinhua) &#8212; Miembros del personal depositan ofrendas florales durante una ceremonia para conmemorar el 81\u00ba aniversario de la victoria en la Guerra de Resistencia del Pueblo Chino contra la Agresi\u00f3n Japonesa y la Guerra Mundial Antifascista en el Sal\u00f3n Conmemorativo de las V\u00edctimas de la Masacre de Nanjing por los Invasores Japoneses, en Nanjing, en la provincia de Jiangsu, en el este de China, el 3 de septiembre de 2026. Los asistentes depositaron ofrendas florales, recitaron poemas y entonaron canciones en el evento que se desarroll\u00f3 con el tema \u00abrecordar la historia y valorar la paz\u00bb. (Xinhua\/Li Bo)<\/p>\n\n\n\n<figure class=\"wp-block-image\"><img decoding=\"async\" src=\"https:\/\/spanish.xinhuanet.com\/20260904\/052ae8a43247406d8137b31b000e3c88\/20260904052ae8a43247406d8137b31b000e3c88_20260904514d9a7931ac47738c41d8ca1cb661f8.jpg\" alt=\"\"\/><\/figure>\n\n\n\n<p class=\"wp-block-paragraph\">NANJING, 3 septiembre, 2026 (Xinhua) &#8212; Personas asisten a una ceremonia para conmemorar el 81\u00ba aniversario de la victoria en la Guerra de Resistencia del Pueblo Chino contra la Agresi\u00f3n Japonesa y la Guerra Mundial Antifascista en el Sal\u00f3n Conmemorativo de las V\u00edctimas de la Masacre de Nanjing por los Invasores Japoneses, en Nanjing, en la provincia de Jiangsu, en el este de China, el 3 de septiembre de 2026. Los asistentes depositaron ofrendas florales, recitaron poemas y entonaron canciones en el evento que se desarroll\u00f3 con el tema \u00abrecordar la historia y valorar la paz\u00bb. (Xinhua\/Li Bo)&nbsp;<\/p>\n\n\n\n<figure class=\"wp-block-image\"><img decoding=\"async\" src=\"https:\/\/spanish.xinhuanet.com\/20260904\/052ae8a43247406d8137b31b000e3c88\/20260904052ae8a43247406d8137b31b000e3c88_20260904532ec36cd22c41d4b260715959ec93b9.jpg\" alt=\"\"\/><\/figure>\n\n\n\n<p class=\"wp-block-paragraph\">BEIJING, 3 septiembre, 2026 (Xinhua) &#8212; Estudiantes guardan un minuto de silencio en un cementerio de los m\u00e1rtires, en la ciudad de Zunhua, en la provincia de Hebei, en el norte de China, el 3 de septiembre de 2026. China llev\u00f3 a cabo el jueves diversos actos para conmemorar el 81\u00ba aniversario de la victoria en la Guerra de Resistencia del Pueblo Chino contra la Agresi\u00f3n Japonesa y la Guerra Mundial Antifascista. (Xinhua\/Liu Mancang)<\/p>\n\n\n\n<figure class=\"wp-block-image\"><img decoding=\"async\" src=\"https:\/\/spanish.xinhuanet.com\/20260904\/052ae8a43247406d8137b31b000e3c88\/20260904052ae8a43247406d8137b31b000e3c88_2026090489f2abb1aeb04c9198abffebc90b5929.jpg\" alt=\"\"\/><\/figure>\n\n\n\n<p class=\"wp-block-paragraph\">BEIJING, 3 septiembre, 2026 (Xinhua) &#8212; Estudiantes rinden tributos florales a los m\u00e1rtires en un sal\u00f3n conmemorativo dedicado a la campa\u00f1a del oeste de Yunnan durante la Guerra de Resistencia del Pueblo Chino contra la Agresi\u00f3n Japonesa, en Tengchong, en la provincia de Yunnan, en el suroeste de China, el 3 de septiembre de 2026. China llev\u00f3 a cabo el jueves diversos actos para conmemorar el 81\u00ba aniversario de la victoria en la Guerra de Resistencia del Pueblo Chino contra la Agresi\u00f3n Japonesa y la Guerra Mundial Antifascista. (Xinhua\/Gong Zujin)&nbsp;<\/p>\n","protected":false},"excerpt":{"rendered":"<p>spanish.news.cn|&nbsp;2026-09-04 08:14:01| NANJING, 3 septiembre, 2026 (Xinhua) &#8212; Miembros del personal depositan ofrendas florales durante una ceremonia para conmemorar el 81\u00ba aniversario de la victoria en la Guerra de Resistencia del Pueblo Chino contra la Agresi\u00f3n Japonesa y la Guerra Mundial Antifascista en el Sal\u00f3n Conmemorativo de las V\u00edctimas de la Masacre de Nanjing por [&hellip;]<\/p>\n","protected":false},"author":2,"featured_media":694648,"comment_status":"open","ping_status":"closed","sticky":false,"template":"","format":"standard","meta":{"footnotes":""},"categories":[26,23],"tags":[1388,8250],"class_list":["post-694647","post","type-post","status-publish","format-standard","has-post-thumbnail","hentry","category-efemerides","category-internacional","tag-china","tag-conmemora"],"_links":{"self":[{"href":"https:\/\/diariodominicano.com\/index.php?rest_route=\/wp\/v2\/posts\/694647","targetHints":{"allow":["GET"]}}],"collection":[{"href":"https:\/\/diariodominicano.com\/index.php?rest_route=\/wp\/v2\/posts"}],"about":[{"href":"https:\/\/diariodominicano.com\/index.php?rest_route=\/wp\/v2\/types\/post"}],"author":[{"embeddable":true,"href":"https:\/\/diariodominicano.com\/index.php?rest_route=\/wp\/v2\/users\/2"}],"replies":[{"embeddable":true,"href":"https:\/\/diariodominicano.com\/index.php?rest_route=%2Fwp%2Fv2%2Fcomments&post=694647"}],"version-history":[{"count":1,"href":"https:\/\/diariodominicano.com\/index.php?rest_route=\/wp\/v2\/posts\/694647\/revisions"}],"predecessor-version":[{"id":694649,"href":"https:\/\/diariodominicano.com\/index.php?rest_route=\/wp\/v2\/posts\/694647\/revisions\/694649"}],"wp:featuredmedia":[{"embeddable":true,"href":"https:\/\/diariodominicano.com\/index.php?rest_route=\/wp\/v2\/media\/694648"}],"wp:attachment":[{"href":"https:\/\/diariodominicano.com\/index.php?rest_route=%2Fwp%2Fv2%2Fmedia&parent=694647"}],"wp:term":[{"taxonomy":"category","embeddable":true,"href":"https:\/\/diariodominicano.com\/index.php?rest_route=%2Fwp%2Fv2%2Fcategories&post=694647"},{"taxonomy":"post_tag","embeddable":true,"href":"https:\/\/diariodominicano.com\/index.php?rest_route=%2Fwp%2Fv2%2Ftags&post=694647"}],"curies":[{"name":"wp","href":"https:\/\/api.w.org\/{rel}","templated":true}]}}