{"id":694635,"date":"2026-09-04T01:04:33","date_gmt":"2026-09-04T05:04:33","guid":{"rendered":"https:\/\/diariodominicano.com\/?p=694635"},"modified":"2026-09-04T01:04:44","modified_gmt":"2026-09-04T05:04:44","slug":"papa-leon-xiv-insta-a-la-iglesia-a-solidarizarse-con-los-pobres","status":"publish","type":"post","link":"https:\/\/diariodominicano.com\/?p=694635","title":{"rendered":"Papa Le\u00f3n XIV insta a la Iglesia a solidarizarse con los pobres"},"content":{"rendered":"\n<p class=\"wp-block-paragraph\">Ciudad del Vaticano, 3 sep (Prensa Latina) El papa Le\u00f3n XIV inst\u00f3 a la Iglesia a afrontar los conflictos y las divisiones con solidaridad hacia los pobres, en encuentro hoy con obispos de rito latino de las regiones \u00e1rabes.<\/p>\n\n\n\n<ul class=\"wp-block-list\">\n<li><a href=\"https:\/\/www.prensa-latina.cu\/2026\/09\/03\/\"><time>septiembre 3, 2026 | 08:55<\/time><\/a><\/li>\n<\/ul>\n\n\n\n<ul class=\"wp-block-list\">\n<li><a href=\"https:\/\/www.prensa-latina.cu\/2026\/09\/03\/papa-leon-xiv-insta-a-la-iglesia-a-solidarizarse-con-los-pobres\/#\"><\/a><\/li>\n\n\n\n<li><a href=\"https:\/\/www.prensa-latina.cu\/2026\/09\/03\/papa-leon-xiv-insta-a-la-iglesia-a-solidarizarse-con-los-pobres\/#\"><\/a><\/li>\n\n\n\n<li><a href=\"https:\/\/www.prensa-latina.cu\/2026\/09\/03\/papa-leon-xiv-insta-a-la-iglesia-a-solidarizarse-con-los-pobres\/#\"><\/a><\/li>\n\n\n\n<li><a href=\"https:\/\/www.prensa-latina.cu\/2026\/09\/03\/papa-leon-xiv-insta-a-la-iglesia-a-solidarizarse-con-los-pobres\/#\"><\/a><\/li>\n<\/ul>\n\n\n\n<p class=\"wp-block-paragraph\">El Sumo Pont\u00edfice recibi\u00f3 en audiencia a los miembros de la Conferencia de Obispos Latinos en las Regiones \u00c1rabes (Celra), reunidos aqu\u00ed para celebrar su encuentro anual, inform\u00f3 el sitio Vatican News.<\/p>\n\n\n\n<p class=\"wp-block-paragraph\">En su discurso, reconoci\u00f3 que los obispos gu\u00edan a Iglesias locales extendidas por una \u00abvasta y diversa regi\u00f3n\u00bb, desempe\u00f1ando su ministerio en contextos \u00aba menudo marcados por tensiones pol\u00edticas, sociales y religiosas\u00bb.<\/p>\n\n\n\n<p class=\"wp-block-paragraph\">Record\u00f3 que numerosos sacerdotes, religiosos y religiosas, as\u00ed como fieles laicos, han entregado su vida por la fe en Iraq, Siria y otras tierras desgarradas por los conflictos.<\/p>\n\n\n\n<p class=\"wp-block-paragraph\">Le\u00f3n XIV subray\u00f3 que los responsables de la Iglesia deben permanecer cerca de su pueblo y compartir sus heridas mediante la escucha y el consuelo, especialmente cuando las familias se ven obligadas a emigrar y las comunidades se vuelven m\u00e1s fr\u00e1giles.<\/p>\n\n\n\n<p class=\"wp-block-paragraph\">Tambi\u00e9n inst\u00f3 a los obispos a cuidar de los migrantes que viven lejos de sus familias y experimentan la soledad, especialmente en los pa\u00edses del Golfo, donde son numerosos. \u00abQue sus comunidades sean hogares en los que nadie se sienta extranjero\u00bb, dijo.<\/p>\n\n\n\n<p class=\"wp-block-paragraph\">ool\/mml<\/p>\n\n\n\n<ul class=\"wp-block-list\">\n<li>#<a href=\"https:\/\/www.prensa-latina.cu\/etiqueta\/obispos-latinos\/\">Obispos latinos<\/a><\/li>\n<\/ul>\n","protected":false},"excerpt":{"rendered":"<p>Ciudad del Vaticano, 3 sep (Prensa Latina) El papa Le\u00f3n XIV inst\u00f3 a la Iglesia a afrontar los conflictos y las divisiones con solidaridad hacia los pobres, en encuentro hoy con obispos de rito latino de las regiones \u00e1rabes. El Sumo Pont\u00edfice recibi\u00f3 en audiencia a los miembros de la Conferencia de Obispos Latinos en [&hellip;]<\/p>\n","protected":false},"author":2,"featured_media":694636,"comment_status":"open","ping_status":"closed","sticky":false,"template":"","format":"standard","meta":{"footnotes":""},"categories":[23,27],"tags":[],"class_list":["post-694635","post","type-post","status-publish","format-standard","has-post-thumbnail","hentry","category-internacional","category-portada"],"_links":{"self":[{"href":"https:\/\/diariodominicano.com\/index.php?rest_route=\/wp\/v2\/posts\/694635","targetHints":{"allow":["GET"]}}],"collection":[{"href":"https:\/\/diariodominicano.com\/index.php?rest_route=\/wp\/v2\/posts"}],"about":[{"href":"https:\/\/diariodominicano.com\/index.php?rest_route=\/wp\/v2\/types\/post"}],"author":[{"embeddable":true,"href":"https:\/\/diariodominicano.com\/index.php?rest_route=\/wp\/v2\/users\/2"}],"replies":[{"embeddable":true,"href":"https:\/\/diariodominicano.com\/index.php?rest_route=%2Fwp%2Fv2%2Fcomments&post=694635"}],"version-history":[{"count":1,"href":"https:\/\/diariodominicano.com\/index.php?rest_route=\/wp\/v2\/posts\/694635\/revisions"}],"predecessor-version":[{"id":694637,"href":"https:\/\/diariodominicano.com\/index.php?rest_route=\/wp\/v2\/posts\/694635\/revisions\/694637"}],"wp:featuredmedia":[{"embeddable":true,"href":"https:\/\/diariodominicano.com\/index.php?rest_route=\/wp\/v2\/media\/694636"}],"wp:attachment":[{"href":"https:\/\/diariodominicano.com\/index.php?rest_route=%2Fwp%2Fv2%2Fmedia&parent=694635"}],"wp:term":[{"taxonomy":"category","embeddable":true,"href":"https:\/\/diariodominicano.com\/index.php?rest_route=%2Fwp%2Fv2%2Fcategories&post=694635"},{"taxonomy":"post_tag","embeddable":true,"href":"https:\/\/diariodominicano.com\/index.php?rest_route=%2Fwp%2Fv2%2Ftags&post=694635"}],"curies":[{"name":"wp","href":"https:\/\/api.w.org\/{rel}","templated":true}]}}