{"id":694629,"date":"2026-09-04T00:48:01","date_gmt":"2026-09-04T04:48:01","guid":{"rendered":"https:\/\/diariodominicano.com\/?p=694629"},"modified":"2026-09-04T00:48:07","modified_gmt":"2026-09-04T04:48:07","slug":"navieras-internacionales-ceden-a-presiones-de-eeuu-denuncian-en-cuba","status":"publish","type":"post","link":"https:\/\/diariodominicano.com\/?p=694629","title":{"rendered":"Navieras internacionales ceden a presiones de EEUU, denuncian en Cuba"},"content":{"rendered":"\n<p class=\"wp-block-paragraph\">Fotos Endrys Correa<\/p>\n\n\n\n<p class=\"wp-block-paragraph\">La Habana, 3 sep (Prensa Latina) Las amenazas directas de Estados Unidos a navieras internacionales provocaron la interrupci\u00f3n de servicios de carga hacia Cuba, inform\u00f3 hoy el vice primer ministro y titular de Comercio Exterior e Inversi\u00f3n Extranjera, Oscar P\u00e9rez-Oliva.<\/p>\n\n\n\n<ul class=\"wp-block-list\">\n<li><a href=\"https:\/\/www.prensa-latina.cu\/2026\/09\/03\/\"><time>septiembre 3, 2026 | 16:54<\/time><\/a><\/li>\n<\/ul>\n\n\n\n<ul class=\"wp-block-list\">\n<li><a href=\"https:\/\/www.prensa-latina.cu\/2026\/09\/03\/navieras-internacionales-ceden-a-presiones-de-eeuu-denuncian-en-cuba\/#\"><\/a><\/li>\n\n\n\n<li><a href=\"https:\/\/www.prensa-latina.cu\/2026\/09\/03\/navieras-internacionales-ceden-a-presiones-de-eeuu-denuncian-en-cuba\/#\"><\/a><\/li>\n\n\n\n<li><a href=\"https:\/\/www.prensa-latina.cu\/2026\/09\/03\/navieras-internacionales-ceden-a-presiones-de-eeuu-denuncian-en-cuba\/#\"><\/a><\/li>\n\n\n\n<li><a href=\"https:\/\/www.prensa-latina.cu\/2026\/09\/03\/navieras-internacionales-ceden-a-presiones-de-eeuu-denuncian-en-cuba\/#\"><\/a><\/li>\n<\/ul>\n\n\n\n<p class=\"wp-block-paragraph\">El funcionario denunci\u00f3 el recrudecimiento sin precedentes del bloqueo de Washington contra Cuba en 2026, as\u00ed como las \u00f3rdenes ejecutivas firmadas por Washington y la persecuci\u00f3n y las amenazas directas contra inversionistas extranjeros.<\/p>\n\n\n\n<p class=\"wp-block-paragraph\">\u201cHay empresas extranjeras que han cedido a estas presiones y se han retirado del pa\u00eds. Otras permanecen y siguen trabajando con nosotros\u201d, se\u00f1al\u00f3 el vice primer ministro.<\/p>\n\n\n\n<p class=\"wp-block-paragraph\">Seg\u00fan P\u00e9rez-Oliva, el recrudecimiento del bloqueo ha cortado relaciones bancarias y financieras de Cuba con numerosas instituciones e impone un cerco comercial mediante amenazas directas a las navieras internacionales.<\/p>\n\n\n<div class=\"wp-block-image\">\n<figure class=\"aligncenter\"><img decoding=\"async\" src=\"https:\/\/www.prensa-latina.cu\/wp-content\/uploads\/2026\/09\/OSCAR-PEREZ-OLIVA-FRAGA-1.jpeg\" alt=\"\" class=\"wp-image-1787786\"\/><\/figure>\n<\/div>\n\n\n<p class=\"wp-block-paragraph\">El titular de Comercio Exterior e Inversi\u00f3n Extranjera explic\u00f3 que Cuba tiene contenedores retenidos en puertos internacionales porque algunas navieras interrumpieron los servicios con la isla, mientras otras operan bajo \u201crestricciones impuestas de manera ilegal y unilateral por los Estados Unidos\u201d.<\/p>\n\n\n\n<p class=\"wp-block-paragraph\">El vice primer ministro conden\u00f3 que Washington interviene de forma il\u00edcita, mediante estas amenazas, en el comercio exterior de la mayor de las Antillas, lo cual ha provocado desabastecimiento de alimentos imprescindibles para la poblaci\u00f3n.<\/p>\n\n\n\n<p class=\"wp-block-paragraph\">Hasta la fecha, la naviera francesa CMA CGM reanud\u00f3 los servicios hacia Cuba solo para alimentos, medicamentos e insumos m\u00e9dicos. Sin embargo, componentes destinados a proyectos de energ\u00edas renovables no han podido ser transportados hacia la isla.<\/p>\n\n\n\n<p class=\"wp-block-paragraph\">\u201cEs una situaci\u00f3n irregular y una acci\u00f3n derivada directamente de las presiones y de las amenazas estadounidenses y de las condiciones que est\u00e1n poniendo las empresas que comercian con Cuba\u201d, dijo el vice primer ministro, quien recalc\u00f3 que esas acciones violan las normas del comercio internacional y constituyen medidas coercitivas e ilegales.<\/p>\n\n\n\n<p class=\"wp-block-paragraph\">\u201cHoy podemos decir que hay menos energ\u00eda en Cuba porque hay contenedores con recursos para el sistema electroenerg\u00e9tico que no han podido llegar\u201d, afirm\u00f3.<\/p>\n\n\n\n<p class=\"wp-block-paragraph\">P\u00e9rez-Oliva explic\u00f3 que tambi\u00e9n existen alimentos contratados por empresas estatales y privadas que no han llegado a Cuba, situaci\u00f3n que ha provocado desabastecimiento de productos de primera necesidad.<\/p>\n\n\n\n<p class=\"wp-block-paragraph\">El titular refiri\u00f3 que esos desabastecimientos \u201cest\u00e1n ocasionando la muerte de personas por falta de medicamentos y recursos b\u00e1sicos del sistema de salud\u201d.<\/p>\n\n\n\n<p class=\"wp-block-paragraph\">\u201cEl bloqueo a Cuba es genocidio\u201d, finaliz\u00f3 el vice primer ministro.<\/p>\n\n\n\n<p class=\"wp-block-paragraph\">ga\/evm\/tfp<\/p>\n\n\n\n<ul class=\"wp-block-list\">\n<li>#<a href=\"https:\/\/www.prensa-latina.cu\/etiqueta\/bloqueo\/\">bloqueo<\/a>\u00a0#<a href=\"https:\/\/www.prensa-latina.cu\/etiqueta\/cuba\/\">cuba<\/a><\/li>\n<\/ul>\n\n\n\n<p class=\"wp-block-paragraph\">MINUTO A MINUTO<\/p>\n\n\n\n<ul class=\"wp-block-list\">\n<li>00:42<\/li>\n<\/ul>\n\n\n\n<p class=\"wp-block-paragraph\"><a href=\"https:\/\/www.prensa-latina.cu\/2026\/09\/04\/repunta-inflacion-en-uruguay-aunque-contenida\/\">Repunta inflaci\u00f3n en Uruguay, aunque contenida<\/a><\/p>\n\n\n\n<ul class=\"wp-block-list\">\n<li>00:40<\/li>\n<\/ul>\n\n\n\n<p class=\"wp-block-paragraph\"><a href=\"https:\/\/www.prensa-latina.cu\/2026\/09\/04\/venezolano-denuncia-genocidio-en-palestina-y-asedio-a-ninos-cubanos\/\">Venezolano denuncia genocidio en Palestina y asedio a ni\u00f1os cubanos<\/a><\/p>\n\n\n\n<ul class=\"wp-block-list\">\n<li>00:36<\/li>\n<\/ul>\n\n\n\n<p class=\"wp-block-paragraph\"><a href=\"https:\/\/www.prensa-latina.cu\/2026\/09\/04\/malasia-apuesta-por-elevar-el-valor-de-su-industria-tecnologica\/\">Malasia apuesta por elevar el valor de su industria tecnol\u00f3gica<\/a><\/p>\n\n\n\n<ul class=\"wp-block-list\">\n<li>00:33<\/li>\n<\/ul>\n\n\n\n<p class=\"wp-block-paragraph\"><a href=\"https:\/\/www.prensa-latina.cu\/2026\/09\/04\/banco-de-nicaragua-mantiene-sin-cambios-tasa-de-referencia-monetaria\/\">Banco de Nicaragua mantiene sin cambios Tasa de Referencia Monetaria<\/a><\/p>\n\n\n\n<ul class=\"wp-block-list\">\n<li>00:27<\/li>\n<\/ul>\n\n\n\n<p class=\"wp-block-paragraph\"><a href=\"https:\/\/www.prensa-latina.cu\/2026\/09\/04\/sindicatos-brasilenos-mantendran-movilizacion-contra-escala-6x1\/\">Sindicatos brasile\u00f1os mantendr\u00e1n movilizaci\u00f3n contra escala 6\u00d71<\/a><\/p>\n\n\n\n<ul class=\"wp-block-list\">\n<li>00:25<\/li>\n<\/ul>\n\n\n\n<p class=\"wp-block-paragraph\"><a href=\"https:\/\/www.prensa-latina.cu\/2026\/09\/04\/japon-envio-expertos-a-nepal-para-colaborar-en-situacion-de-desastre\/\">Jap\u00f3n envi\u00f3 expertos a Nepal para colaborar en situaci\u00f3n de desastre<\/a><\/p>\n\n\n\n<p class=\"wp-block-paragraph\">relacionadas<\/p>\n\n\n\n<h4 class=\"wp-block-heading\"><a href=\"https:\/\/www.prensa-latina.cu\/2026\/09\/04\/venezolano-denuncia-genocidio-en-palestina-y-asedio-a-ninos-cubanos\/\">Venezolano denuncia genocidio en Palestina y asedio a ni\u00f1os cubanos<\/a><\/h4>\n\n\n\n<ul class=\"wp-block-list\">\n<li>septiembre 4, 2026<\/li>\n\n\n\n<li>00:40<\/li>\n<\/ul>\n\n\n\n<figure class=\"wp-block-image\"><img decoding=\"async\" src=\"https:\/\/www.prensa-latina.cu\/wp-content\/uploads\/2026\/09\/cuba-jovenes-creadores-cancion-ahs-1.jpg\" alt=\"gremio-cubano-de-jovenes-creadores-estrena-videoclip-por-sus-40-anos\" class=\"wp-image-1787872\"\/><\/figure>\n\n\n\n<h4 class=\"wp-block-heading\"><a href=\"https:\/\/www.prensa-latina.cu\/2026\/09\/04\/gremio-cubano-de-jovenes-creadores-estrena-videoclip-por-sus-40-anos\/\">Gremio cubano de j\u00f3venes creadores estrena videoclip por sus 40 a\u00f1os<\/a><\/h4>\n\n\n\n<ul class=\"wp-block-list\">\n<li>septiembre 4, 2026<\/li>\n\n\n\n<li>00:22<\/li>\n<\/ul>\n\n\n\n<figure class=\"wp-block-image\"><img decoding=\"async\" src=\"https:\/\/www.prensa-latina.cu\/wp-content\/uploads\/2026\/09\/cuba-diaz-canel-inaugura-curso-1.jpg\" alt=\"diaz-canel-curso-universitario-expresion-de-nacion-que-no-se-rinde-2\" class=\"wp-image-1787860\"\/><\/figure>\n\n\n\n<h4 class=\"wp-block-heading\"><a href=\"https:\/\/www.prensa-latina.cu\/2026\/09\/03\/diaz-canel-curso-universitario-expresion-de-nacion-que-no-se-rinde-2\/\">D\u00edaz-Canel: curso universitario, expresi\u00f3n de naci\u00f3n que no se rinde<\/a><\/h4>\n\n\n\n<ul class=\"wp-block-list\">\n<li>septiembre 3, 2026<\/li>\n\n\n\n<li>23:49<\/li>\n<\/ul>\n\n\n\n<figure class=\"wp-block-image\"><img decoding=\"async\" src=\"https:\/\/www.prensa-latina.cu\/wp-content\/uploads\/2026\/06\/Cuba-Turismo1-1.jpg\" alt=\"\" class=\"wp-image-1756121\"\/><\/figure>\n\n\n\n<h4 class=\"wp-block-heading\"><a href=\"https:\/\/www.prensa-latina.cu\/2026\/09\/03\/nuevas-resoluciones-impulsaran-desarrollo-del-turismo-en-cuba\/\">Nuevas resoluciones impulsar\u00e1n desarrollo del turismo en Cuba<\/a><\/h4>\n\n\n\n<ul class=\"wp-block-list\">\n<li>septiembre 3, 2026<\/li>\n\n\n\n<li>16:20<\/li>\n<\/ul>\n\n\n\n<p class=\"wp-block-paragraph\">TASAS DE CAMBIO \/ EXCHANGE RATES<\/p>\n\n\n\n<p class=\"wp-block-paragraph\">04 &#8211; septiembre &#8211; 2026<\/p>\n\n\n\n<p class=\"wp-block-paragraph\"><img decoding=\"async\" src=\"https:\/\/www.bc.gob.cu\/images\/flags\/us.png\" alt=\"USD\">USD<\/p>\n\n\n\n<p class=\"wp-block-paragraph\">638,00&nbsp;<small>CUP<\/small><\/p>\n\n\n\n<p class=\"wp-block-paragraph\"><img decoding=\"async\" src=\"https:\/\/www.bc.gob.cu\/images\/flags\/eu.png\" alt=\"EUR\">EUR<\/p>\n\n\n\n<p class=\"wp-block-paragraph\"><strong>\u2191+0.19<\/strong>739,38&nbsp;<small>CUP<\/small><\/p>\n\n\n\n<p class=\"wp-block-paragraph\"><img decoding=\"async\" src=\"https:\/\/www.bc.gob.cu\/images\/flags\/ca.png\" alt=\"CAD\">CAD<\/p>\n\n\n\n<p class=\"wp-block-paragraph\"><strong>\u2191+1.62<\/strong>460,48&nbsp;<small>CUP<\/small><\/p>\n\n\n\n<p class=\"wp-block-paragraph\"><img decoding=\"async\" src=\"https:\/\/www.bc.gob.cu\/images\/flags\/ru.png\" alt=\"RUB\">RUB<\/p>\n\n\n\n<p class=\"wp-block-paragraph\"><strong>\u2193-0.07<\/strong>7,28&nbsp;<small>CUP<\/small><\/p>\n\n\n\n<p class=\"wp-block-paragraph\"><img decoding=\"async\" src=\"https:\/\/www.bc.gob.cu\/images\/flags\/mx.png\" alt=\"MXN\">MXN<\/p>\n\n\n\n<p class=\"wp-block-paragraph\">37,55&nbsp;<small>CUP<\/small><\/p>\n\n\n\n<p class=\"wp-block-paragraph\"><img decoding=\"async\" src=\"https:\/\/www.bc.gob.cu\/images\/flags\/cn.png\" alt=\"CNY\">CNY<\/p>\n\n\n\n<p class=\"wp-block-paragraph\"><strong>\u2191+0.02<\/strong>94,95&nbsp;<small>CUP<\/small><\/p>\n\n\n\n<p class=\"wp-block-paragraph\"><img decoding=\"async\" src=\"https:\/\/www.bc.gob.cu\/images\/flags\/gb.png\" alt=\"GBP\">GBP<\/p>\n\n\n\n<p class=\"wp-block-paragraph\"><strong>\u2193-1.21<\/strong>861,14&nbsp;<small>CUP<\/small><\/p>\n\n\n\n<p class=\"wp-block-paragraph\"><img decoding=\"async\" src=\"https:\/\/www.bc.gob.cu\/images\/flags\/jp.png\" alt=\"JPY\">JPY&nbsp;*<\/p>\n\n\n\n<p class=\"wp-block-paragraph\">0,25&nbsp;<small>CUP<\/small><\/p>\n\n\n\n<p class=\"wp-block-paragraph\">Fuente: Banco Central de Cuba<\/p>\n","protected":false},"excerpt":{"rendered":"<p>Fotos Endrys Correa La Habana, 3 sep (Prensa Latina) Las amenazas directas de Estados Unidos a navieras internacionales provocaron la interrupci\u00f3n de servicios de carga hacia Cuba, inform\u00f3 hoy el vice primer ministro y titular de Comercio Exterior e Inversi\u00f3n Extranjera, Oscar P\u00e9rez-Oliva. El funcionario denunci\u00f3 el recrudecimiento sin precedentes del bloqueo de Washington contra [&hellip;]<\/p>\n","protected":false},"author":2,"featured_media":694630,"comment_status":"open","ping_status":"closed","sticky":false,"template":"","format":"standard","meta":{"footnotes":""},"categories":[23],"tags":[3100,8246],"class_list":["post-694629","post","type-post","status-publish","format-standard","has-post-thumbnail","hentry","category-internacional","tag-cuba","tag-navieras"],"_links":{"self":[{"href":"https:\/\/diariodominicano.com\/index.php?rest_route=\/wp\/v2\/posts\/694629","targetHints":{"allow":["GET"]}}],"collection":[{"href":"https:\/\/diariodominicano.com\/index.php?rest_route=\/wp\/v2\/posts"}],"about":[{"href":"https:\/\/diariodominicano.com\/index.php?rest_route=\/wp\/v2\/types\/post"}],"author":[{"embeddable":true,"href":"https:\/\/diariodominicano.com\/index.php?rest_route=\/wp\/v2\/users\/2"}],"replies":[{"embeddable":true,"href":"https:\/\/diariodominicano.com\/index.php?rest_route=%2Fwp%2Fv2%2Fcomments&post=694629"}],"version-history":[{"count":1,"href":"https:\/\/diariodominicano.com\/index.php?rest_route=\/wp\/v2\/posts\/694629\/revisions"}],"predecessor-version":[{"id":694631,"href":"https:\/\/diariodominicano.com\/index.php?rest_route=\/wp\/v2\/posts\/694629\/revisions\/694631"}],"wp:featuredmedia":[{"embeddable":true,"href":"https:\/\/diariodominicano.com\/index.php?rest_route=\/wp\/v2\/media\/694630"}],"wp:attachment":[{"href":"https:\/\/diariodominicano.com\/index.php?rest_route=%2Fwp%2Fv2%2Fmedia&parent=694629"}],"wp:term":[{"taxonomy":"category","embeddable":true,"href":"https:\/\/diariodominicano.com\/index.php?rest_route=%2Fwp%2Fv2%2Fcategories&post=694629"},{"taxonomy":"post_tag","embeddable":true,"href":"https:\/\/diariodominicano.com\/index.php?rest_route=%2Fwp%2Fv2%2Ftags&post=694629"}],"curies":[{"name":"wp","href":"https:\/\/api.w.org\/{rel}","templated":true}]}}