{"id":694622,"date":"2026-09-04T00:45:31","date_gmt":"2026-09-04T04:45:31","guid":{"rendered":"https:\/\/diariodominicano.com\/?p=694622"},"modified":"2026-09-04T00:54:25","modified_gmt":"2026-09-04T04:54:25","slug":"fp-santiago-apagones-y-facturas-revelan-fracaso-del-prm","status":"publish","type":"post","link":"https:\/\/diariodominicano.com\/?p=694622","title":{"rendered":"FP Santiago: apagones y facturas revelan fracaso del PRM"},"content":{"rendered":"\n<p class=\"wp-block-paragraph\"><strong>Las direcciones Provincial y Municipal de la Fuerza del Pueblo denunciaron que, despu\u00e9s de seis a\u00f1os de Gobierno, el deterioro de las distribuidoras se traduce en m\u00e1s apagones, facturas cuestionadas por los usuarios y una creciente carga para las finanzas p\u00fablicas. La organizaci\u00f3n advirti\u00f3 que la poblaci\u00f3n est\u00e1 pagando cada vez m\u00e1s por un servicio que no mejora.<\/strong><\/p>\n\n\n\n<p class=\"wp-block-paragraph\"><strong>Santiago de los Caballeros.\u2013<\/strong> Las direcciones Provincial de Santiago y Municipal de Santiago de los Caballeros de la <strong>Fuerza del Pueblo (FP)<\/strong> acusaron al Gobierno del Partido Revolucionario Moderno de haber profundizado la crisis del sector el\u00e9ctrico, al sostener que los apagones, el incremento de las facturas y el deterioro financiero de las empresas distribuidoras constituyen el resultado de seis a\u00f1os de improvisaci\u00f3n y deficiente administraci\u00f3n.<\/p>\n\n\n\n<figure class=\"wp-block-image size-large\"><img loading=\"lazy\" decoding=\"async\" width=\"1024\" height=\"682\" src=\"https:\/\/diariodominicano.com\/wp-content\/uploads\/2026\/03\/Hamlet-Otanez-2-1024x682.jpg\" alt=\"\" class=\"wp-image-669976\" srcset=\"https:\/\/diariodominicano.com\/wp-content\/uploads\/2026\/03\/Hamlet-Otanez-2-1024x682.jpg 1024w, https:\/\/diariodominicano.com\/wp-content\/uploads\/2026\/03\/Hamlet-Otanez-2-300x200.jpg 300w, https:\/\/diariodominicano.com\/wp-content\/uploads\/2026\/03\/Hamlet-Otanez-2-768x512.jpg 768w, https:\/\/diariodominicano.com\/wp-content\/uploads\/2026\/03\/Hamlet-Otanez-2-816x544.jpg 816w, https:\/\/diariodominicano.com\/wp-content\/uploads\/2026\/03\/Hamlet-Otanez-2.jpg 1280w\" sizes=\"auto, (max-width: 1024px) 100vw, 1024px\" \/><\/figure>\n\n\n\n<p class=\"wp-block-paragraph\">La posici\u00f3n fue presentada durante una rueda de prensa encabezada por el <strong>presidente provincial de la Fuerza del Pueblo, Dem\u00f3stenes Mart\u00ednez<\/strong>, y el <strong>presidente municipal de Santiago de los Caballeros, ingeniero Hamlet Ot\u00e1\u00f1ez<\/strong>, en la que intervino adem\u00e1s el ingeniero <strong>F\u00e9lix Tav\u00e1rez<\/strong>, vicesecretario de Energ\u00eda de la organizaci\u00f3n, miembro de la Direcci\u00f3n Central y de la Direcci\u00f3n Municipal de Santiago y exadministrador general de EDENORTE.<\/p>\n\n\n\n<p class=\"wp-block-paragraph\">Mart\u00ednez afirm\u00f3 que el drama el\u00e9ctrico no puede reducirse a estad\u00edsticas y balances financieros, porque sus consecuencias est\u00e1n siendo soportadas diariamente por las familias, los peque\u00f1os negocios, comerciantes y empresas de Santiago.<\/p>\n\n\n\n<p class=\"wp-block-paragraph\">El presidente provincial llam\u00f3 la atenci\u00f3n particularmente sobre las quejas de usuarios que denuncian <strong>facturaciones y refacturaciones por montos que aseguran no corresponden con sus niveles habituales de consumo<\/strong>, as\u00ed como nuevos balances cuya procedencia, seg\u00fan los afectados, no ha sido explicada satisfactoriamente.<\/p>\n\n\n\n<p class=\"wp-block-paragraph\">La organizaci\u00f3n opositora sostuvo que resulta especialmente grave que esos reclamos se produzcan al mismo tiempo que numerosos sectores contin\u00faan denunciando interrupciones prolongadas del suministro el\u00e9ctrico.<\/p>\n\n\n\n<p class=\"wp-block-paragraph\">Para la Fuerza del Pueblo, el resultado es una combinaci\u00f3n dif\u00edcil de justificar: <strong>el ciudadano recibe menos electricidad, enfrenta m\u00e1s apagones y, al mismo tiempo, debe defenderse de facturas que en numerosos casos considera excesivas<\/strong>.<\/p>\n\n\n\n<h2 class=\"wp-block-heading\">Tav\u00e1rez: seis a\u00f1os eliminan cualquier excusa<\/h2>\n\n\n\n<p class=\"wp-block-paragraph\">Al desarrollar el componente t\u00e9cnico de la denuncia, el ingeniero <strong>F\u00e9lix Tav\u00e1rez<\/strong> sostuvo que el Gobierno ya no puede atribuir la situaci\u00f3n actual a problemas heredados, debido a que seis a\u00f1os representan tiempo suficiente para dise\u00f1ar pol\u00edticas, realizar inversiones, modernizar las redes, reducir p\u00e9rdidas y profesionalizar la administraci\u00f3n de las empresas distribuidoras.<\/p>\n\n\n\n<p class=\"wp-block-paragraph\">Tav\u00e1rez se\u00f1al\u00f3 que los propios indicadores del sector muestran una tendencia contraria a la eficiencia prometida por el Gobierno.<\/p>\n\n\n\n<p class=\"wp-block-paragraph\">Seg\u00fan los datos presentados por la Fuerza del Pueblo, las p\u00e9rdidas de las tres empresas distribuidoras rondaban el <strong>40 % a mayo de 2026<\/strong>, lo que significa que una proporci\u00f3n considerable de la energ\u00eda adquirida no logra convertirse en ingresos efectivos para las empresas.<\/p>\n\n\n\n<p class=\"wp-block-paragraph\">El dirigente opositor advirti\u00f3 que esa ineficiencia no desaparece contablemente, sino que termina siendo cubierta con recursos p\u00fablicos y, por tanto, <strong>pagada directa o indirectamente por todos los dominicanos<\/strong>.<\/p>\n\n\n\n<h2 class=\"wp-block-heading\">D\u00e9ficit casi se triplic\u00f3<\/h2>\n\n\n\n<p class=\"wp-block-paragraph\">Tav\u00e1rez destac\u00f3 adem\u00e1s que, conforme a las cifras presentadas por la Secretar\u00eda de Energ\u00eda de la Fuerza del Pueblo, el d\u00e9ficit de las empresas distribuidoras pas\u00f3 de aproximadamente <strong>US$578 millones en 2020 a US$1,659 millones en 2025<\/strong>, pr\u00e1cticamente tres veces el monto registrado cuando comenz\u00f3 la actual administraci\u00f3n.<\/p>\n\n\n\n<p class=\"wp-block-paragraph\">La Fuerza del Pueblo estima que desde 2020 hasta mayo de 2026 el Estado destin\u00f3 alrededor de <strong>US$8,450 millones<\/strong>, equivalentes a cerca de <strong>RD$500,000 millones<\/strong>, para cubrir el d\u00e9ficit de las EDE.<\/p>\n\n\n\n<p class=\"wp-block-paragraph\">Para la organizaci\u00f3n opositora, semejante cantidad obliga al Gobierno a explicar qu\u00e9 resultados concretos ha obtenido el pa\u00eds a cambio de esos recursos, especialmente cuando persisten los apagones, las p\u00e9rdidas y las reclamaciones por facturaci\u00f3n.<\/p>\n\n\n\n<h2 class=\"wp-block-heading\">Subsidio el\u00e9ctrico se desborda<\/h2>\n\n\n\n<p class=\"wp-block-paragraph\">La Fuerza del Pueblo llam\u00f3 igualmente la atenci\u00f3n sobre el acelerado consumo de los recursos destinados al subsidio el\u00e9ctrico.<\/p>\n\n\n\n<p class=\"wp-block-paragraph\">Durante los primeros seis meses de 2026, las distribuidoras hab\u00edan requerido <strong>RD$68,744 millones<\/strong>, equivalentes al <strong>74.3 % de los RD$92,475.8 millones presupuestados para todo el a\u00f1o<\/strong>.<\/p>\n\n\n\n<p class=\"wp-block-paragraph\">De mantenerse ese ritmo, el costo anual podr\u00eda superar los <strong>RD$137,000 millones<\/strong>, agravando todav\u00eda m\u00e1s la presi\u00f3n que ejerce el sector el\u00e9ctrico sobre las finanzas p\u00fablicas. Esos datos est\u00e1n contenidos en informaciones basadas en la ejecuci\u00f3n presupuestaria de la Direcci\u00f3n General de Presupuesto.<\/p>\n\n\n\n<p class=\"wp-block-paragraph\">Tav\u00e1rez cuestion\u00f3 que, frente a semejante deterioro financiero, la salida vuelva a consistir en trasladar mayores costos al consumidor, sin resolver previamente las p\u00e9rdidas, la eficiencia administrativa y la calidad del servicio.<\/p>\n\n\n\n<p class=\"wp-block-paragraph\">La organizaci\u00f3n plante\u00f3 que antes de cualquier medida que implique nuevos sacrificios econ\u00f3micos para la poblaci\u00f3n, el Gobierno debe explicar <strong>por qu\u00e9 aumentaron las p\u00e9rdidas, por qu\u00e9 pr\u00e1cticamente se triplic\u00f3 el d\u00e9ficit y qu\u00e9 destino y resultados han tenido los miles de millones de pesos canalizados hacia las distribuidoras<\/strong>.<\/p>\n\n\n\n<h2 class=\"wp-block-heading\">\u201cEl problema ya pertenece a este Gobierno\u201d<\/h2>\n\n\n\n<p class=\"wp-block-paragraph\">Las direcciones Provincial y Municipal de la Fuerza del Pueblo sostuvieron que, despu\u00e9s de seis a\u00f1os de administraci\u00f3n del PRM, resulta pol\u00edticamente insostenible continuar recurriendo al argumento de la herencia recibida.<\/p>\n\n\n\n<p class=\"wp-block-paragraph\">Indicaron que la situaci\u00f3n actual corresponde a decisiones, inversiones, nombramientos, prioridades y pol\u00edticas ejecutadas durante la presente gesti\u00f3n gubernamental y que, por tanto, corresponde al Gobierno asumir plenamente sus resultados.<\/p>\n\n\n\n<p class=\"wp-block-paragraph\">La dirigencia de la Fuerza del Pueblo en Santiago reclam\u00f3 una revisi\u00f3n profunda de la administraci\u00f3n de las empresas distribuidoras, mayor transparencia sobre las inversiones realizadas, fortalecimiento de las redes, mecanismos efectivos de protecci\u00f3n al consumidor y metas verificables para reducir las p\u00e9rdidas.<\/p>\n\n\n\n<p class=\"wp-block-paragraph\">Asimismo, exigi\u00f3 que las reclamaciones por facturaci\u00f3n sean investigadas con criterios t\u00e9cnicos y transparencia, de manera que ning\u00fan ciudadano tenga que pagar consumos que no puedan ser demostrados mediante mediciones confiables.<\/p>\n\n\n\n<p class=\"wp-block-paragraph\">Para la organizaci\u00f3n opositora, <strong>la crisis el\u00e9ctrica constituye hoy uno de los ejemplos m\u00e1s claros de la distancia existente entre el discurso de eficiencia del Gobierno y los resultados que siente la poblaci\u00f3n: m\u00e1s recursos p\u00fablicos comprometidos, m\u00e1s p\u00e9rdidas, m\u00e1s reclamaciones y un servicio que contin\u00faa provocando inconformidad en hogares y sectores productivos.<\/strong><\/p>\n\n\n\n<p class=\"wp-block-paragraph\">El Municipal<\/p>\n\n\n\n<p class=\"wp-block-paragraph\"><a target=\"_blank\" href=\"mailto:elmunicipalfpsantiago@gmail.com\" rel=\"noreferrer noopener\">elmunicipalfpsantiago<\/a><\/p>\n","protected":false},"excerpt":{"rendered":"<p>Las direcciones Provincial y Municipal de la Fuerza del Pueblo denunciaron que, despu\u00e9s de seis a\u00f1os de Gobierno, el deterioro de las distribuidoras se traduce en m\u00e1s apagones, facturas cuestionadas por los usuarios y una creciente carga para las finanzas p\u00fablicas. La organizaci\u00f3n advirti\u00f3 que la poblaci\u00f3n est\u00e1 pagando cada vez m\u00e1s por un servicio [&hellip;]<\/p>\n","protected":false},"author":2,"featured_media":657313,"comment_status":"open","ping_status":"closed","sticky":false,"template":"","format":"standard","meta":{"footnotes":""},"categories":[22,27],"tags":[6619,8245],"class_list":["post-694622","post","type-post","status-publish","format-standard","has-post-thumbnail","hentry","category-politica","category-portada","tag-demostenes-martinez","tag-fp-santiago"],"_links":{"self":[{"href":"https:\/\/diariodominicano.com\/index.php?rest_route=\/wp\/v2\/posts\/694622","targetHints":{"allow":["GET"]}}],"collection":[{"href":"https:\/\/diariodominicano.com\/index.php?rest_route=\/wp\/v2\/posts"}],"about":[{"href":"https:\/\/diariodominicano.com\/index.php?rest_route=\/wp\/v2\/types\/post"}],"author":[{"embeddable":true,"href":"https:\/\/diariodominicano.com\/index.php?rest_route=\/wp\/v2\/users\/2"}],"replies":[{"embeddable":true,"href":"https:\/\/diariodominicano.com\/index.php?rest_route=%2Fwp%2Fv2%2Fcomments&post=694622"}],"version-history":[{"count":2,"href":"https:\/\/diariodominicano.com\/index.php?rest_route=\/wp\/v2\/posts\/694622\/revisions"}],"predecessor-version":[{"id":694633,"href":"https:\/\/diariodominicano.com\/index.php?rest_route=\/wp\/v2\/posts\/694622\/revisions\/694633"}],"wp:featuredmedia":[{"embeddable":true,"href":"https:\/\/diariodominicano.com\/index.php?rest_route=\/wp\/v2\/media\/657313"}],"wp:attachment":[{"href":"https:\/\/diariodominicano.com\/index.php?rest_route=%2Fwp%2Fv2%2Fmedia&parent=694622"}],"wp:term":[{"taxonomy":"category","embeddable":true,"href":"https:\/\/diariodominicano.com\/index.php?rest_route=%2Fwp%2Fv2%2Fcategories&post=694622"},{"taxonomy":"post_tag","embeddable":true,"href":"https:\/\/diariodominicano.com\/index.php?rest_route=%2Fwp%2Fv2%2Ftags&post=694622"}],"curies":[{"name":"wp","href":"https:\/\/api.w.org\/{rel}","templated":true}]}}