{"id":694618,"date":"2026-09-04T00:25:30","date_gmt":"2026-09-04T04:25:30","guid":{"rendered":"https:\/\/diariodominicano.com\/?p=694618"},"modified":"2026-09-04T00:25:39","modified_gmt":"2026-09-04T04:25:39","slug":"raquel-pena-una-opcion-presidencial-entre-experiencia-renovacion-y-futuro","status":"publish","type":"post","link":"https:\/\/diariodominicano.com\/?p=694618","title":{"rendered":"Raquel Pe\u00f1a: Una opci\u00f3n presidencial entre experiencia, renovaci\u00f3n y futuro"},"content":{"rendered":"\n<p class=\"wp-block-paragraph\"><strong>Por El\u00edas Hasboun<\/strong><\/p>\n\n\n\n<p class=\"wp-block-paragraph\">El futuro pol\u00edtico del Partido Revolucionario Moderno exige ponderar con serenidad y visi\u00f3n estrat\u00e9gica, las condiciones de quienes aspiren a presentarse ante el pa\u00eds como opci\u00f3n presidencial.<\/p>\n\n\n\n<p class=\"wp-block-paragraph\">En ese escenario, la vicepresidenta <strong>Raquel Pe\u00f1a re\u00fane cualidades pol\u00edticas, humanas, profesionales y electorales que la sit\u00faan entre las figuras con mayor potencial de crecimiento y proyecci\u00f3n<\/strong>.<\/p>\n\n\n\n<p class=\"wp-block-paragraph\">Una de sus fortalezas es no provenir de la pol\u00edtica tradicional. Su trayectoria acad\u00e9mica, empresarial y gerencial, anterior a su llegada al Gobierno, le permite conectar con sectores profesionales, productivos, acad\u00e9micos e independientes que suelen observar con reservas la actividad pol\u00edtica convencional.<\/p>\n\n\n\n<p class=\"wp-block-paragraph\">Tambi\u00e9n posee una condici\u00f3n favorable dentro del PRM: los compa\u00f1eros que desde el 2020 no han tenido la oportunidad de servir desde el Gobierno dif\u00edcilmente pueden atribuirle esa situaci\u00f3n, pues antes de llegar al poder no exist\u00edan con ella compromisos ni expectativas pol\u00edticas. Por ello, puede representar <strong>una nueva oportunidad de integraci\u00f3n y esperanza para las bases partidarias<\/strong>.<\/p>\n\n\n\n<p class=\"wp-block-paragraph\">A esto se suma su considerable potencial pol\u00edtico. Sin haber anunciado aspiraciones presidenciales ni desarrollado una campa\u00f1a proselitista nacional, distintas mediciones han reflejado simpat\u00eda y valoraci\u00f3n hacia su figura, lo que demuestra que conserva un amplio espacio para continuar creciendo. Su apertura, cercan\u00eda, empat\u00eda y disposici\u00f3n para escuchar fortalecen igualmente su liderazgo.<\/p>\n\n\n\n<p class=\"wp-block-paragraph\"><strong>Continuidad con renovaci\u00f3n<\/strong><\/p>\n\n\n\n<p class=\"wp-block-paragraph\">Raquel Pe\u00f1a puede representar <strong>continuidad sin impedir la renovaci\u00f3n<\/strong>. Cuando el presidente Luis Abinader concluya constitucionalmente su mandato, su liderazgo conservar\u00e1 una gravitaci\u00f3n natural dentro del PRM. El partido necesitar\u00e1 preservar su unidad y garantizar equilibrio y participaci\u00f3n a las distintas fuerzas que han acompa\u00f1ado su proyecto pol\u00edtico.<\/p>\n\n\n\n<p class=\"wp-block-paragraph\">La vicepresidenta ha acompa\u00f1ado al mandatario desde 2020, conoce profundamente la gesti\u00f3n gubernamental y ha asumido importantes responsabilidades confiadas por \u00e9l. Al mismo tiempo, posee identidad propia y condiciones para encabezar una nueva etapa.<\/p>\n\n\n\n<p class=\"wp-block-paragraph\">Esta combinaci\u00f3n ser\u00e1 especialmente relevante en 2028. Despu\u00e9s de ocho a\u00f1os consecutivos de ejercicio gubernamental, existir\u00e1 un desgaste natural. El PRM necesitar\u00e1 una candidatura capaz de defender los logros alcanzados y, simult\u00e1neamente, <strong>relanzar su propuesta ante la sociedad con una imagen fresca y renovadora<\/strong>.<\/p>\n\n\n\n<p class=\"wp-block-paragraph\"><strong>El peso estrat\u00e9gico del Cibao<\/strong><\/p>\n\n\n\n<p class=\"wp-block-paragraph\">A estas condiciones se agrega su vinculaci\u00f3n con Santiago y el Cibao, regi\u00f3n que concentra aproximadamente <strong>el 36 % del padr\u00f3n electoral dominicano<\/strong>. Ese arraigo constituye una ventaja estrat\u00e9gica, sin limitar su proyecci\u00f3n nacional, fortalecida durante sus a\u00f1os como vicepresidenta y por su contacto permanente con sectores sociales, productivos y pol\u00edticos de todo el pa\u00eds.<\/p>\n\n\n\n<p class=\"wp-block-paragraph\"><strong>Experiencia m\u00e1s all\u00e1 de la pol\u00edtica<\/strong><\/p>\n\n\n\n<p class=\"wp-block-paragraph\">Otro de sus principales activos es haber demostrado capacidad antes de llegar al Estado. Su experiencia acad\u00e9mica, empresarial, administrativa y gerencial antecede su incorporaci\u00f3n a la pol\u00edtica. Desde la Vicepresidencia ha cumplido, adem\u00e1s, importantes misiones encomendadas por el presidente Abinader, construyendo una hoja de servicio que permite valorar sus capacidades m\u00e1s all\u00e1 de cualquier discurso electoral.<\/p>\n\n\n\n<p class=\"wp-block-paragraph\">Raquel Pe\u00f1a re\u00fane una combinaci\u00f3n poco com\u00fan: <strong>experiencia sin representar la pol\u00edtica tradicional; continuidad con renovaci\u00f3n; cercan\u00eda con las estructuras partidarias y conexi\u00f3n con sectores independientes; arraigo en el Cibao y proyecci\u00f3n nacional; experiencia de Estado, capacidad gerencial y amplio margen de crecimiento pol\u00edtico<\/strong>.<\/p>\n\n\n\n<p class=\"wp-block-paragraph\">Estas condiciones podr\u00edan convertirla, si decide asumir ese camino, en una precandidata capaz de concitar nuevas voluntades, unificar amplios sectores del PRM y presentarse posteriormente como una candidata presidencial competitiva.<\/p>\n\n\n\n<p class=\"wp-block-paragraph\">No se trata de adelantar acontecimientos ni de desconocer las leg\u00edtimas aspiraciones existentes dentro del partido, sino de colocar sobre la mesa una reflexi\u00f3n pol\u00edtica que merece ser considerada.<\/p>\n\n\n\n<p class=\"wp-block-paragraph\"><strong>Al ponderar las condiciones que necesitar\u00e1 el PRM para renovarse, preservar su unidad, ampliar su base electoral y conquistar nuevamente la confianza mayoritaria del pa\u00eds, Raquel Pe\u00f1a emerge como una figura con la formaci\u00f3n, experiencia, capacidad y equilibrio necesarios para aspirar a convertirse en la pr\u00f3xima presidenta de la Rep\u00fablica Dominicana.<\/strong><\/p>\n\n\n\n<p class=\"wp-block-paragraph\">Jose Angel Ferreras<\/p>\n\n\n\n<p class=\"wp-block-paragraph\"><a target=\"_blank\" href=\"mailto:joseferrerasperiodismodigital@gmail.com\" rel=\"noreferrer noopener\">joseferrerasperiodismo<\/a><\/p>\n","protected":false},"excerpt":{"rendered":"<p>Por El\u00edas Hasboun El futuro pol\u00edtico del Partido Revolucionario Moderno exige ponderar con serenidad y visi\u00f3n estrat\u00e9gica, las condiciones de quienes aspiren a presentarse ante el pa\u00eds como opci\u00f3n presidencial. En ese escenario, la vicepresidenta Raquel Pe\u00f1a re\u00fane cualidades pol\u00edticas, humanas, profesionales y electorales que la sit\u00faan entre las figuras con mayor potencial de crecimiento [&hellip;]<\/p>\n","protected":false},"author":2,"featured_media":694619,"comment_status":"open","ping_status":"closed","sticky":false,"template":"","format":"standard","meta":{"footnotes":""},"categories":[19,16],"tags":[],"class_list":["post-694618","post","type-post","status-publish","format-standard","has-post-thumbnail","hentry","category-mi-voz","category-opiniones"],"_links":{"self":[{"href":"https:\/\/diariodominicano.com\/index.php?rest_route=\/wp\/v2\/posts\/694618","targetHints":{"allow":["GET"]}}],"collection":[{"href":"https:\/\/diariodominicano.com\/index.php?rest_route=\/wp\/v2\/posts"}],"about":[{"href":"https:\/\/diariodominicano.com\/index.php?rest_route=\/wp\/v2\/types\/post"}],"author":[{"embeddable":true,"href":"https:\/\/diariodominicano.com\/index.php?rest_route=\/wp\/v2\/users\/2"}],"replies":[{"embeddable":true,"href":"https:\/\/diariodominicano.com\/index.php?rest_route=%2Fwp%2Fv2%2Fcomments&post=694618"}],"version-history":[{"count":1,"href":"https:\/\/diariodominicano.com\/index.php?rest_route=\/wp\/v2\/posts\/694618\/revisions"}],"predecessor-version":[{"id":694620,"href":"https:\/\/diariodominicano.com\/index.php?rest_route=\/wp\/v2\/posts\/694618\/revisions\/694620"}],"wp:featuredmedia":[{"embeddable":true,"href":"https:\/\/diariodominicano.com\/index.php?rest_route=\/wp\/v2\/media\/694619"}],"wp:attachment":[{"href":"https:\/\/diariodominicano.com\/index.php?rest_route=%2Fwp%2Fv2%2Fmedia&parent=694618"}],"wp:term":[{"taxonomy":"category","embeddable":true,"href":"https:\/\/diariodominicano.com\/index.php?rest_route=%2Fwp%2Fv2%2Fcategories&post=694618"},{"taxonomy":"post_tag","embeddable":true,"href":"https:\/\/diariodominicano.com\/index.php?rest_route=%2Fwp%2Fv2%2Ftags&post=694618"}],"curies":[{"name":"wp","href":"https:\/\/api.w.org\/{rel}","templated":true}]}}