{"id":694579,"date":"2026-09-03T23:33:28","date_gmt":"2026-09-04T03:33:28","guid":{"rendered":"https:\/\/diariodominicano.com\/?p=694579"},"modified":"2026-09-03T23:53:50","modified_gmt":"2026-09-04T03:53:50","slug":"jumbo-beauty-2026-celebra-la-belleza-de-verdad-y-promueve-una-vision-mas-autentica-de-la-belleza","status":"publish","type":"post","link":"https:\/\/diariodominicano.com\/?p=694579","title":{"rendered":"Jumbo Beauty 2026 celebra la Belleza de Verdad y promueve una visi\u00f3n m\u00e1s aut\u00e9ntica de la belleza"},"content":{"rendered":"\n<p class=\"wp-block-paragraph\">Madelyn Martinez, Pamela Sued, Cinthia Antonio y Yadira Gonz\u00e1lez<\/p>\n\n\n\n<p class=\"wp-block-paragraph\">Jumbo impulsa una plataforma que inspira a los dominicanos a vivir la belleza desde su propia realidad, acerc\u00e1ndoles productos, experiencias y tendencias que combinan bienestar, innovaci\u00f3n y accesibilidad.<\/p>\n\n\n\n<figure class=\"wp-block-image size-large\"><img loading=\"lazy\" decoding=\"async\" width=\"1024\" height=\"767\" src=\"https:\/\/diariodominicano.com\/wp-content\/uploads\/2026\/09\/Eyra-Peralta-Luis-Eduardo-Peralta-y-Brenda-Sanchez-1024x767.jpg\" alt=\"\" class=\"wp-image-694583\" srcset=\"https:\/\/diariodominicano.com\/wp-content\/uploads\/2026\/09\/Eyra-Peralta-Luis-Eduardo-Peralta-y-Brenda-Sanchez-1024x767.jpg 1024w, https:\/\/diariodominicano.com\/wp-content\/uploads\/2026\/09\/Eyra-Peralta-Luis-Eduardo-Peralta-y-Brenda-Sanchez-300x225.jpg 300w, https:\/\/diariodominicano.com\/wp-content\/uploads\/2026\/09\/Eyra-Peralta-Luis-Eduardo-Peralta-y-Brenda-Sanchez-768x575.jpg 768w, https:\/\/diariodominicano.com\/wp-content\/uploads\/2026\/09\/Eyra-Peralta-Luis-Eduardo-Peralta-y-Brenda-Sanchez-1536x1150.jpg 1536w, https:\/\/diariodominicano.com\/wp-content\/uploads\/2026\/09\/Eyra-Peralta-Luis-Eduardo-Peralta-y-Brenda-Sanchez-816x611.jpg 816w, https:\/\/diariodominicano.com\/wp-content\/uploads\/2026\/09\/Eyra-Peralta-Luis-Eduardo-Peralta-y-Brenda-Sanchez.jpg 1600w\" sizes=\"auto, (max-width: 1024px) 100vw, 1024px\" \/><\/figure>\n\n\n\n<p class=\"wp-block-paragraph\">Eyra Peralta, Luis Eduardo Peralta y Brenda S\u00e1nchez<\/p>\n\n\n\n<p class=\"wp-block-paragraph\"><strong>Santiago de los Caballeros, Republica Dominicana.<\/strong>\u00a0Jumbo present\u00f3 oficialmente la nueva edici\u00f3n de la temporada dedicada a la belleza, su plataforma Jumbo Beauty dedicada a la belleza, el cuidado personal y el bienestar. Bajo el concepto \u00abBelleza de Verdad\u00bb, esta entrega consolida ofertas, charlas y promociones con una plataforma que invita a vivir la belleza de manera aut\u00e9ntica, sin presiones ni est\u00e1ndares inalcanzables. La actividad se llev\u00f3 a cabo en la sucursal Jumbo \u00c1gora Santiago Center.<br><br>Con esta iniciativa, la marca busca conectar con una realidad cada vez m\u00e1s presente entre los consumidores: la necesidad de construir una relaci\u00f3n m\u00e1s genuina con la belleza, basada en el bienestar, la confianza y la individualidad. A trav\u00e9s de esta campa\u00f1a, Jumbo reafirma su compromiso de acercar a sus clientes productos, marcas y experiencias que les permitan expresar su mejor versi\u00f3n desde sus propias circunstancias, estilos de vida y necesidades.<\/p>\n\n\n\n<figure class=\"wp-block-image size-large\"><img loading=\"lazy\" decoding=\"async\" width=\"1024\" height=\"767\" src=\"https:\/\/diariodominicano.com\/wp-content\/uploads\/2026\/09\/Francisco-Sanchis-y-Elisa-Duarte-1024x767.jpg\" alt=\"\" class=\"wp-image-694585\" srcset=\"https:\/\/diariodominicano.com\/wp-content\/uploads\/2026\/09\/Francisco-Sanchis-y-Elisa-Duarte-1024x767.jpg 1024w, https:\/\/diariodominicano.com\/wp-content\/uploads\/2026\/09\/Francisco-Sanchis-y-Elisa-Duarte-300x225.jpg 300w, https:\/\/diariodominicano.com\/wp-content\/uploads\/2026\/09\/Francisco-Sanchis-y-Elisa-Duarte-768x575.jpg 768w, https:\/\/diariodominicano.com\/wp-content\/uploads\/2026\/09\/Francisco-Sanchis-y-Elisa-Duarte-1536x1150.jpg 1536w, https:\/\/diariodominicano.com\/wp-content\/uploads\/2026\/09\/Francisco-Sanchis-y-Elisa-Duarte-816x611.jpg 816w, https:\/\/diariodominicano.com\/wp-content\/uploads\/2026\/09\/Francisco-Sanchis-y-Elisa-Duarte.jpg 1600w\" sizes=\"auto, (max-width: 1024px) 100vw, 1024px\" \/><\/figure>\n\n\n\n<p class=\"wp-block-paragraph\">Francisco Sanchis y Elisa Duarte<\/p>\n\n\n\n<p class=\"wp-block-paragraph\">\u201cEn Jumbo creemos que la belleza m\u00e1s poderosa es aquella que nace de la autenticidad. Por eso, a\u00f1o tras a\u00f1o, desarrollamos esta plataforma con el prop\u00f3sito de inspirar a los dominicanos a celebrar su esencia, reconocer aquello que los hace \u00fanicos y vivir la belleza desde su propia realidad. Con Jumbo Beauty queremos seguir promoviendo una visi\u00f3n m\u00e1s inclusiva, cercana y libre de presiones, donde cada persona se sienta representada y valorada\u201d, expres\u00f3 Madelyn Mart\u00ednez, vicepresidenta de Mercadeo de Formatos y Retail financiero de CCN.<br><\/p>\n\n\n\n<figure class=\"wp-block-image size-large\"><img loading=\"lazy\" decoding=\"async\" width=\"1024\" height=\"767\" src=\"https:\/\/diariodominicano.com\/wp-content\/uploads\/2026\/09\/Lisbeth-de-la-Cruz-Niels-Urena-y-Maria-Amelia-Antuna-1024x767.jpg\" alt=\"\" class=\"wp-image-694588\" srcset=\"https:\/\/diariodominicano.com\/wp-content\/uploads\/2026\/09\/Lisbeth-de-la-Cruz-Niels-Urena-y-Maria-Amelia-Antuna-1024x767.jpg 1024w, https:\/\/diariodominicano.com\/wp-content\/uploads\/2026\/09\/Lisbeth-de-la-Cruz-Niels-Urena-y-Maria-Amelia-Antuna-300x225.jpg 300w, https:\/\/diariodominicano.com\/wp-content\/uploads\/2026\/09\/Lisbeth-de-la-Cruz-Niels-Urena-y-Maria-Amelia-Antuna-768x575.jpg 768w, https:\/\/diariodominicano.com\/wp-content\/uploads\/2026\/09\/Lisbeth-de-la-Cruz-Niels-Urena-y-Maria-Amelia-Antuna-1536x1150.jpg 1536w, https:\/\/diariodominicano.com\/wp-content\/uploads\/2026\/09\/Lisbeth-de-la-Cruz-Niels-Urena-y-Maria-Amelia-Antuna-816x611.jpg 816w, https:\/\/diariodominicano.com\/wp-content\/uploads\/2026\/09\/Lisbeth-de-la-Cruz-Niels-Urena-y-Maria-Amelia-Antuna.jpg 1600w\" sizes=\"auto, (max-width: 1024px) 100vw, 1024px\" \/><\/figure>\n\n\n\n<p class=\"wp-block-paragraph\"><br><strong>\u00a0Lisbeth de la Cruz, Niels Ure\u00f1a y Mar\u00eda Amelia Antu\u00f1a<\/strong><br><\/p>\n\n\n\n<p class=\"wp-block-paragraph\">Como anfitriona principal de esta edici\u00f3n, la reconocida comunicadora y creadora de contenido Katherine Collado, \u201cLa Comparona\u201d, ser\u00e1 la imagen de una campa\u00f1a que celebra la autenticidad y la conexi\u00f3n real con los consumidores.En esta edici\u00f3n, Jumbo Beauty tendr\u00e1 vigencia por primera vez durante 45 d\u00edas e incorpora su propia comunidad digital, con una cuenta dedicada en Instagram (@jumbobeautyrd) y un landing page dentro de la p\u00e1gina web de Jumbo.<br>Como parte de su propuesta para esta temporada, Jumbo incorporar\u00e1 importantes novedades orientadas a acercar a los consumidores las principales tendencias de la industria de la belleza. Entre ellas destacan los perfumes Flor de Mayo, reconocidos por su amplia variedad de fragancias y su excelente relaci\u00f3n calidad-precio, as\u00ed como los productos de la marca coreana SOQU, exclusiva de Jumbo, alineados con las \u00faltimas tendencias internacionales en el cuidado de la piel.<\/p>\n\n\n\n<figure class=\"wp-block-image size-large\"><img loading=\"lazy\" decoding=\"async\" width=\"1024\" height=\"767\" src=\"https:\/\/diariodominicano.com\/wp-content\/uploads\/2026\/09\/Carmen-Munoz-y-Ariela-Rodriguez-1024x767.jpg\" alt=\"\" class=\"wp-image-694592\" srcset=\"https:\/\/diariodominicano.com\/wp-content\/uploads\/2026\/09\/Carmen-Munoz-y-Ariela-Rodriguez-1024x767.jpg 1024w, https:\/\/diariodominicano.com\/wp-content\/uploads\/2026\/09\/Carmen-Munoz-y-Ariela-Rodriguez-300x225.jpg 300w, https:\/\/diariodominicano.com\/wp-content\/uploads\/2026\/09\/Carmen-Munoz-y-Ariela-Rodriguez-768x575.jpg 768w, https:\/\/diariodominicano.com\/wp-content\/uploads\/2026\/09\/Carmen-Munoz-y-Ariela-Rodriguez-1536x1150.jpg 1536w, https:\/\/diariodominicano.com\/wp-content\/uploads\/2026\/09\/Carmen-Munoz-y-Ariela-Rodriguez-816x611.jpg 816w, https:\/\/diariodominicano.com\/wp-content\/uploads\/2026\/09\/Carmen-Munoz-y-Ariela-Rodriguez.jpg 1600w\" sizes=\"auto, (max-width: 1024px) 100vw, 1024px\" \/><\/figure>\n\n\n\n<p class=\"wp-block-paragraph\"><br><br><strong>\u00a0Carmen Mu\u00f1oz y Ariela Rodr\u00edguez<\/strong><\/p>\n\n\n\n<p class=\"wp-block-paragraph\">\u201cEn Jumbo nos esforzamos constantemente por acercar a nuestros clientes las \u00faltimas innovaciones y tendencias de la industria de la belleza a nivel local e internacional.<\/p>\n\n\n\n<p class=\"wp-block-paragraph\">\u00a0Esta edici\u00f3n incorpora propuestas que responden a las nuevas preferencias de los consumidores, desde reconocidas marcas de perfumer\u00eda hasta productos inspirados en la belleza coreana, reafirmando nuestro compromiso de ofrecer un portafolio moderno, relevante y a la vanguardia\u201d, afirm\u00f3 Cinthia Antonio, vicepresidenta de Jumbo.<\/p>\n\n\n\n<figure class=\"wp-block-image size-large\"><img loading=\"lazy\" decoding=\"async\" width=\"1024\" height=\"767\" src=\"https:\/\/diariodominicano.com\/wp-content\/uploads\/2026\/09\/Jose-Liranzo-Chamilex-Minaya-Chantal-Silliman-y-Michell-Cordero-1024x767.jpg\" alt=\"\" class=\"wp-image-694595\" srcset=\"https:\/\/diariodominicano.com\/wp-content\/uploads\/2026\/09\/Jose-Liranzo-Chamilex-Minaya-Chantal-Silliman-y-Michell-Cordero-1024x767.jpg 1024w, https:\/\/diariodominicano.com\/wp-content\/uploads\/2026\/09\/Jose-Liranzo-Chamilex-Minaya-Chantal-Silliman-y-Michell-Cordero-300x225.jpg 300w, https:\/\/diariodominicano.com\/wp-content\/uploads\/2026\/09\/Jose-Liranzo-Chamilex-Minaya-Chantal-Silliman-y-Michell-Cordero-768x575.jpg 768w, https:\/\/diariodominicano.com\/wp-content\/uploads\/2026\/09\/Jose-Liranzo-Chamilex-Minaya-Chantal-Silliman-y-Michell-Cordero-1536x1150.jpg 1536w, https:\/\/diariodominicano.com\/wp-content\/uploads\/2026\/09\/Jose-Liranzo-Chamilex-Minaya-Chantal-Silliman-y-Michell-Cordero-816x611.jpg 816w, https:\/\/diariodominicano.com\/wp-content\/uploads\/2026\/09\/Jose-Liranzo-Chamilex-Minaya-Chantal-Silliman-y-Michell-Cordero.jpg 1600w\" sizes=\"auto, (max-width: 1024px) 100vw, 1024px\" \/><\/figure>\n\n\n\n<p class=\"wp-block-paragraph\"><br><strong><br>Jos\u00e9 Liranzo, Chamilex Minaya, Chantal Silliman y Michell Cordero<\/strong><br><\/p>\n\n\n\n<p class=\"wp-block-paragraph\">En el marco de esta nueva entrega de Jumbo Beauty, la marca reconoci\u00f3 a 12 profesionales del maquillaje y el estilismo como \u00edconos de la belleza dominicana. Los galardonados fueron seleccionados por la huella significativa que han dejado en la industria de la belleza dominicana, destac\u00e1ndose por su impacto, liderazgo y contribuci\u00f3n al desarrollo del sector.<br>De igual manera, se valor\u00f3 su participaci\u00f3n en proyectos de relevancia vinculados al entretenimiento, la moda, los medios de comunicaci\u00f3n, las producciones editoriales y las figuras p\u00fablicas, adem\u00e1s de contar con una identidad profesional s\u00f3lida y afinidad con el universo de belleza que promueve Jumbo.<br><br>Como novedad, la campa\u00f1a incorpora una promoci\u00f3n inspirada en algunas de las principales \u00abCiudades de la Belleza\u00bb del mundo, destacando a Par\u00eds (Francia), Nueva York y Los \u00c1ngeles (Estados Unidos), Mil\u00e1n (Italia), S\u00e3o Paulo (Brasil) y Se\u00fal (Corea del Sur), como algunos de los referentes globales m\u00e1s importantes de la industria del cuidado personal y facial. La iniciativa busca acercar a los consumidores dominicanos a las tendencias, innovaciones y experiencias que est\u00e1n definiendo el futuro de la belleza a nivel internacional.<\/p>\n\n\n\n<figure class=\"wp-block-image size-large\"><img loading=\"lazy\" decoding=\"async\" width=\"1024\" height=\"776\" src=\"https:\/\/diariodominicano.com\/wp-content\/uploads\/2026\/09\/Claudia-Taveras-y-Angely-Pena-1024x776.jpg\" alt=\"\" class=\"wp-image-694598\" srcset=\"https:\/\/diariodominicano.com\/wp-content\/uploads\/2026\/09\/Claudia-Taveras-y-Angely-Pena-1024x776.jpg 1024w, https:\/\/diariodominicano.com\/wp-content\/uploads\/2026\/09\/Claudia-Taveras-y-Angely-Pena-300x227.jpg 300w, https:\/\/diariodominicano.com\/wp-content\/uploads\/2026\/09\/Claudia-Taveras-y-Angely-Pena-768x582.jpg 768w, https:\/\/diariodominicano.com\/wp-content\/uploads\/2026\/09\/Claudia-Taveras-y-Angely-Pena-816x618.jpg 816w, https:\/\/diariodominicano.com\/wp-content\/uploads\/2026\/09\/Claudia-Taveras-y-Angely-Pena.jpg 1261w\" sizes=\"auto, (max-width: 1024px) 100vw, 1024px\" \/><\/figure>\n\n\n\n<p class=\"wp-block-paragraph\"><br><br>Claudia Taveras y Angely Pe\u00f1a<\/p>\n\n\n\n<p class=\"wp-block-paragraph\">Adem\u00e1s, como parte de la temporada Jumbo Beauty, los clientes podr\u00e1n disfrutar de m\u00faltiples descuentos en sus productos favoritos, promociones especiales y una agenda de actividades enfocadas en bienestar, autoestima, cuidado personal y tendencias de belleza, concebidas para brindar herramientas pr\u00e1cticas e inspiraci\u00f3n a quienes desean construir una relaci\u00f3n m\u00e1s aut\u00e9ntica y saludable con la belleza.<br><br>Estas propuestas, junto con las experiencias, activaciones y ofertas exclusivas de la temporada, reafirman el compromiso de Jumbo de acercar la belleza a sus clientes de una manera m\u00e1s accesible, aut\u00e9ntica y relevante.<br>Con Jumbo Beauty 2026, la marca contin\u00faa fortaleciendo su posicionamiento como el retailer que hace la belleza m\u00e1s real y accesible para todos los dominicanos, ofreciendo una propuesta integral que combina innovaci\u00f3n, tendencias, valor y experiencias alineadas con las necesidades de los consumidores actuales, inspir\u00e1ndolos a vivir y celebrar su propia Belleza de Verdad.<br><br><strong>Sobre Jumbo<\/strong><\/p>\n\n\n\n<p class=\"wp-block-paragraph\">Jumbo es la propuesta de hipermercados del Centro Cuesta Nacional que est\u00e1n dise\u00f1ados para satisfacer las necesidades, preferencias y gustos de sus clientes. Con espacios que brindan confort y comodidad para asegurar una buena experiencia de compras, Jumbo cuenta con una diferenciaci\u00f3n marcada en su espacio, manteni\u00e9ndose a la vanguardia de las \u00faltimas tendencias y asumiendo el liderazgo de surtido a trav\u00e9s de la gran variedad de marcas locales e internacionales que ofrece en todo el pa\u00eds. Con su promesa de \u00a1Lo M\u00e1ximo!, Jumbo se convierte en la mejor propuesta de valor de calidad, variedad y precios competitivos del mercado.<a href=\"http:\/\/www.jumbo.com.do\/\" target=\"_blank\" rel=\"noreferrer noopener\">www.jumbo.com.do<\/a><\/p>\n\n\n\n<p class=\"wp-block-paragraph\">Johanna Benoit<\/p>\n\n\n\n<p class=\"wp-block-paragraph\"><a target=\"_blank\" href=\"mailto:benoit181182@gmail.com\" rel=\"noreferrer noopener\">benoit181182@gmail.co<\/a><\/p>\n\n\n\n<p class=\"wp-block-paragraph\"><\/p>\n","protected":false},"excerpt":{"rendered":"<p>Madelyn Martinez, Pamela Sued, Cinthia Antonio y Yadira Gonz\u00e1lez Jumbo impulsa una plataforma que inspira a los dominicanos a vivir la belleza desde su propia realidad, acerc\u00e1ndoles productos, experiencias y tendencias que combinan bienestar, innovaci\u00f3n y accesibilidad. Eyra Peralta, Luis Eduardo Peralta y Brenda S\u00e1nchez Santiago de los Caballeros, Republica Dominicana.\u00a0Jumbo present\u00f3 oficialmente la nueva [&hellip;]<\/p>\n","protected":false},"author":2,"featured_media":694580,"comment_status":"open","ping_status":"closed","sticky":false,"template":"","format":"standard","meta":{"footnotes":""},"categories":[25,32],"tags":[8239],"class_list":["post-694579","post","type-post","status-publish","format-standard","has-post-thumbnail","hentry","category-gente","category-turismo","tag-jumbo-beauty-2026"],"_links":{"self":[{"href":"https:\/\/diariodominicano.com\/index.php?rest_route=\/wp\/v2\/posts\/694579","targetHints":{"allow":["GET"]}}],"collection":[{"href":"https:\/\/diariodominicano.com\/index.php?rest_route=\/wp\/v2\/posts"}],"about":[{"href":"https:\/\/diariodominicano.com\/index.php?rest_route=\/wp\/v2\/types\/post"}],"author":[{"embeddable":true,"href":"https:\/\/diariodominicano.com\/index.php?rest_route=\/wp\/v2\/users\/2"}],"replies":[{"embeddable":true,"href":"https:\/\/diariodominicano.com\/index.php?rest_route=%2Fwp%2Fv2%2Fcomments&post=694579"}],"version-history":[{"count":7,"href":"https:\/\/diariodominicano.com\/index.php?rest_route=\/wp\/v2\/posts\/694579\/revisions"}],"predecessor-version":[{"id":694599,"href":"https:\/\/diariodominicano.com\/index.php?rest_route=\/wp\/v2\/posts\/694579\/revisions\/694599"}],"wp:featuredmedia":[{"embeddable":true,"href":"https:\/\/diariodominicano.com\/index.php?rest_route=\/wp\/v2\/media\/694580"}],"wp:attachment":[{"href":"https:\/\/diariodominicano.com\/index.php?rest_route=%2Fwp%2Fv2%2Fmedia&parent=694579"}],"wp:term":[{"taxonomy":"category","embeddable":true,"href":"https:\/\/diariodominicano.com\/index.php?rest_route=%2Fwp%2Fv2%2Fcategories&post=694579"},{"taxonomy":"post_tag","embeddable":true,"href":"https:\/\/diariodominicano.com\/index.php?rest_route=%2Fwp%2Fv2%2Ftags&post=694579"}],"curies":[{"name":"wp","href":"https:\/\/api.w.org\/{rel}","templated":true}]}}