{"id":694567,"date":"2026-09-03T23:15:28","date_gmt":"2026-09-04T03:15:28","guid":{"rendered":"https:\/\/diariodominicano.com\/?p=694567"},"modified":"2026-09-03T23:18:53","modified_gmt":"2026-09-04T03:18:53","slug":"exministra-de-salud-guzman-marcelino-cuestiona-la-vigilancia-epidemiologica-actual","status":"publish","type":"post","link":"https:\/\/diariodominicano.com\/?p=694567","title":{"rendered":"Exministra de Salud Altagracia Guzm\u00e1n Marcelino cuestiona la vigilancia epidemiol\u00f3gica actual"},"content":{"rendered":"\n<p class=\"wp-block-paragraph\"><em>Preocupaci\u00f3n y escepticismo ante el incremento de muertes materna y de reci\u00e9n nacidos en Rep\u00fablica Dominicana exministra de Salud cuestiona la vigilancia epidemiol\u00f3gica actual<\/em><\/p>\n\n\n\n<p class=\"wp-block-paragraph\"><strong>Altagracia Guzm\u00e1n Marcelino, exministra de Salud P\u00fablica y miembro del Comit\u00e9 Central del Partido de la Liberaci\u00f3n Dominicana (PLD)<\/strong>, mostr\u00f3 su preocupaci\u00f3n y escepticismo ante el incremento de muertes materna e infantil en el pa\u00eds generando las alarmas de diversos sectores de la sociedad.<\/p>\n\n\n\n<p class=\"wp-block-paragraph\">Entrevistada en el programa Despierta con CDN, Guzm\u00e1n Marcelino reiter\u00f3 sus cuestionamientos a la vigilancia epidemiol\u00f3gica actual respecto a la efectividad y rigor de los procedimientos.<\/p>\n\n\n\n<p class=\"wp-block-paragraph\">Calific\u00f3 la situaci\u00f3n de \u201cgrave\u201d, se\u00f1alando que la p\u00e9rdida de vidas de reci\u00e9n nacidos y gestantes por causas evitables representa una falla inaceptable en los par\u00e1metros que miden la calidad de vida y la atenci\u00f3n m\u00e9dica de la poblaci\u00f3n.<\/p>\n\n\n\n<p class=\"wp-block-paragraph\">La doctora Guzm\u00e1n Marcelino aclar\u00f3 que, pesar de que las muertes maternas e infantiles son de notificaci\u00f3n obligatoria en el sistema epidemiol\u00f3gico nacional desde 1997, especialistas expresan una creciente desconfianza en los reportes y boletines oficiales actuales, citando irregularidades en la periodicidad de la informaci\u00f3n y falta de transparencia en el reporte de casos desde los centros de salud.<\/p>\n\n\n\n<p class=\"wp-block-paragraph\">Entre los factores clave que inciden en el deterioro de los indicadores de salud neonatal destac\u00f3: el incumplimiento severo de las normas elementales de higiene y desinfecci\u00f3n en \u00e1reas cr\u00edticas \u2014como la manipulaci\u00f3n inadecuada de instrumental, aspiradores y equipos de cuidado neonatal\u2014 que incrementa el riesgo de proliferaci\u00f3n de bacterias como la Klebsiella, derivando en brotes infecciosos letales.<\/p>\n\n\n\n<p class=\"wp-block-paragraph\">Asimismo, refiri\u00f3 el uso excesivo e inducci\u00f3n de ces\u00e1reas, cuyo porcentaje alcanza niveles alarmantes en el pa\u00eds (cercano al 90 % en el sector privado y superando el 50 % en el sector p\u00fablico).<\/p>\n\n\n\n<p class=\"wp-block-paragraph\">\u201cEsta pr\u00e1ctica incrementa las complicaciones respiratorias en los reci\u00e9n nacidos en comparaci\u00f3n con el parto vaginal, adem\u00e1s de responder en muchos casos a la falta de insumos para la inducci\u00f3n del parto o a la carencia de equipos de diagn\u00f3stico como son\u00f3grafos fetales en los hospitales p\u00fablicos\u201d, agreg\u00f3.<\/p>\n\n\n\n<p class=\"wp-block-paragraph\">Igualmente, debilidad en el primer nivel de atenci\u00f3n donde se evidencian fallas en el seguimiento a las gestantes en la consulta prenatal peri\u00f3dica, el control de la hipertensi\u00f3n arterial y la prevenci\u00f3n de partos prematuros o neonatos con bajo peso al nacer.<\/p>\n\n\n\n<p class=\"wp-block-paragraph\">Dijo que el temor a ser deportadas o la falta de apoyo familiar ha alejado a parturientas de nacionalidad extranjera de la atenci\u00f3n hospitalaria oportuna, derivando en partos sin asistencia m\u00e9dica y en condiciones desfavorables que agravan la estad\u00edstica de mortalidad.<\/p>\n\n\n\n<p class=\"wp-block-paragraph\">Frente a esta crisis, la ex ministra de Salud P\u00fablica enfatiz\u00f3 que la fiscalizaci\u00f3n e investigaci\u00f3n de estos decesos debe recaer estrictamente en el Ministerio de Salud P\u00fablica como ente rector, regulador y fiscalizador del sistema, y no en las entidades operadoras de la red p\u00fablica, a fin de evitar situaciones donde el evaluador sea juez y parte.<\/p>\n\n\n\n<p class=\"wp-block-paragraph\"><strong>SECRETARIA DE COMUNICACIONES<\/strong><\/p>\n\n\n\n<p class=\"wp-block-paragraph\"><strong>03 DE SEPTIEMBRE, 2026.-<\/strong><\/p>\n","protected":false},"excerpt":{"rendered":"<p>Preocupaci\u00f3n y escepticismo ante el incremento de muertes materna y de reci\u00e9n nacidos en Rep\u00fablica Dominicana exministra de Salud cuestiona la vigilancia epidemiol\u00f3gica actual Altagracia Guzm\u00e1n Marcelino, exministra de Salud P\u00fablica y miembro del Comit\u00e9 Central del Partido de la Liberaci\u00f3n Dominicana (PLD), mostr\u00f3 su preocupaci\u00f3n y escepticismo ante el incremento de muertes materna e [&hellip;]<\/p>\n","protected":false},"author":2,"featured_media":694569,"comment_status":"open","ping_status":"closed","sticky":false,"template":"","format":"standard","meta":{"footnotes":""},"categories":[20,22],"tags":[8237],"class_list":["post-694567","post","type-post","status-publish","format-standard","has-post-thumbnail","hentry","category-dominicana-hoy","category-politica","tag-altagracia-guzman-marcelino"],"_links":{"self":[{"href":"https:\/\/diariodominicano.com\/index.php?rest_route=\/wp\/v2\/posts\/694567","targetHints":{"allow":["GET"]}}],"collection":[{"href":"https:\/\/diariodominicano.com\/index.php?rest_route=\/wp\/v2\/posts"}],"about":[{"href":"https:\/\/diariodominicano.com\/index.php?rest_route=\/wp\/v2\/types\/post"}],"author":[{"embeddable":true,"href":"https:\/\/diariodominicano.com\/index.php?rest_route=\/wp\/v2\/users\/2"}],"replies":[{"embeddable":true,"href":"https:\/\/diariodominicano.com\/index.php?rest_route=%2Fwp%2Fv2%2Fcomments&post=694567"}],"version-history":[{"count":2,"href":"https:\/\/diariodominicano.com\/index.php?rest_route=\/wp\/v2\/posts\/694567\/revisions"}],"predecessor-version":[{"id":694574,"href":"https:\/\/diariodominicano.com\/index.php?rest_route=\/wp\/v2\/posts\/694567\/revisions\/694574"}],"wp:featuredmedia":[{"embeddable":true,"href":"https:\/\/diariodominicano.com\/index.php?rest_route=\/wp\/v2\/media\/694569"}],"wp:attachment":[{"href":"https:\/\/diariodominicano.com\/index.php?rest_route=%2Fwp%2Fv2%2Fmedia&parent=694567"}],"wp:term":[{"taxonomy":"category","embeddable":true,"href":"https:\/\/diariodominicano.com\/index.php?rest_route=%2Fwp%2Fv2%2Fcategories&post=694567"},{"taxonomy":"post_tag","embeddable":true,"href":"https:\/\/diariodominicano.com\/index.php?rest_route=%2Fwp%2Fv2%2Ftags&post=694567"}],"curies":[{"name":"wp","href":"https:\/\/api.w.org\/{rel}","templated":true}]}}