{"id":694541,"date":"2026-09-03T22:44:12","date_gmt":"2026-09-04T02:44:12","guid":{"rendered":"https:\/\/diariodominicano.com\/?p=694541"},"modified":"2026-09-03T22:46:38","modified_gmt":"2026-09-04T02:46:38","slug":"el-comite-de-solidaridad-en-defensa-de-la-soberania-de-los-pueblos-en-lucha-exige-libertad-del-presidente-nicolas-maduro-y-cilia-flores","status":"publish","type":"post","link":"https:\/\/diariodominicano.com\/?p=694541","title":{"rendered":"El Comit\u00e9 de Solidaridad en Defensa de la Soberan\u00eda de los pueblos en Lucha exige libertad del Presidente Nicol\u00e1s Maduro y Cilia Flores"},"content":{"rendered":"\n<p class=\"wp-block-paragraph\">El Comit\u00e9 de Solidaridad en Defensa de la Soberan\u00eda de los pueblos en Lucha, exige libertad del Presidente Nicol\u00e1s Maduro y Cilia Flores, en un comunicado de prensa se\u00f1al\u00f3 que a 8 meses del secuestro del presidente Nicol\u00e1s Maduro y Cilia Flores mediante una intervenci\u00f3n militar en Venezuela, el Comit\u00e9 de Solidaridad en Defensa de la Soberan\u00eda de los pueblos en Lucha, realiz\u00f3 una parada solidaria reclamando el fin del secuestro y llamando \u00a0a que se respete el Derecho Internacional y la Convenci\u00f3n de Viena \u00a0que protege con inmunidad a los Jefes de Estado. <\/p>\n\n\n\n<p class=\"wp-block-paragraph\"><\/p>\n\n\n\n<p class=\"wp-block-paragraph\">Diariodominicano.com copia a continuaci\u00f3n el comunicado de prensa  del Comit\u00e9<a href=\"https:\/\/youtu.be\/Kpni_pkLa-0\" target=\"_blank\" rel=\"noreferrer noopener\">, el cual fue leido  durante la parada realizada en la Plaza Sim\u00f3n Bol\u00edvar<\/a>:\u00a0<\/p>\n\n\n\n<p class=\"wp-block-paragraph\">A 8 meses del secuestro del presidente Nicol\u00e1s Maduro y Cilia Flores mediante una intervenci\u00f3n militar en Venezuela, el Comit\u00e9 de Solidaridad en Defensa de la Soberan\u00eda de los pueblos en Lucha, realiz\u00f3 una parada solidaria reclamando el fin del secuestro y llamando &nbsp;a que se respete el Derecho Internacional y la Convenci\u00f3n de Viena &nbsp;que protege con inmunidad a los Jefes de Estado. A continuaci\u00f3n el comunicado que&nbsp;<a href=\"https:\/\/youtu.be\/Kpni_pkLa-0\" target=\"_blank\" rel=\"noreferrer noopener\">se ley\u00f3 durante la parada realizada en la Plaza Sim\u00f3n Bol\u00edvar<\/a>:&nbsp;<\/p>\n\n\n\n<figure class=\"wp-block-image\"><img decoding=\"async\" src=\"https:\/\/ci3.googleusercontent.com\/meips\/ADKq_NZLn4Rmjh8M9tSH1M4Vm82hDR3cQVEXuyPP9uRCVPytEm0uA-rwdxqRdXXCcj1ykOSZyOI8A87rRBt11KZtSdgRHHrJcAKK7-sadBVtzTCizlZ-ug9xL0AyrVgf4DZMld9n3_5Ana6_7csgtiqLRULxDKsUW9gSVg5JXTLzuiT8QhpOFR5qIeHtSZotlwanbSb3iURf20gwKg1PFjWIOvNVVohnDNPff9SQVfTmK_XtZzED5qZPnSiZgFk5OMxV3w5iSD894UMqBU3-Tam_B2XyAlRgcyC5AQCiolEmiEQTuHhugj7OFBsRhjF3eCSuDiM4yLeGZztt6NjQXr4P5b6pnEzBSuU=s0-d-e1-ft#https:\/\/blogger.googleusercontent.com\/img\/a\/AVvXsEivnZWb5Si3xGcplrA39iZ7usdqaEiCqMV4w_sF62oUJzgpWHJtkf2aBRI73tHhBc7ezjYHzM7E7uk_p2-YP8ktTQlCkLk5rKSXZGE5DEnZkyBhaj47KyVL1eFtxX5pF0w7q-SHlJccU_iVW0h8kgJy39ScD-1E_nrqRIEEddlGw20-20hSTMRIOqL2YLg\" alt=\"\"\/><\/figure>\n\n\n\n<p class=\"wp-block-paragraph\"><strong>COMUNICADO<\/strong><\/p>\n\n\n\n<p class=\"wp-block-paragraph\">Link con videos, fotos y texto:\u00a0<a href=\"https:\/\/drive.google.com\/drive\/folders\/1NVtazQRTNqXHkP8b3cbk4H1SfKAROzRq?usp=sharing\" target=\"_blank\" rel=\"noreferrer noopener\">https:\/\/drive.google.com\/drive\/folders\/1NVtazQRTNqXHkP8b3cbk4H1SfKAROzRq?usp=sharing\u00a0<\/a><\/p>\n\n\n\n<p class=\"wp-block-paragraph\"><strong>A 8 Meses del Secuestro del Presidente Nicol\u00e1s Maduro y Cilia Flores&nbsp;<\/strong><\/p>\n\n\n\n<p class=\"wp-block-paragraph\"><strong>\u00a1Exigimos su Libertad!<\/strong><\/p>\n\n\n\n<p class=\"wp-block-paragraph\">Al cumplirse ocho meses de la agresi\u00f3n de Estados Unidos contra la Rep\u00fablica Bolivariana de Venezuela, reiteramos la denuncia de&nbsp; que esta intervenci\u00f3n responde al inter\u00e9s de controlar sus inmensas riquezas naturales, en particular las mayores reservas de petr\u00f3leo del mundo. Han sido ocho meses de coacci\u00f3n, amenazas y violaciones sistem\u00e1ticas del Derecho Internacional: vulneraci\u00f3n de la soberan\u00eda, saqueo de recursos y activos, manteniendo el secuestro del Presidente constitucional de Venezuela, Nicol\u00e1s Maduro y de la diputada Cilia Flores, sobre la base&nbsp; de un juicio sustentado en falsedades.<\/p>\n\n\n\n<p class=\"wp-block-paragraph\">El Presidente Nicol\u00e1s Maduro y Cilia Flores son inocentes. Son prisioneros de una agresi\u00f3n ilegal. Como Jefe de Estado, Maduro goza de inmunidad conforme al Derecho Internacional y no puede ser juzgado por tribunales extranjeros. As\u00ed lo ha sostenido su abogado, Barry Pollack, ante el juez de distrito en Manhattan, Alvin Hellerstein, al afirmar que el Presidente \u201cgoza de inmunidad judicial como Jefe de Estado de un pa\u00eds soberano\u201d, principio respaldado tambi\u00e9n por la Convenci\u00f3n de Viena.<\/p>\n\n\n\n<p class=\"wp-block-paragraph\">No puede el Derecho Internacional sostenerse sobre la ilegalidad ni sobre las falsedades promovidas por Donald Trump y la estructura imperialista de su gobierno y el propio Estados Unidos. No puede legitimarse la intervenci\u00f3n militar a ning\u00fan pa\u00eds, la del 3 de enero ha costado la vida de m\u00e1s de 120 personas, incluidos 32 ciudadanos cubanos, casi todas las v\u00edctimas custodios del Presidente.<\/p>\n\n\n\n<p class=\"wp-block-paragraph\">La justicia internacional debe imponerse. El secuestro del Presidente Maduro y de Cilia Flores debe cesar de inmediato.<\/p>\n\n\n\n<p class=\"wp-block-paragraph\">Denunciamos, adem\u00e1s, que la regi\u00f3n del&nbsp; Caribe contin\u00faa militarizada por fuerzas estadounidenses. La presencia de sus embarcaciones representa una amenaza permanente para la paz regional y ha tra\u00eddo consigo bloqueo, violencia y acciones que vulneran la soberan\u00eda de los pueblos.<\/p>\n\n\n\n<p class=\"wp-block-paragraph\">Reafirmamos que el Caribe es zona de paz y como tal debe ser respetado. Exigimos la desmilitarizaci\u00f3n inmediata de sus espacios mar\u00edtimo y territorial.&nbsp;<\/p>\n\n\n\n<p class=\"wp-block-paragraph\"><strong>\u00a1Libertad inmediata para el Presidente Nicol\u00e1s Maduro y Cilia Flores!<\/strong><\/p>\n\n\n\n<p class=\"wp-block-paragraph\"><strong>No al bloqueo y sanciones coercitivas contra Venezuela<\/strong><\/p>\n\n\n\n<p class=\"wp-block-paragraph\"><strong>\u00a1El Caribe debe ser zona de paz!<\/strong><\/p>\n\n\n\n<p class=\"wp-block-paragraph\"><strong>\u00a1Fuera las tropas estadounidenses del Caribe!<\/strong><\/p>\n\n\n\n<p class=\"wp-block-paragraph\">Santo Domingo, Rep\u00fablica Dominicana<\/p>\n\n\n\n<p class=\"wp-block-paragraph\">Agenda Solidaridad<\/p>\n\n\n\n<p class=\"wp-block-paragraph\"><a target=\"_blank\" href=\"mailto:agendasolidaridad5@gmail.com\" rel=\"noreferrer noopener\">agendasolidaridad5@gmail.co<\/a><\/p>\n\n\n\n<p class=\"wp-block-paragraph\">3 de septiembre de 2026<\/p>\n","protected":false},"excerpt":{"rendered":"<p>El Comit\u00e9 de Solidaridad en Defensa de la Soberan\u00eda de los pueblos en Lucha, exige libertad del Presidente Nicol\u00e1s Maduro y Cilia Flores, en un comunicado de prensa se\u00f1al\u00f3 que a 8 meses del secuestro del presidente Nicol\u00e1s Maduro y Cilia Flores mediante una intervenci\u00f3n militar en Venezuela, el Comit\u00e9 de Solidaridad en Defensa de [&hellip;]<\/p>\n","protected":false},"author":2,"featured_media":694542,"comment_status":"open","ping_status":"closed","sticky":false,"template":"","format":"standard","meta":{"footnotes":""},"categories":[22],"tags":[5269],"class_list":["post-694541","post","type-post","status-publish","format-standard","has-post-thumbnail","hentry","category-politica","tag-comite-de-solidaridad-en-defensa-de-la-soberania-de-los-pueblos-en-lucha"],"_links":{"self":[{"href":"https:\/\/diariodominicano.com\/index.php?rest_route=\/wp\/v2\/posts\/694541","targetHints":{"allow":["GET"]}}],"collection":[{"href":"https:\/\/diariodominicano.com\/index.php?rest_route=\/wp\/v2\/posts"}],"about":[{"href":"https:\/\/diariodominicano.com\/index.php?rest_route=\/wp\/v2\/types\/post"}],"author":[{"embeddable":true,"href":"https:\/\/diariodominicano.com\/index.php?rest_route=\/wp\/v2\/users\/2"}],"replies":[{"embeddable":true,"href":"https:\/\/diariodominicano.com\/index.php?rest_route=%2Fwp%2Fv2%2Fcomments&post=694541"}],"version-history":[{"count":3,"href":"https:\/\/diariodominicano.com\/index.php?rest_route=\/wp\/v2\/posts\/694541\/revisions"}],"predecessor-version":[{"id":694546,"href":"https:\/\/diariodominicano.com\/index.php?rest_route=\/wp\/v2\/posts\/694541\/revisions\/694546"}],"wp:featuredmedia":[{"embeddable":true,"href":"https:\/\/diariodominicano.com\/index.php?rest_route=\/wp\/v2\/media\/694542"}],"wp:attachment":[{"href":"https:\/\/diariodominicano.com\/index.php?rest_route=%2Fwp%2Fv2%2Fmedia&parent=694541"}],"wp:term":[{"taxonomy":"category","embeddable":true,"href":"https:\/\/diariodominicano.com\/index.php?rest_route=%2Fwp%2Fv2%2Fcategories&post=694541"},{"taxonomy":"post_tag","embeddable":true,"href":"https:\/\/diariodominicano.com\/index.php?rest_route=%2Fwp%2Fv2%2Ftags&post=694541"}],"curies":[{"name":"wp","href":"https:\/\/api.w.org\/{rel}","templated":true}]}}