{"id":694537,"date":"2026-09-03T22:22:24","date_gmt":"2026-09-04T02:22:24","guid":{"rendered":"https:\/\/diariodominicano.com\/?p=694537"},"modified":"2026-09-03T22:22:33","modified_gmt":"2026-09-04T02:22:33","slug":"tribunal-colegiado-del-distrito-judicial-de-hermanas-mirabal-condena-a-30-anos-de-prision-a-dos-hombres-que-asesinaron-a-otro-en-salcedo","status":"publish","type":"post","link":"https:\/\/diariodominicano.com\/?p=694537","title":{"rendered":"Tribunal Colegiado del distrito judicial de Hermanas Mirabal condena a 30 a\u00f1os de prisi\u00f3n a dos hombres que asesinaron a otro en Salcedo"},"content":{"rendered":"\n<p class=\"wp-block-paragraph\">ARCHIVO: Fortaleza Juana N\u00fa\u00f1ez de Salcedo.<\/p>\n\n\n\n<p class=\"wp-block-paragraph\"><strong>SANTO DOMINGO (Rep\u00fablica Dominicana).-<\/strong>&nbsp;Al acoger la solicitud del Ministerio P\u00fablico, un tribunal conden\u00f3 a 30 a\u00f1os de prisi\u00f3n a dos hombres que se asociaron para asesinar a otro el pasado a\u00f1o, en un hecho ocurrido en el sector Los Mangos, del municipio de Salcedo, provincia Hermanas Mirabal.<\/p>\n\n\n\n<p class=\"wp-block-paragraph\">Los procesados Jorge Emilio C\u00e1ceres Garc\u00eda (el Primo) y Emiliano Capell\u00e1n L\u00f3pez (Reynaldo el Cojo) fueron condenados por la muerte de Francisco Alberto Rodr\u00edguez Garc\u00eda (Bertico).<\/p>\n\n\n\n<p class=\"wp-block-paragraph\">El Ministerio P\u00fablico establece en el expediente acusatorio que el caso ocurri\u00f3 alrededor de las 12:10 de la madrugada del 4 de julio de 2025.<\/p>\n\n\n\n<p class=\"wp-block-paragraph\">Rodr\u00edguez Garc\u00eda fue emboscado por Capell\u00e1n L\u00f3pez y otro hombre identificado como Carlito el Haitiano, este \u00faltimo pr\u00f3fugo, quienes cometieron el crimen por mandato del nombrado Jorge Emilio C\u00e1ceres Garc\u00eda.<\/p>\n\n\n\n<p class=\"wp-block-paragraph\">Durante el juicio fueron aportados diferentes elementos de prueba obtenidos en el transcurso de la investigaci\u00f3n dirigida por el procurador fiscal Jos\u00e9 Orlando Liriano Aquino, los cuales permitieron demostrar los v\u00ednculos de los procesados con un conflicto de inter\u00e9s con el hoy occiso.<\/p>\n\n\n\n<p class=\"wp-block-paragraph\">Los condenados fueron declarados culpables de violar los art\u00edculos 265, 266, 295, 296, 297, 298 y 302 del antiguo C\u00f3digo Penal Dominicano en perjuicio de Rodr\u00edguez Garc\u00eda.<\/p>\n\n\n\n<p class=\"wp-block-paragraph\">Capell\u00e1n L\u00f3pez deber\u00e1 cumplir la condena en el Centro de Correcci\u00f3n y Rehabilitaci\u00f3n (CCR) Vista al Valle, de San Francisco de Macor\u00eds, mientras que C\u00e1ceres Garc\u00eda cumplir\u00e1 el dictamen en la c\u00e1rcel p\u00fablica Juana N\u00fa\u00f1ez, del municipio de Salcedo.<\/p>\n\n\n\n<p class=\"wp-block-paragraph\">La fiscal titular de Hermanas Mirabal, Zoila Rodr\u00edguez Ynfante, manifest\u00f3 que, con esta condena, se reafirma el compromiso del Ministerio P\u00fablico de perseguir en todo momento el crimen organizado para garantizar la paz y tranquilidad de los ciudadanos.<\/p>\n\n\n\n<p class=\"wp-block-paragraph\">La sentencia fue dictada por las juezas Yudelka Buret, Felicia N\u00fa\u00f1ez de Jes\u00fas y Elizabeth Cepeda Mu\u00f1oz, del Tribunal Colegiado del distrito judicial de Hermanas Mirabal.<\/p>\n\n\n\n<p class=\"wp-block-paragraph\"><strong>Direcci\u00f3n General de Comunicaci\u00f3n, Prensa y RRPP<\/strong><\/p>\n\n\n\n<p class=\"wp-block-paragraph\"><strong>Ministerio P\u00fablico RD<\/strong><\/p>\n\n\n\n<p class=\"wp-block-paragraph\"><strong>Jueves, 3 de septiembre de 2026.<\/strong><\/p>\n","protected":false},"excerpt":{"rendered":"<p>ARCHIVO: Fortaleza Juana N\u00fa\u00f1ez de Salcedo. SANTO DOMINGO (Rep\u00fablica Dominicana).-&nbsp;Al acoger la solicitud del Ministerio P\u00fablico, un tribunal conden\u00f3 a 30 a\u00f1os de prisi\u00f3n a dos hombres que se asociaron para asesinar a otro el pasado a\u00f1o, en un hecho ocurrido en el sector Los Mangos, del municipio de Salcedo, provincia Hermanas Mirabal. Los procesados [&hellip;]<\/p>\n","protected":false},"author":2,"featured_media":618305,"comment_status":"open","ping_status":"closed","sticky":false,"template":"","format":"standard","meta":{"footnotes":""},"categories":[24,29,27],"tags":[8230,4333],"class_list":["post-694537","post","type-post","status-publish","format-standard","has-post-thumbnail","hentry","category-justicia-y-derecho","category-policiasucesos","category-portada","tag-30-anos-de-prision","tag-salcedo"],"_links":{"self":[{"href":"https:\/\/diariodominicano.com\/index.php?rest_route=\/wp\/v2\/posts\/694537","targetHints":{"allow":["GET"]}}],"collection":[{"href":"https:\/\/diariodominicano.com\/index.php?rest_route=\/wp\/v2\/posts"}],"about":[{"href":"https:\/\/diariodominicano.com\/index.php?rest_route=\/wp\/v2\/types\/post"}],"author":[{"embeddable":true,"href":"https:\/\/diariodominicano.com\/index.php?rest_route=\/wp\/v2\/users\/2"}],"replies":[{"embeddable":true,"href":"https:\/\/diariodominicano.com\/index.php?rest_route=%2Fwp%2Fv2%2Fcomments&post=694537"}],"version-history":[{"count":1,"href":"https:\/\/diariodominicano.com\/index.php?rest_route=\/wp\/v2\/posts\/694537\/revisions"}],"predecessor-version":[{"id":694538,"href":"https:\/\/diariodominicano.com\/index.php?rest_route=\/wp\/v2\/posts\/694537\/revisions\/694538"}],"wp:featuredmedia":[{"embeddable":true,"href":"https:\/\/diariodominicano.com\/index.php?rest_route=\/wp\/v2\/media\/618305"}],"wp:attachment":[{"href":"https:\/\/diariodominicano.com\/index.php?rest_route=%2Fwp%2Fv2%2Fmedia&parent=694537"}],"wp:term":[{"taxonomy":"category","embeddable":true,"href":"https:\/\/diariodominicano.com\/index.php?rest_route=%2Fwp%2Fv2%2Fcategories&post=694537"},{"taxonomy":"post_tag","embeddable":true,"href":"https:\/\/diariodominicano.com\/index.php?rest_route=%2Fwp%2Fv2%2Ftags&post=694537"}],"curies":[{"name":"wp","href":"https:\/\/api.w.org\/{rel}","templated":true}]}}