{"id":694535,"date":"2026-09-04T01:34:54","date_gmt":"2026-09-04T05:34:54","guid":{"rendered":"https:\/\/diariodominicano.com\/?p=694535"},"modified":"2026-09-04T01:42:42","modified_gmt":"2026-09-04T05:42:42","slug":"coercion-solicitada-por-el-ministerio-publico-contra-imputados-por-maltrato-a-ninos-en-local-de-fundacion-de-san-cristobal-se-conocera-el-proximo-jueves","status":"publish","type":"post","link":"https:\/\/diariodominicano.com\/?p=694535","title":{"rendered":"Coerci\u00f3n solicitada por el Ministerio P\u00fablico contra imputados por maltrato a ni\u00f1os en local de fundaci\u00f3n de San Crist\u00f3bal se conocer\u00e1 el pr\u00f3ximo jueves \u00a0"},"content":{"rendered":"\n<p class=\"wp-block-paragraph\">V\u00edctimas ser\u00e1n representadas por abogados del Servicio Nacional de Representaci\u00f3n Legal de los Derechos de la V\u00edctima (Relevic)&nbsp; &nbsp;<\/p>\n\n\n\n<p class=\"wp-block-paragraph\">SANTO DOMINGO (Rep\u00fablica Dominicana).-&nbsp;Fue aplazada para el pr\u00f3ximo jueves, 10 de septiembre, la audiencia para el conocimiento de la medida de coerci\u00f3n de prisi\u00f3n preventiva que solicita el Ministerio P\u00fablico contra dos hombres imputados de cometer delitos de maltrato f\u00edsico y psicol\u00f3gico, as\u00ed como de trabajo o servicio forzado, en perjuicio de varios ni\u00f1os en un local de una fundaci\u00f3n que operaba en San Crist\u00f3bal.<\/p>\n\n\n\n<p class=\"wp-block-paragraph\">La fiscal Fanny M. Garabitos Guerrero, coordinadora de la Unidad de Atenci\u00f3n a V\u00edctimas de Violencia de G\u00e9nero, Intrafamiliar y Delitos Sexuales (UAVGIDS), dijo que el Ministerio P\u00fablico solicitar\u00e1 en la audiencia la imposici\u00f3n de tres meses de prisi\u00f3n preventiva en atenci\u00f3n a lo establecido por la ley en esos casos.<\/p>\n\n\n\n<p class=\"wp-block-paragraph\">\u201cEn el d\u00eda de hoy la audiencia en contra de \u00c1ngel Capell\u00e1n e Isa\u00edas Mu\u00f1oz fue suspendida para el 10 de septiembre a los fines de conocer el anticipo de pruebas de los menores de edad que fueron rescatados en la fundaci\u00f3n, al igual la defensa solicit\u00f3 m\u00e1s tiempo para presentar presupuestos\u201d, dijo Garabitos Guerrero al responder preguntas de la prensa luego del aplazamiento de la audiencia.<\/p>\n\n\n\n<p class=\"wp-block-paragraph\">Detall\u00f3 que la calificaci\u00f3n jur\u00eddica otorgada al proceso incluye la trata de personas con fines de explotaci\u00f3n laboral.<\/p>\n\n\n\n<p class=\"wp-block-paragraph\">\u201cEstamos en la etapa de investigaci\u00f3n en este momento\u201d, dijo en respuesta a preguntas de los representantes de los medios de comunicaci\u00f3n que cubren el proceso.<\/p>\n\n\n\n<p class=\"wp-block-paragraph\">Detall\u00f3 que las v\u00edctimas ser\u00e1n representadas en el proceso por abogados del Servicio Nacional de Representaci\u00f3n Legal de los Derechos de la V\u00edctima (Relevic).<\/p>\n\n\n\n<p class=\"wp-block-paragraph\">Garabitos Guerrero represent\u00f3 al Ministerio P\u00fablico en la audiencia junto a los fiscales Rodolfo Reyes y Ana Mercedes Pichardo.<\/p>\n\n\n\n<p class=\"wp-block-paragraph\">La audiencia fue aplazada por el juez Jos\u00e9 Carlos Arias, de la Oficina Judicial de Servicios de Atenci\u00f3n Permanente del distrito judicial de San Crist\u00f3bal.<\/p>\n\n\n\n<p class=\"wp-block-paragraph\">Los imputados \u00c1ngel Gabriel Capell\u00e1n (el Pastor o Capell\u00e1n) e Isa\u00edas Ram\u00f3n Mu\u00f1oz Rodr\u00edguez fueron sometidos a la justicia ante la Oficina Judicial de Servicios de Atenci\u00f3n Permanente de San Crist\u00f3bal por los delitos cometidos contra los menores de edad en la Fundaci\u00f3n Restaurando Vida (Un Muerto que Revive), ubicada en el municipio Bajos de Haina, en la provincia San Crist\u00f3bal.<\/p>\n\n\n\n<p class=\"wp-block-paragraph\">La medida fue presentada por Yoanna Bejar\u00e1n, titular de la Procuradur\u00eda Especializada Contra el Tr\u00e1fico Il\u00edcito de Migrantes y Trata de Personas (PETT), as\u00ed como por las fiscales Ramona Santana, titular de San Crist\u00f3bal, y Fanny M. Garabitos Guerrero, coordinadora de la Unidad de Atenci\u00f3n a V\u00edctimas de Violencia de G\u00e9nero, Intrafamiliar y Delitos Sexuales (UAVGIDS).<\/p>\n\n\n\n<p class=\"wp-block-paragraph\">La instancia detalla que, en el marco de una operaci\u00f3n ejecutada la noche del 29 al 30 de agosto de 2026, el Ministerio P\u00fablico, conjuntamente con otros \u00f3rganos, realiz\u00f3 allanamientos simult\u00e1neos en los sectores La Pared y El Carril, del municipio de los Bajos de Haina, provincia San Crist\u00f3bal.<\/p>\n\n\n\n<p class=\"wp-block-paragraph\">En el operativo se rescataron 13 ni\u00f1os, ni\u00f1as y adolescentes con edades comprendidas entre los cuatro (4) meses y los trece (13) a\u00f1os.<\/p>\n\n\n\n<p class=\"wp-block-paragraph\">Las v\u00edctimas presentaban signos evidentes de maltrato f\u00edsico y psicol\u00f3gico. El centro de operaciones intervenido operaba bajo la fachada de una fundaci\u00f3n y un espacio religioso, ubicado en el interior de una finca.<\/p>\n\n\n\n<p class=\"wp-block-paragraph\">Las Fiscal\u00eda de San Crist\u00f3bal, conjuntamente con la PETT, realiz\u00f3 los allanamientos, auxiliadas por el Departamento de Investigaci\u00f3n de Trata y Tr\u00e1fico de Personas de la Polic\u00eda Nacional y la Unidad Especializada de Investigaci\u00f3n Conjunta Contra el Tr\u00e1fico Il\u00edcito de Migrantes y Delitos Conexos (UITIMC), con la Direcci\u00f3n de Protecci\u00f3n de la Ni\u00f1ez y Adolescencia y el Consejo Nacional para la Ni\u00f1ez y la Adolescencia (Conani), como \u00e1reas de protecci\u00f3n.<\/p>\n\n\n\n<p class=\"wp-block-paragraph\">El operativo se desencaden\u00f3 a partir de la fuga de uno de los menores retenidos en el lugar que se present\u00f3 a un destacamento policial, alertando a las autoridades sobre las condiciones de maltrato a las que eran sometidos los ni\u00f1os, ni\u00f1as y adolescentes alojados all\u00ed.<\/p>\n\n\n\n<p class=\"wp-block-paragraph\">A ra\u00edz de la alerta, y luego del inicio de las investigaciones, fueron solicitadas las \u00f3rdenes judiciales de arrestos ejecutadas contra los imputados Gabriel Capell\u00e1n y Mu\u00f1oz Rodr\u00edguez.<\/p>\n\n\n\n<p class=\"wp-block-paragraph\">Direcci\u00f3n General de Comunicaci\u00f3n, Prensa y RRPP<\/p>\n\n\n\n<p class=\"wp-block-paragraph\">Ministerio P\u00fablico RD<\/p>\n\n\n\n<p class=\"wp-block-paragraph\">Comunicaciones PGR <a href=\"mailto:comunicaciones@pgr.gob.do\">comunicaciones@pgr.gob.do<\/a><\/p>\n","protected":false},"excerpt":{"rendered":"<p>V\u00edctimas ser\u00e1n representadas por abogados del Servicio Nacional de Representaci\u00f3n Legal de los Derechos de la V\u00edctima (Relevic)&nbsp; &nbsp; SANTO DOMINGO (Rep\u00fablica Dominicana).-&nbsp;Fue aplazada para el pr\u00f3ximo jueves, 10 de septiembre, la audiencia para el conocimiento de la medida de coerci\u00f3n de prisi\u00f3n preventiva que solicita el Ministerio P\u00fablico contra dos hombres imputados de cometer [&hellip;]<\/p>\n","protected":false},"author":7,"featured_media":694666,"comment_status":"closed","ping_status":"closed","sticky":false,"template":"","format":"standard","meta":{"footnotes":""},"categories":[24],"tags":[171,1830],"class_list":["post-694535","post","type-post","status-publish","format-standard","has-post-thumbnail","hentry","category-justicia-y-derecho","tag-ministerio-publico","tag-san-cristobal"],"_links":{"self":[{"href":"https:\/\/diariodominicano.com\/index.php?rest_route=\/wp\/v2\/posts\/694535","targetHints":{"allow":["GET"]}}],"collection":[{"href":"https:\/\/diariodominicano.com\/index.php?rest_route=\/wp\/v2\/posts"}],"about":[{"href":"https:\/\/diariodominicano.com\/index.php?rest_route=\/wp\/v2\/types\/post"}],"author":[{"embeddable":true,"href":"https:\/\/diariodominicano.com\/index.php?rest_route=\/wp\/v2\/users\/7"}],"replies":[{"embeddable":true,"href":"https:\/\/diariodominicano.com\/index.php?rest_route=%2Fwp%2Fv2%2Fcomments&post=694535"}],"version-history":[{"count":1,"href":"https:\/\/diariodominicano.com\/index.php?rest_route=\/wp\/v2\/posts\/694535\/revisions"}],"predecessor-version":[{"id":694658,"href":"https:\/\/diariodominicano.com\/index.php?rest_route=\/wp\/v2\/posts\/694535\/revisions\/694658"}],"wp:featuredmedia":[{"embeddable":true,"href":"https:\/\/diariodominicano.com\/index.php?rest_route=\/wp\/v2\/media\/694666"}],"wp:attachment":[{"href":"https:\/\/diariodominicano.com\/index.php?rest_route=%2Fwp%2Fv2%2Fmedia&parent=694535"}],"wp:term":[{"taxonomy":"category","embeddable":true,"href":"https:\/\/diariodominicano.com\/index.php?rest_route=%2Fwp%2Fv2%2Fcategories&post=694535"},{"taxonomy":"post_tag","embeddable":true,"href":"https:\/\/diariodominicano.com\/index.php?rest_route=%2Fwp%2Fv2%2Ftags&post=694535"}],"curies":[{"name":"wp","href":"https:\/\/api.w.org\/{rel}","templated":true}]}}