{"id":694533,"date":"2026-09-04T00:39:20","date_gmt":"2026-09-04T04:39:20","guid":{"rendered":"https:\/\/diariodominicano.com\/?p=694533"},"modified":"2026-09-04T00:39:23","modified_gmt":"2026-09-04T04:39:23","slug":"salon-fama-de-la-romana-anuncia-porta-simbolos-y-edecanes-de-los-deportistas-seran-inmortalizados-el-proximo-domingo","status":"publish","type":"post","link":"https:\/\/diariodominicano.com\/?p=694533","title":{"rendered":"Sal\u00f3n Fama de La Romana anuncia porta s\u00edmbolos y edecanes de los deportistas ser\u00e1n inmortalizados el pr\u00f3ximo domingo"},"content":{"rendered":"\n<p class=\"wp-block-paragraph\">Reyes informa dirigentes Micaela Mercedes, Juan Pilier, Eduardo Steven y Ra\u00fal Sainfleur portar\u00e1n banderas, el laurel y el machete<\/p>\n\n\n\n<p class=\"wp-block-paragraph\">LA ROMANA. El Sal\u00f3n de la Fama de los Inmortales del Deporte Romanense dio a conocer este jueves a los nombres de los porta s\u00edmbolos y edecanes que participar\u00e1n el domingo en el X Ceremonial de Exaltaci\u00f3n que se realizar\u00e1 en el auditorio de la Alianza Juvenil para el Deporte y la Cultura, del sector Buenavista Norte. &nbsp;<\/p>\n\n\n\n<p class=\"wp-block-paragraph\">Para el evento que iniciar\u00e1 a las 10:00 de la ma\u00f1ana en el auditorio de la Alianza Juvenil para el Deporte y la Cultura, del sector Buenavista Norte, importantes dirigentes deportivos de La Romana tendr\u00e1n el honor de portar las banderas nacional y del Sal\u00f3n de la Fama, as\u00ed como el machete y el laurel.<\/p>\n\n\n\n<p class=\"wp-block-paragraph\">Jos\u00e9 Reyes, presidente del Comit\u00e9 Permanente del Sal\u00f3n de la Fama, record\u00f3 que 12 deportistas ser\u00e1n exaltados este domingo 6 como parte del ceremonial de la Clase 2026. Se trata de la gloria del deporte provincial el \u00edcono del baloncesto nacional Eduardo G\u00f3mez y la otra estrella de las Grandes Ligas Edwin Encarnaci\u00f3n, quien durante su carrera conect\u00f3 m\u00e1s de 450 jonrones.<\/p>\n\n\n\n<p class=\"wp-block-paragraph\">Tambi\u00e9n ser\u00e1n inmortalizados el ex campe\u00f3n mundial de boxeo Julio Gervacio (fallecido), los ex peloteros Demetrio Guerrero y Rafael -Perucho- Contreras, los tambi\u00e9n basketbolistas Santo Araujo y Miguel Infante, Fausto Mercedes y Francisco S\u00e1nchez Gautreux, ex selecciones nacional de boxeo; Maribel Contreras, en atletismo; Deniel Simon\u00f3 Brea y Arqu\u00edmedes de Jes\u00fas, elegidos en calidad de propulsores.<\/p>\n\n\n\n<p class=\"wp-block-paragraph\">La ceremonia de exaltaci\u00f3n ser\u00e1 encabezada por el presidente del Sal\u00f3n de la Fama, doctor Jos\u00e9 Reyes y el profesor Alberto Alm\u00e1nzar Dur\u00e1n, quien fungir\u00e1 como Presidente de Honor.<\/p>\n\n\n\n<p class=\"wp-block-paragraph\">Actuantes y edecanes<\/p>\n\n\n\n<p class=\"wp-block-paragraph\">La profesora Micaela Mercedes de Mart\u00ednez portar\u00e1 la Bandera Nacional, el doctor Juan Pilier, directivo de la Asociaci\u00f3n de Boxeo, ser\u00e1 el abanderado del Sal\u00f3n de la Fama, Eduardo Steven y Ra\u00fal Sainfleur, respectivos presidentes de las asociaciones provinciales de Balonmano y Tenis de Mesa, portar\u00e1n el machete y el laurel.<\/p>\n\n\n\n<p class=\"wp-block-paragraph\">Brian de Jes\u00fas, Modesto Ubiera, Greiling Guerrero, Mireya Rivera, Consuelo Mercedes y Jos\u00e9 -Grillo- Vargas-Tito Horford (de manera colectiva) ser\u00e1n los respectivos edecanes de Arqu\u00edmedes de Jes\u00fas Zorrilla, Simon\u00f3 Brea, Demetrio Guerrero, Edwin Encarnaci\u00f3n, Fausto del Rosario Mercedes y Eduardo G\u00f3mez.<\/p>\n\n\n\n<p class=\"wp-block-paragraph\">Francisco S\u00e1nchez Gautreax desfilar\u00e1 a la inmortalidad acompa\u00f1ado por Tony Gautreaux, Nilca Gervacio recibir\u00e1 la exaltaci\u00f3n del fallecido Julio Gervacio y Antonio Carela Gervaci\u00f3n ser\u00e9 su edec\u00e1n, Maribel De Aza desfilar\u00e1 con Daniel Sherif, mientras que Maribel Contreras, Miguel Infante Guerrero y Bienvenido Ditr\u00e9n actuar\u00e1n como edecanes de Rafael -Perucho- Contreras, Rafael Miguel Infante y Santos Araujo.<\/p>\n\n\n\n<p class=\"wp-block-paragraph\">La actividad tiene el patrocinio del Banco de Reservas y el respaldo del Central Romana, Consorcio Minero Dominicano, Empresas de Transmisi\u00f3n El\u00e9ctrica, Direcci\u00f3n General de Aduanas, Alcald\u00eda de La Romana, CoaaRom, Constructora Arena Gorda, Alcald\u00eda de Villa Hermosa, Constructora Torres, el senador Eduard Esp\u00edritusanto, Adonelle Services, Restaurant Pepperoni, doctor Pedro Botello, Carnet Dominicana, Cementos Domicem, LLGM Industrial, Benjam\u00edn Muebles y A &amp; M C por A.<\/p>\n\n\n\n<p class=\"wp-block-paragraph\">Pabellon de la Fama Romana Romana <a href=\"mailto:pabellondelafamaromanaromana@gmail.com\">pabellondelafamaromanaromana@gmail.com<\/a><\/p>\n","protected":false},"excerpt":{"rendered":"<p>Reyes informa dirigentes Micaela Mercedes, Juan Pilier, Eduardo Steven y Ra\u00fal Sainfleur portar\u00e1n banderas, el laurel y el machete LA ROMANA. El Sal\u00f3n de la Fama de los Inmortales del Deporte Romanense dio a conocer este jueves a los nombres de los porta s\u00edmbolos y edecanes que participar\u00e1n el domingo en el X Ceremonial de [&hellip;]<\/p>\n","protected":false},"author":7,"featured_media":694623,"comment_status":"closed","ping_status":"closed","sticky":false,"template":"","format":"standard","meta":{"footnotes":""},"categories":[17],"tags":[753,8244],"class_list":["post-694533","post","type-post","status-publish","format-standard","has-post-thumbnail","hentry","category-deportes","tag-la-romana","tag-salon-fama-de-la-romana"],"_links":{"self":[{"href":"https:\/\/diariodominicano.com\/index.php?rest_route=\/wp\/v2\/posts\/694533","targetHints":{"allow":["GET"]}}],"collection":[{"href":"https:\/\/diariodominicano.com\/index.php?rest_route=\/wp\/v2\/posts"}],"about":[{"href":"https:\/\/diariodominicano.com\/index.php?rest_route=\/wp\/v2\/types\/post"}],"author":[{"embeddable":true,"href":"https:\/\/diariodominicano.com\/index.php?rest_route=\/wp\/v2\/users\/7"}],"replies":[{"embeddable":true,"href":"https:\/\/diariodominicano.com\/index.php?rest_route=%2Fwp%2Fv2%2Fcomments&post=694533"}],"version-history":[{"count":1,"href":"https:\/\/diariodominicano.com\/index.php?rest_route=\/wp\/v2\/posts\/694533\/revisions"}],"predecessor-version":[{"id":694624,"href":"https:\/\/diariodominicano.com\/index.php?rest_route=\/wp\/v2\/posts\/694533\/revisions\/694624"}],"wp:featuredmedia":[{"embeddable":true,"href":"https:\/\/diariodominicano.com\/index.php?rest_route=\/wp\/v2\/media\/694623"}],"wp:attachment":[{"href":"https:\/\/diariodominicano.com\/index.php?rest_route=%2Fwp%2Fv2%2Fmedia&parent=694533"}],"wp:term":[{"taxonomy":"category","embeddable":true,"href":"https:\/\/diariodominicano.com\/index.php?rest_route=%2Fwp%2Fv2%2Fcategories&post=694533"},{"taxonomy":"post_tag","embeddable":true,"href":"https:\/\/diariodominicano.com\/index.php?rest_route=%2Fwp%2Fv2%2Ftags&post=694533"}],"curies":[{"name":"wp","href":"https:\/\/api.w.org\/{rel}","templated":true}]}}