{"id":694519,"date":"2026-09-03T13:07:12","date_gmt":"2026-09-03T17:07:12","guid":{"rendered":"https:\/\/diariodominicano.com\/?p=694519"},"modified":"2026-09-03T13:07:24","modified_gmt":"2026-09-03T17:07:24","slug":"pld-preparado-para-visita-a-los-hogares-en-la-jornada-nacional-de-esfuerzos-concentrados","status":"publish","type":"post","link":"https:\/\/diariodominicano.com\/?p=694519","title":{"rendered":"PLD\u00a0preparado para visita a los hogares en la Jornada Nacional de Esfuerzos Concentrados"},"content":{"rendered":"\n<p class=\"wp-block-paragraph\">diariodominicano.com<\/p>\n\n\n\n<p class=\"wp-block-paragraph\">Santo Domingo, R. D.,  3 de septiembre, 2026.- <strong>El Partido de la Liberaci\u00f3n Dominicana (PLD)<\/strong>\u00a0motiv\u00f3 a sus miembros, militantes y dirigentes a participar de manera activa y entusiasta en la jornada nacional de Esfuerzos Concentrados convocada para el pr\u00f3ximo s\u00e1bado (5 de septiembre) y as\u00ed superar los resultados de las dos jornadas anteriores.<\/p>\n\n\n\n<p class=\"wp-block-paragraph\">\u201cEste s\u00e1bado 5 de septiembre de 2026, a partir de las 3.00 p.m., tenemos el gran reto de superar el entusiasmo, compromisos y resultados de la Segunda Jornada Nacional de Esfuerzos Concentrados, realizaremos esta Tercera Jornada Nacional con el prop\u00f3sito de mantener el PLD en las Calles\u201d, se explica en una circular de la Secretar\u00eda de Enlaces y Comunicaci\u00f3n Interna.<\/p>\n\n\n\n<p class=\"wp-block-paragraph\">Los organismos y \u00f3rganos pelede\u00edstas se preparan para participar este s\u00e1bado 5 de septiembre, a partir de las tres de la tarde (3.00 p.m.), en la jornada nacional de&nbsp;<strong>\u201cEsfuerzos Concentrados\u201d<\/strong>&nbsp;programada para realizarse en todos los municipios, distritos municipales, circunscripciones electorales y provincias del pa\u00eds.<\/p>\n\n\n\n<p class=\"wp-block-paragraph\">En el esfuerzo concentrado, un m\u00e9todo de trabajo tradicional del PLD, se constituyen brigadas y comisiones de miembros y dirigentes que visitan los hogares promoviendo sus propuestas pol\u00edticas y, en el caso de este s\u00e1bado, identificar y captar nuevos simpatizantes para afiliarlos al Partido.<\/p>\n\n\n\n<p class=\"wp-block-paragraph\">En la circular dirigida a miembros del Comit\u00e9 Pol\u00edtico, Enlaces y Supervisores de Provincias y Circunscripciones, Enlaces y Presidentes de Provincias y Circunscripciones Electorales, Enlaces y Presidentes de Comit\u00e9s Municipales y de Distritos Municipales, as\u00ed como de Bloques de Comit\u00e9s Intermedios se recuerda los aspectos a tomar en consideraci\u00f3n para el \u00e9xito de la actividad, entre ellos, socializar con toda la estructura las informaciones y decisiones del Partido.<\/p>\n\n\n\n<p class=\"wp-block-paragraph\">Con la circular se anexan una serie de formularios para ser llenados por las comisiones designadas que permitan evaluar los resultados de la actividad.<\/p>\n\n\n\n<p class=\"wp-block-paragraph\"><strong>SECRETAR\u00cdA DE COMUNICACIONES<\/strong><\/p>\n\n\n\n<p class=\"wp-block-paragraph\"><strong>03 DE SEPTIEMBRE, 2026<\/strong><\/p>\n","protected":false},"excerpt":{"rendered":"<p>diariodominicano.com Santo Domingo, R. D., 3 de septiembre, 2026.- El Partido de la Liberaci\u00f3n Dominicana (PLD)\u00a0motiv\u00f3 a sus miembros, militantes y dirigentes a participar de manera activa y entusiasta en la jornada nacional de Esfuerzos Concentrados convocada para el pr\u00f3ximo s\u00e1bado (5 de septiembre) y as\u00ed superar los resultados de las dos jornadas anteriores. \u201cEste [&hellip;]<\/p>\n","protected":false},"author":5,"featured_media":694520,"comment_status":"closed","ping_status":"closed","sticky":false,"template":"","format":"standard","meta":{"footnotes":""},"categories":[22,27],"tags":[],"class_list":["post-694519","post","type-post","status-publish","format-standard","has-post-thumbnail","hentry","category-politica","category-portada"],"_links":{"self":[{"href":"https:\/\/diariodominicano.com\/index.php?rest_route=\/wp\/v2\/posts\/694519","targetHints":{"allow":["GET"]}}],"collection":[{"href":"https:\/\/diariodominicano.com\/index.php?rest_route=\/wp\/v2\/posts"}],"about":[{"href":"https:\/\/diariodominicano.com\/index.php?rest_route=\/wp\/v2\/types\/post"}],"author":[{"embeddable":true,"href":"https:\/\/diariodominicano.com\/index.php?rest_route=\/wp\/v2\/users\/5"}],"replies":[{"embeddable":true,"href":"https:\/\/diariodominicano.com\/index.php?rest_route=%2Fwp%2Fv2%2Fcomments&post=694519"}],"version-history":[{"count":1,"href":"https:\/\/diariodominicano.com\/index.php?rest_route=\/wp\/v2\/posts\/694519\/revisions"}],"predecessor-version":[{"id":694521,"href":"https:\/\/diariodominicano.com\/index.php?rest_route=\/wp\/v2\/posts\/694519\/revisions\/694521"}],"wp:featuredmedia":[{"embeddable":true,"href":"https:\/\/diariodominicano.com\/index.php?rest_route=\/wp\/v2\/media\/694520"}],"wp:attachment":[{"href":"https:\/\/diariodominicano.com\/index.php?rest_route=%2Fwp%2Fv2%2Fmedia&parent=694519"}],"wp:term":[{"taxonomy":"category","embeddable":true,"href":"https:\/\/diariodominicano.com\/index.php?rest_route=%2Fwp%2Fv2%2Fcategories&post=694519"},{"taxonomy":"post_tag","embeddable":true,"href":"https:\/\/diariodominicano.com\/index.php?rest_route=%2Fwp%2Fv2%2Ftags&post=694519"}],"curies":[{"name":"wp","href":"https:\/\/api.w.org\/{rel}","templated":true}]}}