{"id":694516,"date":"2026-09-03T12:58:05","date_gmt":"2026-09-03T16:58:05","guid":{"rendered":"https:\/\/diariodominicano.com\/?p=694516"},"modified":"2026-09-03T12:58:15","modified_gmt":"2026-09-03T16:58:15","slug":"la-cantante-dominicana-diomary-la-mala-brilla-en-el-xi-festival-del-bolero-en-mexico","status":"publish","type":"post","link":"https:\/\/diariodominicano.com\/?p=694516","title":{"rendered":"La cantante dominicana Diomary La Mala brilla en el XI Festival del Bolero en M\u00e9xico"},"content":{"rendered":"\n<p class=\"wp-block-paragraph\">diariodominicano.com<\/p>\n\n\n\n<p class=\"wp-block-paragraph\">Mexico, 3 de septiembre, 2026.-  El pasado 23 de agosto, la cantante dominicana Diomary La Mala volvi\u00f3 a poner en alto el nombre de la Rep\u00fablica Dominicana en M\u00e9xico con una destacada participaci\u00f3n en el XI Festival Mundial del Bolero, producido y dirigido por el reconocido m\u00fasico mexicano Rodrigo de la Cadena.<\/p>\n\n\n\n<p class=\"wp-block-paragraph\">El evento tuvo como escenario el emblem\u00e1tico Teatro de la Ciudad Esperanza Iris, uno de los recintos culturales m\u00e1s importantes de M\u00e9xico. La Mala asumi\u00f3 el escenario como representante de su amada tierra, llevando consigo la identidad, interpretando la canci\u00f3n \u201cMi pesar\u201d del compositor dominicano Rafael \u201cBullumba\u201d Landestoy, popularizada en M\u00e9xico en voz de To\u00f1a La Negra.<\/p>\n\n\n\n<p class=\"wp-block-paragraph\">Esta edici\u00f3n del festival cont\u00f3 con la participaci\u00f3n de pa\u00edses como Cuba, Argentina, Italia, Jap\u00f3n, entre otros; donde se presentaron Jony \u00c1lvarez con el tema \u201cSabor a Nada\u201d de Palito Ortega en representaci\u00f3n de Argentina y Elizabeth Rom\u00e1n, cantante dom\u00ednico-italiana, con la canci\u00f3n La Hiedra\/L&#8217;Edera del compositor Vincenzo D&#8217;Acquisto.<\/p>\n\n\n\n<p class=\"wp-block-paragraph\">El XI Festival Mundial del Bolero cont\u00f3 con la presencia del embajador Juan Bol\u00edvar D\u00edaz, quien fue invitado por los organizadores del festival a entregar un reconocimiento al cantante y compositor mexicano Marco Antonio V\u00e1squez, por su larga trayectoria en la m\u00fasica.<\/p>\n\n\n\n<p class=\"wp-block-paragraph\"><em>Ciudad de M\u00e9xico, M\u00e9xico<\/em><\/p>\n\n\n\n<p class=\"wp-block-paragraph\"><\/p>\n","protected":false},"excerpt":{"rendered":"<p>diariodominicano.com Mexico, 3 de septiembre, 2026.- El pasado 23 de agosto, la cantante dominicana Diomary La Mala volvi\u00f3 a poner en alto el nombre de la Rep\u00fablica Dominicana en M\u00e9xico con una destacada participaci\u00f3n en el XI Festival Mundial del Bolero, producido y dirigido por el reconocido m\u00fasico mexicano Rodrigo de la Cadena. El evento [&hellip;]<\/p>\n","protected":false},"author":5,"featured_media":694517,"comment_status":"closed","ping_status":"closed","sticky":false,"template":"","format":"standard","meta":{"footnotes":""},"categories":[36,25,27],"tags":[],"class_list":["post-694516","post","type-post","status-publish","format-standard","has-post-thumbnail","hentry","category-hombresmujeresycosas","category-gente","category-portada"],"_links":{"self":[{"href":"https:\/\/diariodominicano.com\/index.php?rest_route=\/wp\/v2\/posts\/694516","targetHints":{"allow":["GET"]}}],"collection":[{"href":"https:\/\/diariodominicano.com\/index.php?rest_route=\/wp\/v2\/posts"}],"about":[{"href":"https:\/\/diariodominicano.com\/index.php?rest_route=\/wp\/v2\/types\/post"}],"author":[{"embeddable":true,"href":"https:\/\/diariodominicano.com\/index.php?rest_route=\/wp\/v2\/users\/5"}],"replies":[{"embeddable":true,"href":"https:\/\/diariodominicano.com\/index.php?rest_route=%2Fwp%2Fv2%2Fcomments&post=694516"}],"version-history":[{"count":1,"href":"https:\/\/diariodominicano.com\/index.php?rest_route=\/wp\/v2\/posts\/694516\/revisions"}],"predecessor-version":[{"id":694518,"href":"https:\/\/diariodominicano.com\/index.php?rest_route=\/wp\/v2\/posts\/694516\/revisions\/694518"}],"wp:featuredmedia":[{"embeddable":true,"href":"https:\/\/diariodominicano.com\/index.php?rest_route=\/wp\/v2\/media\/694517"}],"wp:attachment":[{"href":"https:\/\/diariodominicano.com\/index.php?rest_route=%2Fwp%2Fv2%2Fmedia&parent=694516"}],"wp:term":[{"taxonomy":"category","embeddable":true,"href":"https:\/\/diariodominicano.com\/index.php?rest_route=%2Fwp%2Fv2%2Fcategories&post=694516"},{"taxonomy":"post_tag","embeddable":true,"href":"https:\/\/diariodominicano.com\/index.php?rest_route=%2Fwp%2Fv2%2Ftags&post=694516"}],"curies":[{"name":"wp","href":"https:\/\/api.w.org\/{rel}","templated":true}]}}