{"id":694507,"date":"2026-09-03T12:00:06","date_gmt":"2026-09-03T16:00:06","guid":{"rendered":"https:\/\/diariodominicano.com\/?p=694507"},"modified":"2026-09-03T12:00:18","modified_gmt":"2026-09-03T16:00:18","slug":"frente-frio-lleva-lluvias-a-varias-regiones-brasilenas","status":"publish","type":"post","link":"https:\/\/diariodominicano.com\/?p=694507","title":{"rendered":"Frente fr\u00edo lleva lluvias a varias regiones brasile\u00f1as"},"content":{"rendered":"\n<p class=\"wp-block-paragraph\">diariodominicano.com<\/p>\n\n\n\n<p class=\"wp-block-paragraph\">Brasilia, 3 sep (Prensa Latina) Un frente fr\u00edo favorece hoy la llegada de humedad y lluvias a zonas del Centro-Oeste y Norte de Brasil, mientras persisten alertas por baja humedad y tormentas.<\/p>\n\n\n\n<p class=\"wp-block-paragraph\">El sistema meteorol\u00f3gico se desplaza entre el estado de Esp\u00edrito Santo y el sur de Bah\u00eda, generando condiciones para precipitaciones intensas que pueden alcanzar el norte de Minas Gerais, seg\u00fan el Instituto Nacional de Meteorolog\u00eda (Inmet).<\/p>\n\n\n\n<p class=\"wp-block-paragraph\">Tambi\u00e9n existe posibilidad de lluvias en el sur de Par\u00e1, Tocantins, Mato Grosso, Goi\u00e1s y el Distrito Federal, mientras que un aviso amarillo advierte sobre el riesgo potencial derivado de la baja humedad en Mato Grosso do Sul, Goi\u00e1s, el Distrito Federal y el sureste de Mato Grosso.<\/p>\n\n\n\n<p class=\"wp-block-paragraph\">En las capitales estaduales del Centro-Oeste, las temperaturas previstas muestran una marcada diferencia, con m\u00e1ximas de hasta 37 grados Celsius y m\u00ednimas de 16.<\/p>\n\n\n\n<p class=\"wp-block-paragraph\">Tambi\u00e9n se esperan precipitaciones aisladas en el sur de Maranh\u00e3o y Piau\u00ed y en \u00e1reas del litoral oriental comprendidas entre Sergipe, Alagoas, Pernambuco, Para\u00edba y R\u00edo Grande del Norte.<\/p>\n\n\n\n<p class=\"wp-block-paragraph\">La regi\u00f3n Norte tendr\u00e1 el cielo mayormente nublado y se esperan chubascos en el centro-oeste y norte de Amazonas, y en el sur de Tocantins y Par\u00e1.<\/p>\n\n\n\n<p class=\"wp-block-paragraph\">Por su parte, el Sur del pa\u00eds estar\u00e1 influido por otro sistema de baja presi\u00f3n que atravesar\u00e1 la parte meridional de R\u00edo Grande del Sur y favorecer\u00e1 lluvias, con posibilidad de granizo en el sureste del estado.<\/p>\n\n\n\n<p class=\"wp-block-paragraph\">Adem\u00e1s, existe riesgo de formaci\u00f3n de nevadas en sectores del centro-sur y de los Campos Gerais, en Paran\u00e1.<\/p>\n\n\n\n<p class=\"wp-block-paragraph\">Un aviso amarillo por peligro potencial de tormentas abarca el centro-sur de R\u00edo Grande del Sul, incluida su capital, Porto Alegre.<\/p>\n\n\n\n<p class=\"wp-block-paragraph\">\u00c1reas de inestabilidad provocar\u00e1n lluvias aisladas en el Sudeste, principalmente en Esp\u00edrito Santo y el norte y el nordeste de Minas Gerais.<\/p>\n\n\n\n<p class=\"wp-block-paragraph\">Reportes de prensa expusieron que este panorama refleja el contraste meteorol\u00f3gico que caracteriza el inicio de septiembre en Brasil, con lluvias en distintas \u00e1reas, temperaturas elevadas y condiciones de baja humedad en otras zonas.<\/p>\n\n\n\n<p class=\"wp-block-paragraph\">ool\/dsa<\/p>\n","protected":false},"excerpt":{"rendered":"<p>diariodominicano.com Brasilia, 3 sep (Prensa Latina) Un frente fr\u00edo favorece hoy la llegada de humedad y lluvias a zonas del Centro-Oeste y Norte de Brasil, mientras persisten alertas por baja humedad y tormentas. El sistema meteorol\u00f3gico se desplaza entre el estado de Esp\u00edrito Santo y el sur de Bah\u00eda, generando condiciones para precipitaciones intensas que [&hellip;]<\/p>\n","protected":false},"author":5,"featured_media":694508,"comment_status":"closed","ping_status":"closed","sticky":false,"template":"","format":"standard","meta":{"footnotes":""},"categories":[23,27],"tags":[],"class_list":["post-694507","post","type-post","status-publish","format-standard","has-post-thumbnail","hentry","category-internacional","category-portada"],"_links":{"self":[{"href":"https:\/\/diariodominicano.com\/index.php?rest_route=\/wp\/v2\/posts\/694507","targetHints":{"allow":["GET"]}}],"collection":[{"href":"https:\/\/diariodominicano.com\/index.php?rest_route=\/wp\/v2\/posts"}],"about":[{"href":"https:\/\/diariodominicano.com\/index.php?rest_route=\/wp\/v2\/types\/post"}],"author":[{"embeddable":true,"href":"https:\/\/diariodominicano.com\/index.php?rest_route=\/wp\/v2\/users\/5"}],"replies":[{"embeddable":true,"href":"https:\/\/diariodominicano.com\/index.php?rest_route=%2Fwp%2Fv2%2Fcomments&post=694507"}],"version-history":[{"count":1,"href":"https:\/\/diariodominicano.com\/index.php?rest_route=\/wp\/v2\/posts\/694507\/revisions"}],"predecessor-version":[{"id":694509,"href":"https:\/\/diariodominicano.com\/index.php?rest_route=\/wp\/v2\/posts\/694507\/revisions\/694509"}],"wp:featuredmedia":[{"embeddable":true,"href":"https:\/\/diariodominicano.com\/index.php?rest_route=\/wp\/v2\/media\/694508"}],"wp:attachment":[{"href":"https:\/\/diariodominicano.com\/index.php?rest_route=%2Fwp%2Fv2%2Fmedia&parent=694507"}],"wp:term":[{"taxonomy":"category","embeddable":true,"href":"https:\/\/diariodominicano.com\/index.php?rest_route=%2Fwp%2Fv2%2Fcategories&post=694507"},{"taxonomy":"post_tag","embeddable":true,"href":"https:\/\/diariodominicano.com\/index.php?rest_route=%2Fwp%2Fv2%2Ftags&post=694507"}],"curies":[{"name":"wp","href":"https:\/\/api.w.org\/{rel}","templated":true}]}}