{"id":694505,"date":"2026-09-03T11:52:22","date_gmt":"2026-09-03T15:52:22","guid":{"rendered":"https:\/\/diariodominicano.com\/?p=694505"},"modified":"2026-09-03T11:52:32","modified_gmt":"2026-09-03T15:52:32","slug":"no-privatizar-la-informacion-publica","status":"publish","type":"post","link":"https:\/\/diariodominicano.com\/?p=694505","title":{"rendered":"No privatizar la informaci\u00f3n p\u00fablica"},"content":{"rendered":"\n<p class=\"wp-block-paragraph\">diariodominicano.com<\/p>\n\n\n\n<p class=\"wp-block-paragraph\">Por <strong>Arismendi Diaz Santana<\/strong><\/p>\n\n\n\n<p class=\"wp-block-paragraph\">Santo Domingo, R. D.,  3 de septiembre, 2026.-  Hace m\u00e1s de un a\u00f1o la Superintendencia de Pensiones (SIPEN) recibi\u00f3 una solicitud de informaci\u00f3n sobre\u00a0<strong><em>la cantidad de trabajadores con cuentas inactivas<\/em><\/strong>\u00a0en el sistema de capitalizaci\u00f3n individual (SCI). Aunque el Grupo de Medios Panorama la solicit\u00f3 basado en la ley 200-04 de acceso a la informaci\u00f3n p\u00fablica,\u00a0<strong><em>la SIPEN la desestim\u00f3<\/em><\/strong>\u00a0se\u00f1alando que se trataba de informaci\u00f3n sensible protegida por el r\u00e9gimen de datos personales.<\/p>\n\n\n\n<p class=\"wp-block-paragraph\"><strong><em>El Grupo Panorama solicit\u00f3 un recurso de amparo<\/em><\/strong>&nbsp;al Tribunal Superior Administrativo (TSA) reclamando su derecho a recibir esas informaciones de alto inter\u00e9s para la opini\u00f3n p\u00fablica. Los abogados de la SIPEN reiteraron su negativa y&nbsp;<strong><em>solicitaron al tribunal declarar la \u201cinadmisibilidad del recurso\u201d<\/em><\/strong>, reiterando que la informaci\u00f3n vulneraba la protecci\u00f3n legal de los afiliados del sistema dominicano de pensiones.&nbsp;<strong><em>Panorama replic\u00f3 que la solicitud no inclu\u00eda la identificaci\u00f3n de los afiliados.<\/em><\/strong><\/p>\n\n\n\n<p class=\"wp-block-paragraph\">Mediante sentencia&nbsp;<strong><em>el TSA rechaz\u00f3 la \u00absolicitud inadmisibilidad\u00bb de la SIPEN<\/em><\/strong>&nbsp;considerando que la solicitud formulada es \u201cnotoriamente procedente\u201d, trat\u00e1ndose del ejercicio del derecho de acceso a la informaci\u00f3n p\u00fablica. Adem\u00e1s,&nbsp;<strong><em>orden\u00f3 a la SIPEN entregar la informaci\u00f3n sobre las cuentas inactivas al Grupo de Medios Panorama.<\/em><\/strong><\/p>\n\n\n\n<p class=\"wp-block-paragraph\">Para fundamentar esta decisi\u00f3n, el TSA se\u00f1al\u00f3 que el acceso a estas informaciones resulta esencial para que la opini\u00f3n p\u00fablica pueda conocer y analizar el manejo de los fondos de retiro propiedad de millones de trabajadores,&nbsp;<strong><em>\u201csin que ello vulnere derechos fundamentales de terceros\u201d.<\/em><\/strong><\/p>\n\n\n\n<p class=\"wp-block-paragraph\"><strong><em>Esta privatizaci\u00f3n excluir\u00eda a las organizaciones populares del acceso a la informaci\u00f3n vital a pesar de que los trabajadores son quienes financian la SIPEN y la SISALRIL<\/em><\/strong><\/p>\n\n\n\n<p class=\"wp-block-paragraph\">Nuestra Fundaci\u00f3n, siempre en defensa del derecho de los trabajadores y de la poblaci\u00f3n en general,&nbsp;<strong><em>solicit\u00f3 la reacci\u00f3n del Lic. Francisco Torres<\/em><\/strong>, superintendente de pensiones. \u00c9ste resalt\u00f3 la apertura informativa de la SIPEN y la modernizaci\u00f3n de las estad\u00edsticas disponibles en tiempo real en su p\u00e1gina Web, incluyendo la publicaci\u00f3n de sus resoluciones.<\/p>\n\n\n\n<p class=\"wp-block-paragraph\">Ante nuestra&nbsp;<strong><em>sugerencia de una mayor informaci\u00f3n y orientaci\u00f3n a la opini\u00f3n p\u00fablica<\/em><\/strong>&nbsp;nos indic\u00f3 que la SIPEN tiene como norma no responder ni polemizar, utilizando los recursos institucionales para divulgar las informaciones y exponer sus pol\u00edticas y resoluciones.&nbsp;&nbsp;<\/p>\n\n\n\n<p class=\"wp-block-paragraph\"><strong><em>Explic\u00f3 que no existen cuentas inactivas<\/em><\/strong>&nbsp;porque todas, incluyendo las de los afiliados que no est\u00e1n cotizando, se mantiene activas ya que sus los fondos contin\u00faan invertidos como las dem\u00e1s, obteniendo una rentabilidad mensual que se acumula.<\/p>\n\n\n\n<p class=\"wp-block-paragraph\">Adem\u00e1s se\u00f1al\u00f3 que&nbsp;<strong><em>las informaciones solicitadas requieren de un gran esfuerzo t\u00e9cnico<\/em><\/strong>, por lo que era necesario que Panorama cubriera un costo. Seg\u00fan nos cont\u00f3, en abril pasado&nbsp;<strong><em>el TSA reconoci\u00f3 esta limitaci\u00f3n t\u00e9cnica<\/em><\/strong>&nbsp;y dispuso el cobro de dicha suma.&nbsp;<strong><em>Se acord\u00f3 un pago de 380,000 pesos con una entrega de 180 d\u00edas h\u00e1biles.<\/em><\/strong><\/p>\n\n\n\n<p class=\"wp-block-paragraph\">La Fundaci\u00f3n Seguridad Social para todos (FSSPT) considera que&nbsp;<strong><em>cobrar por la entrega de informaci\u00f3n p\u00fablica<\/em><\/strong>&nbsp;sobre cualquier \u00e1rea del Sistema Dominicano de Seguridad Social (SDSS)&nbsp;<strong><em>sienta un precedente que podr\u00eda resultar excluyente<\/em><\/strong>. Ninguna organizaci\u00f3n de la sociedad civil, sindicato o confederaci\u00f3n podr\u00eda pagar para recibir informaci\u00f3n de inter\u00e9s social para ser utilizada sin fines pecuniarios.<\/p>\n\n\n\n<p class=\"wp-block-paragraph\"><strong><em>Un pago cuantioso y una larga espera podr\u00edan constituir una barrera insalvable<\/em><\/strong>&nbsp;para los aut\u00e9nticos defensores populares de la seguridad social. Tal es el caso de nuestra Fundaci\u00f3n la cual, a pesar de estar al servicio de millones de afiliados sin voz ni voto,&nbsp;<strong><em>no recibe ning\u00fan subsidio oficial y se mantiene con trabajos voluntarios de profesionales calificados y aportes de las pensiones de sus fundadores.<\/em><\/strong><\/p>\n\n\n\n<p class=\"wp-block-paragraph\"><strong><em>Estamos ante una modalidad de privatizaci\u00f3n de la informaci\u00f3n p\u00fablica.<\/em><\/strong>&nbsp;De mantenerse, se dar\u00eda la paradoja incre\u00edble de que&nbsp;<strong><em>los afiliados tendr\u00edan que pagarles a la SIPEN y a SISALRIL<\/em><\/strong>&nbsp;para tener derecho a informaciones de su leg\u00edtimo inter\u00e9s,&nbsp;<strong><em>a pesar de que son los trabajadores quienes financian a estas dos superintendencias con sus cotizaciones mensuales.&nbsp;&nbsp;<\/em><\/strong><\/p>\n\n\n\n<p class=\"wp-block-paragraph\"><strong><em>Nuestra Fundaci\u00f3n solicita reconsiderar esta decisi\u00f3n<\/em><\/strong>&nbsp;porque ma\u00f1ana cualquier funcionario del SDSS podr\u00eda establecer tarifas onerosas para bloquear el acceso a informaciones p\u00fablicas de inter\u00e9s general.&nbsp;<strong><em>Mantener esta monetizaci\u00f3n crear\u00eda un lamentable precedente y producir\u00eda un da\u00f1o permanente al libre acceso a la informaci\u00f3n p\u00fablica de la SIPEN.<\/em><\/strong>&nbsp;ADS\/654\/04\/09\/2026<\/p>\n","protected":false},"excerpt":{"rendered":"<p>diariodominicano.com Por Arismendi Diaz Santana Santo Domingo, R. D., 3 de septiembre, 2026.- Hace m\u00e1s de un a\u00f1o la Superintendencia de Pensiones (SIPEN) recibi\u00f3 una solicitud de informaci\u00f3n sobre\u00a0la cantidad de trabajadores con cuentas inactivas\u00a0en el sistema de capitalizaci\u00f3n individual (SCI). Aunque el Grupo de Medios Panorama la solicit\u00f3 basado en la ley 200-04 de [&hellip;]<\/p>\n","protected":false},"author":5,"featured_media":382801,"comment_status":"closed","ping_status":"closed","sticky":false,"template":"","format":"standard","meta":{"footnotes":""},"categories":[19,16,27],"tags":[],"class_list":["post-694505","post","type-post","status-publish","format-standard","has-post-thumbnail","hentry","category-mi-voz","category-opiniones","category-portada"],"_links":{"self":[{"href":"https:\/\/diariodominicano.com\/index.php?rest_route=\/wp\/v2\/posts\/694505","targetHints":{"allow":["GET"]}}],"collection":[{"href":"https:\/\/diariodominicano.com\/index.php?rest_route=\/wp\/v2\/posts"}],"about":[{"href":"https:\/\/diariodominicano.com\/index.php?rest_route=\/wp\/v2\/types\/post"}],"author":[{"embeddable":true,"href":"https:\/\/diariodominicano.com\/index.php?rest_route=\/wp\/v2\/users\/5"}],"replies":[{"embeddable":true,"href":"https:\/\/diariodominicano.com\/index.php?rest_route=%2Fwp%2Fv2%2Fcomments&post=694505"}],"version-history":[{"count":1,"href":"https:\/\/diariodominicano.com\/index.php?rest_route=\/wp\/v2\/posts\/694505\/revisions"}],"predecessor-version":[{"id":694506,"href":"https:\/\/diariodominicano.com\/index.php?rest_route=\/wp\/v2\/posts\/694505\/revisions\/694506"}],"wp:featuredmedia":[{"embeddable":true,"href":"https:\/\/diariodominicano.com\/index.php?rest_route=\/wp\/v2\/media\/382801"}],"wp:attachment":[{"href":"https:\/\/diariodominicano.com\/index.php?rest_route=%2Fwp%2Fv2%2Fmedia&parent=694505"}],"wp:term":[{"taxonomy":"category","embeddable":true,"href":"https:\/\/diariodominicano.com\/index.php?rest_route=%2Fwp%2Fv2%2Fcategories&post=694505"},{"taxonomy":"post_tag","embeddable":true,"href":"https:\/\/diariodominicano.com\/index.php?rest_route=%2Fwp%2Fv2%2Ftags&post=694505"}],"curies":[{"name":"wp","href":"https:\/\/api.w.org\/{rel}","templated":true}]}}