{"id":694499,"date":"2026-09-03T11:20:29","date_gmt":"2026-09-03T15:20:29","guid":{"rendered":"https:\/\/diariodominicano.com\/?p=694499"},"modified":"2026-09-03T11:21:40","modified_gmt":"2026-09-03T15:21:40","slug":"desarrollo-provincial-y-policia-nacional-refuerzan-coordinacion-para-avanzar-en-infraestructura-policial","status":"publish","type":"post","link":"https:\/\/diariodominicano.com\/?p=694499","title":{"rendered":"Desarrollo Provincial y Polic\u00eda Nacional refuerzan coordinaci\u00f3n para avanzar en infraestructura policial"},"content":{"rendered":"\n<p class=\"wp-block-paragraph\">diariodominicano.com<\/p>\n\n\n\n<p class=\"wp-block-paragraph\">Santo Domingo, Distrito Nacional, 3 de septiembre, 2026.-  El director de Desarrollo Provincial,\u00a0<strong>Jos\u00e9 And\u00fajar<\/strong>, sostuvo un encuentro de trabajo con el director general de la Polic\u00eda Nacional, mayor general\u00a0<strong>Ernesto Rodr\u00edguez<\/strong>, con el prop\u00f3sito de fortalecer la\u00a0<strong>coordinaci\u00f3n<\/strong>\u00a0y dar\u00a0<strong>seguimiento<\/strong>\u00a0a las\u00a0<strong>iniciativas conjuntas<\/strong>\u00a0en materia de\u00a0<strong>infraestructura policial<\/strong>.<\/p>\n\n\n\n<p class=\"wp-block-paragraph\">La reuni\u00f3n, realizada en el despacho del director general de la instituci\u00f3n del orden, cont\u00f3 con la participaci\u00f3n de los&nbsp;<strong>equipos t\u00e9cnicos de ingenier\u00eda, planificaci\u00f3n y desarrollo<\/strong>&nbsp;de ambas instituciones, quienes revisaron los&nbsp;<strong>avances de los proyectos<\/strong>&nbsp;en ejecuci\u00f3n y establecieron las acciones necesarias para garantizar el&nbsp;<strong>cumplimiento de los cronogramas<\/strong>&nbsp;establecidos.<\/p>\n\n\n\n<p class=\"wp-block-paragraph\">Durante el encuentro, las partes abordaron el inicio de los trabajos para la&nbsp;<strong>construcci\u00f3n de 34 nuevas estaciones policiales<\/strong>&nbsp;en distintos puntos del pa\u00eds, una iniciativa orientada a ampliar la&nbsp;<strong>capacidad operativa de la Polic\u00eda Nacional<\/strong>, en respuesta a las necesidades de las comunidades.<\/p>\n\n\n\n<p class=\"wp-block-paragraph\">Asimismo, fueron evaluados aspectos relacionados con la&nbsp;<strong>planificaci\u00f3n<\/strong>&nbsp;de las obras, las&nbsp;<strong>condiciones de los terrenos<\/strong>&nbsp;destinados a los proyectos y las&nbsp;<strong>prioridades<\/strong>&nbsp;establecidas para las diferentes localidades.<\/p>\n\n\n\n<p class=\"wp-block-paragraph\">El director de Desarrollo Provincial destac\u00f3 que<em>&nbsp;\u201cel seguimiento permanente entre los equipos t\u00e9cnicos permitir\u00e1 identificar oportunamente cualquier situaci\u00f3n que pueda incidir en el desarrollo de los proyectos y adoptar las medidas necesarias para garantizar su continuidad\u201d.<\/em><\/p>\n\n\n\n<p class=\"wp-block-paragraph\">Los equipos t\u00e9cnicos acordaron continuar trabajando de manera coordinada para agilizar los procesos correspondientes y asegurar el&nbsp;<strong>desarrollo adecuado de cada intervenci\u00f3n.<\/strong><\/p>\n\n\n\n<p class=\"wp-block-paragraph\">DIECOM<\/p>\n","protected":false},"excerpt":{"rendered":"<p>diariodominicano.com Santo Domingo, Distrito Nacional, 3 de septiembre, 2026.- El director de Desarrollo Provincial,\u00a0Jos\u00e9 And\u00fajar, sostuvo un encuentro de trabajo con el director general de la Polic\u00eda Nacional, mayor general\u00a0Ernesto Rodr\u00edguez, con el prop\u00f3sito de fortalecer la\u00a0coordinaci\u00f3n\u00a0y dar\u00a0seguimiento\u00a0a las\u00a0iniciativas conjuntas\u00a0en materia de\u00a0infraestructura policial. La reuni\u00f3n, realizada en el despacho del director general de la instituci\u00f3n [&hellip;]<\/p>\n","protected":false},"author":5,"featured_media":694500,"comment_status":"closed","ping_status":"closed","sticky":false,"template":"","format":"standard","meta":{"footnotes":""},"categories":[20,27],"tags":[],"class_list":["post-694499","post","type-post","status-publish","format-standard","has-post-thumbnail","hentry","category-dominicana-hoy","category-portada"],"_links":{"self":[{"href":"https:\/\/diariodominicano.com\/index.php?rest_route=\/wp\/v2\/posts\/694499","targetHints":{"allow":["GET"]}}],"collection":[{"href":"https:\/\/diariodominicano.com\/index.php?rest_route=\/wp\/v2\/posts"}],"about":[{"href":"https:\/\/diariodominicano.com\/index.php?rest_route=\/wp\/v2\/types\/post"}],"author":[{"embeddable":true,"href":"https:\/\/diariodominicano.com\/index.php?rest_route=\/wp\/v2\/users\/5"}],"replies":[{"embeddable":true,"href":"https:\/\/diariodominicano.com\/index.php?rest_route=%2Fwp%2Fv2%2Fcomments&post=694499"}],"version-history":[{"count":1,"href":"https:\/\/diariodominicano.com\/index.php?rest_route=\/wp\/v2\/posts\/694499\/revisions"}],"predecessor-version":[{"id":694501,"href":"https:\/\/diariodominicano.com\/index.php?rest_route=\/wp\/v2\/posts\/694499\/revisions\/694501"}],"wp:featuredmedia":[{"embeddable":true,"href":"https:\/\/diariodominicano.com\/index.php?rest_route=\/wp\/v2\/media\/694500"}],"wp:attachment":[{"href":"https:\/\/diariodominicano.com\/index.php?rest_route=%2Fwp%2Fv2%2Fmedia&parent=694499"}],"wp:term":[{"taxonomy":"category","embeddable":true,"href":"https:\/\/diariodominicano.com\/index.php?rest_route=%2Fwp%2Fv2%2Fcategories&post=694499"},{"taxonomy":"post_tag","embeddable":true,"href":"https:\/\/diariodominicano.com\/index.php?rest_route=%2Fwp%2Fv2%2Ftags&post=694499"}],"curies":[{"name":"wp","href":"https:\/\/api.w.org\/{rel}","templated":true}]}}