{"id":694496,"date":"2026-09-03T10:48:04","date_gmt":"2026-09-03T14:48:04","guid":{"rendered":"https:\/\/diariodominicano.com\/?p=694496"},"modified":"2026-09-03T10:48:15","modified_gmt":"2026-09-03T14:48:15","slug":"ejercito-de-iran-ataca-bases-militares-de-ee-uu-uu-en-eau-y-kuwait-con-drones-y-misiles","status":"publish","type":"post","link":"https:\/\/diariodominicano.com\/?p=694496","title":{"rendered":"\u00a0Ej\u00e9rcito de Ir\u00e1n ataca bases militares de EE.UU. UU. en EAU y Kuwait con drones y misiles"},"content":{"rendered":"\n<p class=\"wp-block-paragraph\">diariodominicano.com<\/p>\n\n\n\n<p class=\"wp-block-paragraph\">TEHER\u00c1N, 3 sep (Xinhua) &#8212; El Ej\u00e9rcito de Ir\u00e1n dijo hoy jueves que sus fuerzas hab\u00edan atacado bases militares de EE.UU. UU. en Emiratos \u00c1rabes Unidos (EAU) y Kuwait con misiles y drones m\u00e1s temprano en el d\u00eda. En un comunicado subido a su sitio web, el Ej\u00e9rcito se\u00f1al\u00f3 que los ataques eran en venganza por el personal militar iran\u00ed y los civiles asesinados en los recientes ataques estadounidenses contra Ir\u00e1n. A\u00f1adi\u00f3 que sus fuerzas atacaron los sistemas de comunicaciones por sat\u00e9lite del Ej\u00e9rcito estadounidense, almacenes de equipos y un hangar con aviones de combate en la base a\u00e9rea Ahmad al-Jaber de Kuwait, causando da\u00f1os a los sistemas de comunicaciones y al hangar. El Ej\u00e9rcito iran\u00ed afirm\u00f3 que tambi\u00e9n atac\u00f3 a las tropas estadounidenses y sistemas de radar en la base a\u00e9rea de Al Minhad, EAU, enfatizando que la respuesta de sus fuerzas a cualquier ataque del Ej\u00e9rcito estadounidense ser\u00e1 \u00abduro y devastador, y continuar\u00e1 hasta lograr la victoria definitiva y castigar al agresor\u00bb. El Comando Central de Estados Unidos manifest\u00f3 este mi\u00e9rcoles, mediante una publicaci\u00f3n en X, que sus fuerzas hab\u00edan \u00abcompletado con \u00e9xito una ola de ataques contra objetivos militares iran\u00edes\u00bb, citando \u00abrecientes intentos de agresiones del Cuerpo de la Guardia Revolucionaria Isl\u00e1mica contra el transporte mar\u00edtimo comercial del estrecho de Ormuz y contra miembros del servicio estadounidense\u00bb. Ir\u00e1n respondi\u00f3 atacando bases e instalaciones estadounidenses en Jordania, Kuwait, Bahr\u00e9in, la regi\u00f3n semiaut\u00f3noma del Kurdist\u00e1n de Irak y EAU.<\/p>\n","protected":false},"excerpt":{"rendered":"<p>diariodominicano.com TEHER\u00c1N, 3 sep (Xinhua) &#8212; El Ej\u00e9rcito de Ir\u00e1n dijo hoy jueves que sus fuerzas hab\u00edan atacado bases militares de EE.UU. UU. en Emiratos \u00c1rabes Unidos (EAU) y Kuwait con misiles y drones m\u00e1s temprano en el d\u00eda. En un comunicado subido a su sitio web, el Ej\u00e9rcito se\u00f1al\u00f3 que los ataques eran en [&hellip;]<\/p>\n","protected":false},"author":5,"featured_media":694497,"comment_status":"closed","ping_status":"closed","sticky":false,"template":"","format":"standard","meta":{"footnotes":""},"categories":[23,27],"tags":[],"class_list":["post-694496","post","type-post","status-publish","format-standard","has-post-thumbnail","hentry","category-internacional","category-portada"],"_links":{"self":[{"href":"https:\/\/diariodominicano.com\/index.php?rest_route=\/wp\/v2\/posts\/694496","targetHints":{"allow":["GET"]}}],"collection":[{"href":"https:\/\/diariodominicano.com\/index.php?rest_route=\/wp\/v2\/posts"}],"about":[{"href":"https:\/\/diariodominicano.com\/index.php?rest_route=\/wp\/v2\/types\/post"}],"author":[{"embeddable":true,"href":"https:\/\/diariodominicano.com\/index.php?rest_route=\/wp\/v2\/users\/5"}],"replies":[{"embeddable":true,"href":"https:\/\/diariodominicano.com\/index.php?rest_route=%2Fwp%2Fv2%2Fcomments&post=694496"}],"version-history":[{"count":1,"href":"https:\/\/diariodominicano.com\/index.php?rest_route=\/wp\/v2\/posts\/694496\/revisions"}],"predecessor-version":[{"id":694498,"href":"https:\/\/diariodominicano.com\/index.php?rest_route=\/wp\/v2\/posts\/694496\/revisions\/694498"}],"wp:featuredmedia":[{"embeddable":true,"href":"https:\/\/diariodominicano.com\/index.php?rest_route=\/wp\/v2\/media\/694497"}],"wp:attachment":[{"href":"https:\/\/diariodominicano.com\/index.php?rest_route=%2Fwp%2Fv2%2Fmedia&parent=694496"}],"wp:term":[{"taxonomy":"category","embeddable":true,"href":"https:\/\/diariodominicano.com\/index.php?rest_route=%2Fwp%2Fv2%2Fcategories&post=694496"},{"taxonomy":"post_tag","embeddable":true,"href":"https:\/\/diariodominicano.com\/index.php?rest_route=%2Fwp%2Fv2%2Ftags&post=694496"}],"curies":[{"name":"wp","href":"https:\/\/api.w.org\/{rel}","templated":true}]}}