{"id":694493,"date":"2026-09-03T03:06:00","date_gmt":"2026-09-03T07:06:00","guid":{"rendered":"https:\/\/diariodominicano.com\/?p=694493"},"modified":"2026-09-03T03:06:06","modified_gmt":"2026-09-03T07:06:06","slug":"gobierno-cataloga-como-terroristas-medioambientales-a-aquellos-que-afecten-los-parques-nacionales-2","status":"publish","type":"post","link":"https:\/\/diariodominicano.com\/?p=694493","title":{"rendered":"Gobierno cataloga como terroristas medioambientales a aquellos que afecten los parques nacionales"},"content":{"rendered":"\n<h3 class=\"wp-block-heading\">Se advierte que se perseguir\u00e1 a quienes atenten contra el medioambiente y el C\u00f3digo Penal establece sanciones dr\u00e1sticas de 20 y 30 a\u00f1os.<\/h3>\n\n\n\n<p class=\"wp-block-paragraph\">2 de Septiembre 2026 | 18:12<\/p>\n\n\n\n<figure class=\"wp-block-image\"><img decoding=\"async\" src=\"https:\/\/platform-cdn.sharethis.com\/img\/sharethis.svg\" alt=\"sharethis sharing button\"\/><\/figure>\n\n\n\n<p class=\"wp-block-paragraph\">Santo Domingo.-&nbsp;<strong>El Gobierno dominicano<\/strong>&nbsp;emiti\u00f3 este mi\u00e9rcoles el&nbsp;<strong>Decreto 615-26,<\/strong>&nbsp;mediante el cual se declara de&nbsp;<strong>alto inter\u00e9s nacional y prioridad estrat\u00e9gica<\/strong>&nbsp;el combate al&nbsp;<strong>terrorismo medioambiental<\/strong>, estableciendo que las agresiones deliberadas contra los&nbsp;<strong>parques nacionales y los recursos naturales cr\u00edticos<\/strong>&nbsp;recibir\u00e1n una&nbsp;<strong>respuesta contundente&nbsp;<\/strong>con acciones dr\u00e1sticas y una persecuci\u00f3n penal&nbsp;<strong>implacable.<\/strong><\/p>\n\n\n\n<p class=\"wp-block-paragraph\">Durante el acto de presentaci\u00f3n de la normativa, celebrado en el Sal\u00f3n Las Cari\u00e1tides del Palacio Nacional,&nbsp;<strong>el presidente de la Rep\u00fablica, Luis Abinader,<\/strong>&nbsp;catalog\u00f3 como&nbsp;<strong>actos terroristas medioambientales&nbsp;<\/strong>aquellas acciones perpetradas por&nbsp;<strong>desaparici\u00f3n o da\u00f1o sistem\u00e1tico<\/strong>&nbsp;a los parques nacionales, advirtiendo que habr\u00e1&nbsp;<strong>acciones m\u00e1s dr\u00e1sticas y persecuciones firmes<\/strong>&nbsp;contra nacionales&nbsp;<strong>dominicanos y extranjeros<\/strong>&nbsp;que incurran en estos il\u00edcitos.<\/p>\n\n\n\n<p class=\"wp-block-paragraph\">Estuvieron junto con el presidente Abinader los ministros Administrativo de la Presidencia,&nbsp;<strong>Andr\u00e9s Bautista<\/strong>; de Medio Ambiente y Recursos Naturales,&nbsp;<strong>Pa\u00edno Henr\u00edquez<\/strong>; de Defensa,&nbsp;<strong>teniente general Carlos Antonio Fern\u00e1ndez Onofre<\/strong>; el director de Migraci\u00f3n,&nbsp;<strong>Luis Rafael Lee Ballester<\/strong>, y el subconsultor Jur\u00eddico del Poder Ejecutivo,&nbsp;<strong>Mairen\u00ed Rivas.&nbsp;<\/strong><br><br><strong><\/strong><\/p>\n\n\n\n<p class=\"wp-block-paragraph\"><strong>Un antes y un despu\u00e9s en la protecci\u00f3n de los recursos naturales<\/strong><\/p>\n\n\n\n<p class=\"wp-block-paragraph\">El mandatario se\u00f1al\u00f3 que, durante d\u00e9cadas, los parques nacionales&nbsp;<strong>carecieron de la atenci\u00f3n y la seguridad jur\u00eddica&nbsp;<\/strong>necesarias por parte del Estado.<\/p>\n\n\n\n<p class=\"wp-block-paragraph\">Inform\u00f3 que, al inicio de su gesti\u00f3n, se constat\u00f3 con sorpresa que la mayor\u00eda de estas \u00e1reas protegidas ni siquiera contaban con t\u00edtulos de propiedad a nombre del Estado, situaci\u00f3n que ya comenz\u00f3 a corregirse mediante un&nbsp;<strong>proceso de titulaci\u00f3n nacional.<\/strong><\/p>\n\n\n\n<p class=\"wp-block-paragraph\">Asimismo, el presidente Abinader advirti\u00f3 que gran parte de los&nbsp;<strong>incendios forestales<\/strong>&nbsp;registrados recientemente \u2014como el ocurrido en el Parque Nacional de Bahoruco\u2014 son&nbsp;<strong>provocados por actividades il\u00edcitas<\/strong>&nbsp;que no solo destruyen la flora y la fauna, sino que comprometen gravemente el&nbsp;<strong>suministro de agua y la seguridad alimentaria<\/strong>&nbsp;de la naci\u00f3n.<\/p>\n\n\n\n<p class=\"wp-block-paragraph\"><strong>Acciones dr\u00e1sticas y aplicaci\u00f3n del C\u00f3digo Penal<\/strong><\/p>\n\n\n\n<p class=\"wp-block-paragraph\">Ante la vulnerabilidad detectada en los marcos legales anteriores, donde los infractores frecuentemente quedaban en libertad a los pocos d\u00edas, el Gobierno ha decidido actuar con la&nbsp;<strong>mayor contundencia<\/strong>. Con el respaldo de las disposiciones legales y el nuevo&nbsp;<strong>C\u00f3digo Penal<\/strong>, las conductas que afecten los parques nacionales enfrentar\u00e1n sanciones de&nbsp;<strong>20 a 30 a\u00f1os de c\u00e1rcel.<\/strong><\/p>\n\n\n\n<p class=\"wp-block-paragraph\">El jefe de Estado fue enf\u00e1tico al se\u00f1alar que se han girado&nbsp;<strong>instrucciones precisas<\/strong>&nbsp;a las Fuerzas Armadas, a la Direcci\u00f3n General de Migraci\u00f3n y a los&nbsp;<strong>cuerpos de inteligencia<\/strong>&nbsp;para que tanto los autores materiales \u2014muchos de ellos nacionales haitianos\u2014 como los determinadores o patrocinadores de nacionalidad dominicana que los contraten o env\u00eden, enfrenten exactamente&nbsp;<strong>el mismo peso de la ley<\/strong>, sin excepciones ni impunidad.<\/p>\n\n\n\n<p class=\"wp-block-paragraph\"><strong>Puntos clave del Decreto n\u00fam. 615-26<\/strong><\/p>\n\n\n\n<p class=\"wp-block-paragraph\">Declaratoria de alto inter\u00e9s (Art. 1): Prioriza la&nbsp;<strong>prevenci\u00f3n, detecci\u00f3n e investigaci\u00f3n<\/strong>&nbsp;del terrorismo medioambiental, defini\u00e9ndolo como aquellos actos graves contra los recursos naturales y ecosistemas estrat\u00e9gicos que se equiparen a las normativas antiterroristas vigentes.<\/p>\n\n\n\n<p class=\"wp-block-paragraph\">Activos protegidos (Art. 2): Otorga&nbsp;<strong>especial protecci\u00f3n<\/strong>&nbsp;a los sistemas de \u00e1reas protegidas, cuencas hidrogr\u00e1ficas prioritarias, presas, embalses, manglares, humedales y nacimientos de r\u00edos.<\/p>\n\n\n\n<p class=\"wp-block-paragraph\">Coordinaci\u00f3n institucional (Art. 3 y 4): Instruye al Comit\u00e9 Nacional Antiterrorista, al Ministerio de Defensa, al Ministerio de Medio Ambiente, a la Polic\u00eda Nacional y a la Direcci\u00f3n General de Migraci\u00f3n a dise\u00f1ar una&nbsp;<strong>Pol\u00edtica Nacional de Prevenci\u00f3n y Combate<\/strong>&nbsp;orientada a neutralizar incendios forestales provocados y amenazas a la infraestructura h\u00eddrica y energ\u00e9tica.<\/p>\n\n\n\n<p class=\"wp-block-paragraph\">Persecuci\u00f3n penal (Art. 5): Dispone la&nbsp;<strong>remisi\u00f3n inmediata<\/strong>&nbsp;de cualquier agresi\u00f3n al patrimonio ambiental ante el&nbsp;<strong>Ministerio P\u00fablico<\/strong>&nbsp;para asegurar la acci\u00f3n penal correspondiente.<\/p>\n\n\n\n<p class=\"wp-block-paragraph\">Participaci\u00f3n ciudadana (Art. 6): Establece&nbsp;<strong>plataformas tecnol\u00f3gicas<\/strong>&nbsp;y mecanismos de&nbsp;<strong>denuncia confidencial<\/strong>&nbsp;para garantizar la protecci\u00f3n de los ciudadanos colaboradores de buena fe.<\/p>\n\n\n\n<p class=\"wp-block-paragraph\"><a href=\"https:\/\/presidencia.gob.do\/taxonomy\/term\/58\">DIPP<\/a><\/p>\n\n\n\n<p class=\"wp-block-paragraph\"><a href=\"https:\/\/presidencia.gob.do\/institucion\/mmarn\">MMARN<\/a><\/p>\n\n\n\n<p class=\"wp-block-paragraph\"><a href=\"https:\/\/presidencia.gob.do\/taxonomy\/term\/212\">Medio Ambiente<\/a><\/p>\n","protected":false},"excerpt":{"rendered":"<p>Se advierte que se perseguir\u00e1 a quienes atenten contra el medioambiente y el C\u00f3digo Penal establece sanciones dr\u00e1sticas de 20 y 30 a\u00f1os. 2 de Septiembre 2026 | 18:12 Santo Domingo.-&nbsp;El Gobierno dominicano&nbsp;emiti\u00f3 este mi\u00e9rcoles el&nbsp;Decreto 615-26,&nbsp;mediante el cual se declara de&nbsp;alto inter\u00e9s nacional y prioridad estrat\u00e9gica&nbsp;el combate al&nbsp;terrorismo medioambiental, estableciendo que las agresiones deliberadas [&hellip;]<\/p>\n","protected":false},"author":2,"featured_media":694494,"comment_status":"open","ping_status":"closed","sticky":false,"template":"","format":"standard","meta":{"footnotes":""},"categories":[27],"tags":[8228,8229],"class_list":["post-694493","post","type-post","status-publish","format-standard","has-post-thumbnail","hentry","category-portada","tag-gobierno-cataloga","tag-terroristas"],"_links":{"self":[{"href":"https:\/\/diariodominicano.com\/index.php?rest_route=\/wp\/v2\/posts\/694493","targetHints":{"allow":["GET"]}}],"collection":[{"href":"https:\/\/diariodominicano.com\/index.php?rest_route=\/wp\/v2\/posts"}],"about":[{"href":"https:\/\/diariodominicano.com\/index.php?rest_route=\/wp\/v2\/types\/post"}],"author":[{"embeddable":true,"href":"https:\/\/diariodominicano.com\/index.php?rest_route=\/wp\/v2\/users\/2"}],"replies":[{"embeddable":true,"href":"https:\/\/diariodominicano.com\/index.php?rest_route=%2Fwp%2Fv2%2Fcomments&post=694493"}],"version-history":[{"count":1,"href":"https:\/\/diariodominicano.com\/index.php?rest_route=\/wp\/v2\/posts\/694493\/revisions"}],"predecessor-version":[{"id":694495,"href":"https:\/\/diariodominicano.com\/index.php?rest_route=\/wp\/v2\/posts\/694493\/revisions\/694495"}],"wp:featuredmedia":[{"embeddable":true,"href":"https:\/\/diariodominicano.com\/index.php?rest_route=\/wp\/v2\/media\/694494"}],"wp:attachment":[{"href":"https:\/\/diariodominicano.com\/index.php?rest_route=%2Fwp%2Fv2%2Fmedia&parent=694493"}],"wp:term":[{"taxonomy":"category","embeddable":true,"href":"https:\/\/diariodominicano.com\/index.php?rest_route=%2Fwp%2Fv2%2Fcategories&post=694493"},{"taxonomy":"post_tag","embeddable":true,"href":"https:\/\/diariodominicano.com\/index.php?rest_route=%2Fwp%2Fv2%2Ftags&post=694493"}],"curies":[{"name":"wp","href":"https:\/\/api.w.org\/{rel}","templated":true}]}}