{"id":694480,"date":"2026-09-03T02:45:40","date_gmt":"2026-09-03T06:45:40","guid":{"rendered":"https:\/\/diariodominicano.com\/?p=694480"},"modified":"2026-09-03T02:45:45","modified_gmt":"2026-09-03T06:45:45","slug":"convocan-protestas-en-chile-contra-el-foro-de-madrid","status":"publish","type":"post","link":"https:\/\/diariodominicano.com\/?p=694480","title":{"rendered":"Convocan protestas en Chile contra el Foro de Madrid"},"content":{"rendered":"\n<p class=\"wp-block-paragraph\">Santiago de Chile, 3 sep (Prensa Latina) Organizaciones estudiantiles, de mujeres, sindicales, pol\u00edticas y sociales convocaron para hoy manifestaciones en esta capital y en Valpara\u00edso contra el Foro de Madrid que concentrar\u00e1 aqu\u00ed a representantes de la extrema derecha.<\/p>\n\n\n\n<ul class=\"wp-block-list\">\n<li><a href=\"https:\/\/www.prensa-latina.cu\/2026\/09\/03\/\"><time>septiembre 3, 2026 | 01:39<\/time><\/a><\/li>\n<\/ul>\n\n\n\n<ul class=\"wp-block-list\">\n<li><a href=\"https:\/\/www.prensa-latina.cu\/2026\/09\/03\/convocan-protestas-en-chile-contra-el-foro-de-madrid\/#\"><\/a><\/li>\n\n\n\n<li><a href=\"https:\/\/www.prensa-latina.cu\/2026\/09\/03\/convocan-protestas-en-chile-contra-el-foro-de-madrid\/#\"><\/a><\/li>\n\n\n\n<li><a href=\"https:\/\/www.prensa-latina.cu\/2026\/09\/03\/convocan-protestas-en-chile-contra-el-foro-de-madrid\/#\"><\/a><\/li>\n\n\n\n<li><a href=\"https:\/\/www.prensa-latina.cu\/2026\/09\/03\/convocan-protestas-en-chile-contra-el-foro-de-madrid\/#\"><\/a><\/li>\n<\/ul>\n\n\n\n<p class=\"wp-block-paragraph\">Esa alianza de organizaciones ultraconservadoras de Espa\u00f1a y Am\u00e9rica, fundada en 2020 por el l\u00edder de Vox, Santiago Abascal, se reunir\u00e1 este jueves y viernes en Santiago y dentro de sus participantes est\u00e1n los presidentes de Argentina, Javier Milei, y de Chile, Jos\u00e9 Antonio Kast.<\/p>\n\n\n\n<p class=\"wp-block-paragraph\">La v\u00edspera, miembros de partidos pol\u00edticos progresistas y agrupaciones de defensa de los derechos humanos denunciaron ante el Palacio de La Moneda que el Foro de Madrid forma parte de una ofensiva internacional para normalizar discursos autoritarios y contrarios a los derechos sociales, laborales y civiles conquistados por los pueblos.<\/p>\n\n\n\n<p class=\"wp-block-paragraph\">Quienes vienen a promover el odio y el negacionismo no son bienvenidos en una tierra que conoce el dolor y el costo de perder la democracia, afirm\u00f3 Esteban Navarro, secretario pol\u00edtico regional del Partido Comunista de Chile.<\/p>\n\n\n\n<p class=\"wp-block-paragraph\">Adem\u00e1s de Milei y Kast participar\u00e1n en el encuentro de la extrema derecha la subsecretaria norteamericana para Diplomacia P\u00fablica, Sarah Rogers; el presidente de The Heritage Foundation, Kevin Roberts; la eurodiputada h\u00fangara Kinga G\u00e1l, aliada hist\u00f3rica del ex primer ministro Viktor Orb\u00e1n, y representantes de Vox, entre otros.<\/p>\n\n\n\n<p class=\"wp-block-paragraph\">arc\/car<\/p>\n\n\n\n<ul class=\"wp-block-list\">\n<li>#<a href=\"https:\/\/www.prensa-latina.cu\/etiqueta\/chile-foro-de-madrid-protestas\/\">Chile Foro de Madrid Protestas<\/a><\/li>\n<\/ul>\n\n\n\n<p class=\"wp-block-paragraph\"><\/p>\n","protected":false},"excerpt":{"rendered":"<p>Santiago de Chile, 3 sep (Prensa Latina) Organizaciones estudiantiles, de mujeres, sindicales, pol\u00edticas y sociales convocaron para hoy manifestaciones en esta capital y en Valpara\u00edso contra el Foro de Madrid que concentrar\u00e1 aqu\u00ed a representantes de la extrema derecha. Esa alianza de organizaciones ultraconservadoras de Espa\u00f1a y Am\u00e9rica, fundada en 2020 por el l\u00edder de [&hellip;]<\/p>\n","protected":false},"author":2,"featured_media":694481,"comment_status":"open","ping_status":"closed","sticky":false,"template":"","format":"standard","meta":{"footnotes":""},"categories":[23],"tags":[8226,8225],"class_list":["post-694480","post","type-post","status-publish","format-standard","has-post-thumbnail","hentry","category-internacional","tag-convocan-a-proesta","tag-foro-de-madrid"],"_links":{"self":[{"href":"https:\/\/diariodominicano.com\/index.php?rest_route=\/wp\/v2\/posts\/694480","targetHints":{"allow":["GET"]}}],"collection":[{"href":"https:\/\/diariodominicano.com\/index.php?rest_route=\/wp\/v2\/posts"}],"about":[{"href":"https:\/\/diariodominicano.com\/index.php?rest_route=\/wp\/v2\/types\/post"}],"author":[{"embeddable":true,"href":"https:\/\/diariodominicano.com\/index.php?rest_route=\/wp\/v2\/users\/2"}],"replies":[{"embeddable":true,"href":"https:\/\/diariodominicano.com\/index.php?rest_route=%2Fwp%2Fv2%2Fcomments&post=694480"}],"version-history":[{"count":1,"href":"https:\/\/diariodominicano.com\/index.php?rest_route=\/wp\/v2\/posts\/694480\/revisions"}],"predecessor-version":[{"id":694482,"href":"https:\/\/diariodominicano.com\/index.php?rest_route=\/wp\/v2\/posts\/694480\/revisions\/694482"}],"wp:featuredmedia":[{"embeddable":true,"href":"https:\/\/diariodominicano.com\/index.php?rest_route=\/wp\/v2\/media\/694481"}],"wp:attachment":[{"href":"https:\/\/diariodominicano.com\/index.php?rest_route=%2Fwp%2Fv2%2Fmedia&parent=694480"}],"wp:term":[{"taxonomy":"category","embeddable":true,"href":"https:\/\/diariodominicano.com\/index.php?rest_route=%2Fwp%2Fv2%2Fcategories&post=694480"},{"taxonomy":"post_tag","embeddable":true,"href":"https:\/\/diariodominicano.com\/index.php?rest_route=%2Fwp%2Fv2%2Ftags&post=694480"}],"curies":[{"name":"wp","href":"https:\/\/api.w.org\/{rel}","templated":true}]}}