{"id":694477,"date":"2026-09-03T02:43:00","date_gmt":"2026-09-03T06:43:00","guid":{"rendered":"https:\/\/diariodominicano.com\/?p=694477"},"modified":"2026-09-03T02:43:02","modified_gmt":"2026-09-03T06:43:02","slug":"liga-de-naciones-nuevo-reto-a-la-vista-para-el-futbol-de-guatemala","status":"publish","type":"post","link":"https:\/\/diariodominicano.com\/?p=694477","title":{"rendered":"Liga de Naciones, nuevo reto a la vista para el f\u00fatbol de Guatemala"},"content":{"rendered":"\n<p class=\"wp-block-paragraph\">Ciudad de Guatemala, 3 sep (Prensa Latina) La quinta Liga de Naciones de la Concacaf (2026-27) constituye el nuevo reto hacia el cual mira hoy el f\u00fatbol mayor de Guatemala y, particularmente, su t\u00e9cnico Luis Fernando Tena.<\/p>\n\n\n\n<ul class=\"wp-block-list\">\n<li><a href=\"https:\/\/www.prensa-latina.cu\/2026\/09\/03\/\"><time>septiembre 3, 2026 | 00:59<\/time><\/a><\/li>\n<\/ul>\n\n\n\n<ul class=\"wp-block-list\">\n<li><a href=\"https:\/\/www.prensa-latina.cu\/2026\/09\/03\/liga-de-naciones-nuevo-reto-a-la-vista-para-el-futbol-de-guatemala\/#\"><\/a><\/li>\n\n\n\n<li><a href=\"https:\/\/www.prensa-latina.cu\/2026\/09\/03\/liga-de-naciones-nuevo-reto-a-la-vista-para-el-futbol-de-guatemala\/#\"><\/a><\/li>\n\n\n\n<li><a href=\"https:\/\/www.prensa-latina.cu\/2026\/09\/03\/liga-de-naciones-nuevo-reto-a-la-vista-para-el-futbol-de-guatemala\/#\"><\/a><\/li>\n\n\n\n<li><a href=\"https:\/\/www.prensa-latina.cu\/2026\/09\/03\/liga-de-naciones-nuevo-reto-a-la-vista-para-el-futbol-de-guatemala\/#\"><\/a><\/li>\n<\/ul>\n\n\n\n<p class=\"wp-block-paragraph\">Tras definici\u00f3n del calendario, los federativos ajustan los detalles para una preparaci\u00f3n acelerada de los jugadores que militan en la Liga Nacional y los legionarios, por despejar la pobre imagen de los \u00faltimos tiempos.<\/p>\n\n\n\n<p class=\"wp-block-paragraph\">El plantel azul y blanco realizar\u00e1 un par de d\u00edas de entrenamiento en el Centro de Alto Rendimiento de esta capital alrededor del lunes 21 pr\u00f3ximo, antes de viajar para el debut en el estadio principal de Jamaica el viernes 25.<\/p>\n\n\n\n<p class=\"wp-block-paragraph\">Luego regresar\u00e1 a su feudo del Manuel Felipe Carrera para recibir a su similar de El Salvador el 28 de septiembre. Seguidamente, el 2 de octubre saldr\u00e1 a la cancha del Dr. Ir. Franklin Essed en Surinam.<\/p>\n\n\n\n<p class=\"wp-block-paragraph\">La bicolor finalizar\u00e1 la fase de grupos como anfitriona de ese conjunto sudamericano el 5 del propio mes.<\/p>\n\n\n\n<p class=\"wp-block-paragraph\">Analistas y fanaticada esperan que este torneo signifique el primer paso s\u00f3lido en el trayecto rumbo al mundial 2030.<\/p>\n\n\n\n<p class=\"wp-block-paragraph\">A pesar del rev\u00e9s en las eliminatorias a la cita del orbe de este a\u00f1o, Tena insisti\u00f3 en mantener una l\u00ednea de trabajo enfocada en compita de igual a igual en Concacaf.<\/p>\n\n\n\n<p class=\"wp-block-paragraph\">Consider\u00f3 que la efectividad goleadora y la solidez defensiva son \u00e1reas prioritarias para el salto de calidad, mientras record\u00f3 hitos como las semifinales alcanzadas en la Copa Oro.<\/p>\n\n\n\n<p class=\"wp-block-paragraph\">El estratega sigue a jugadores naturalizados y j\u00f3venes promesas en busca de elevar la competencia interna. Desde noviembre de 2025 Guatemala disput\u00f3 cuatro partidos amistosos internacionales como fogueo.<\/p>\n\n\n\n<p class=\"wp-block-paragraph\">El 17 de enero cedi\u00f3 0-1 frente a Canad\u00e1, el 27 de marzo acept\u00f3 mazazo 0-7 ante Argelia, el 4 de junio cay\u00f3 1-3 contra Rep\u00fablica Checa y cerr\u00f3 0-3 el 7 de junio con Ecuador.<\/p>\n\n\n\n<p class=\"wp-block-paragraph\">El director reconoci\u00f3 despu\u00e9s en conferencia de prensa que sab\u00edan que eran duelos dif\u00edciles. Todos est\u00e1n mejor rankeados que nosotros, pero son los que nos sirven, que queremos jugar y en los que nos vamos valorando, subray\u00f3.<\/p>\n\n\n\n<p class=\"wp-block-paragraph\">\u201cCada vez contamos con m\u00e1s opciones y diferentes variantes para utilizar\u201d, asegur\u00f3 el mexicano.<\/p>\n\n\n\n<p class=\"wp-block-paragraph\">arc\/znc<\/p>\n\n\n\n<ul class=\"wp-block-list\">\n<li>#<a href=\"https:\/\/www.prensa-latina.cu\/etiqueta\/calendario\/\">calendario<\/a>\u00a0#<a href=\"https:\/\/www.prensa-latina.cu\/etiqueta\/guatemala\/\">Guatemala<\/a>\u00a0#<a href=\"https:\/\/www.prensa-latina.cu\/etiqueta\/liga-de-nacional\/\">Liga de Nacional<\/a><\/li>\n<\/ul>\n","protected":false},"excerpt":{"rendered":"<p>Ciudad de Guatemala, 3 sep (Prensa Latina) La quinta Liga de Naciones de la Concacaf (2026-27) constituye el nuevo reto hacia el cual mira hoy el f\u00fatbol mayor de Guatemala y, particularmente, su t\u00e9cnico Luis Fernando Tena. Tras definici\u00f3n del calendario, los federativos ajustan los detalles para una preparaci\u00f3n acelerada de los jugadores que militan [&hellip;]<\/p>\n","protected":false},"author":2,"featured_media":694478,"comment_status":"open","ping_status":"closed","sticky":false,"template":"","format":"standard","meta":{"footnotes":""},"categories":[17],"tags":[3707,8224],"class_list":["post-694477","post","type-post","status-publish","format-standard","has-post-thumbnail","hentry","category-deportes","tag-guatemala","tag-liga-de-naiones"],"_links":{"self":[{"href":"https:\/\/diariodominicano.com\/index.php?rest_route=\/wp\/v2\/posts\/694477","targetHints":{"allow":["GET"]}}],"collection":[{"href":"https:\/\/diariodominicano.com\/index.php?rest_route=\/wp\/v2\/posts"}],"about":[{"href":"https:\/\/diariodominicano.com\/index.php?rest_route=\/wp\/v2\/types\/post"}],"author":[{"embeddable":true,"href":"https:\/\/diariodominicano.com\/index.php?rest_route=\/wp\/v2\/users\/2"}],"replies":[{"embeddable":true,"href":"https:\/\/diariodominicano.com\/index.php?rest_route=%2Fwp%2Fv2%2Fcomments&post=694477"}],"version-history":[{"count":1,"href":"https:\/\/diariodominicano.com\/index.php?rest_route=\/wp\/v2\/posts\/694477\/revisions"}],"predecessor-version":[{"id":694479,"href":"https:\/\/diariodominicano.com\/index.php?rest_route=\/wp\/v2\/posts\/694477\/revisions\/694479"}],"wp:featuredmedia":[{"embeddable":true,"href":"https:\/\/diariodominicano.com\/index.php?rest_route=\/wp\/v2\/media\/694478"}],"wp:attachment":[{"href":"https:\/\/diariodominicano.com\/index.php?rest_route=%2Fwp%2Fv2%2Fmedia&parent=694477"}],"wp:term":[{"taxonomy":"category","embeddable":true,"href":"https:\/\/diariodominicano.com\/index.php?rest_route=%2Fwp%2Fv2%2Fcategories&post=694477"},{"taxonomy":"post_tag","embeddable":true,"href":"https:\/\/diariodominicano.com\/index.php?rest_route=%2Fwp%2Fv2%2Ftags&post=694477"}],"curies":[{"name":"wp","href":"https:\/\/api.w.org\/{rel}","templated":true}]}}