{"id":694466,"date":"2026-09-03T02:24:31","date_gmt":"2026-09-03T06:24:31","guid":{"rendered":"https:\/\/diariodominicano.com\/?p=694466"},"modified":"2026-09-03T02:24:38","modified_gmt":"2026-09-03T06:24:38","slug":"el-ministerio-publico-solicita-rechazar-extincion-de-accion-penal-de-proceso-seguido-contra-donald-guerrero-y-compartes","status":"publish","type":"post","link":"https:\/\/diariodominicano.com\/?p=694466","title":{"rendered":"El Ministerio P\u00fablico solicita rechazar extinci\u00f3n de acci\u00f3n penal de proceso seguido contra Donald Guerrero y compartes"},"content":{"rendered":"\n<p class=\"wp-block-paragraph\">Mirna Ortiz <\/p>\n\n\n\n<p class=\"wp-block-paragraph\"><em><u>\u201cUna vez m\u00e1s las defensas intentan rehuir al conocimiento del fondo de las acusaciones usando una herramienta procesal que ha fallado en casos anteriores\u201d, dijo la procuradora de corte Mirna Ortiz<\/u><\/em><\/p>\n\n\n\n<p class=\"wp-block-paragraph\"><strong>SANTO DOMINGO (Rep\u00fablica Dominicana).-<\/strong>&nbsp;El Ministerio P\u00fablico solicit\u00f3 este mi\u00e9rcoles a los jueces del Tercer Tribunal Colegiado del Distrito Nacional rechazar la petici\u00f3n de extinci\u00f3n de la acci\u00f3n penal con la que el procesado Donald Guerrero y compartes pretenden evadir responder ante la justicia por los hechos de corrupci\u00f3n administrativa que cometieron en perjuicio del Estado dominicano y de todos los contribuyentes.<\/p>\n\n\n\n<p class=\"wp-block-paragraph\">La procuradora de corte Mirna Ortiz, titular de la Procuradur\u00eda Especializada de Persecuci\u00f3n de la Corrupci\u00f3n Administrativa (Pepca), cuestion\u00f3 que las defensas contin\u00faen utilizando la solicitud de extinci\u00f3n de la acci\u00f3n penal como una herramienta procesal para evitar debatir las pruebas en un juicio.<\/p>\n\n\n\n<p class=\"wp-block-paragraph\">\u201cUna vez m\u00e1s las defensas intentan rehuir al conocimiento del fondo de las acusaciones, al fondo de las pruebas; usando la extinci\u00f3n como una herramienta procesal; herramienta procesal que ha fallado en casos anteriores, tales como: Juan Alexis Medina y Ad\u00e1n C\u00e1ceres, y que tendr\u00e1, inequ\u00edvocamente, la misma consecuencia en este tribunal\u201d, dijo Ortiz a periodistas de la fuente judicial que la abordaron a la salida del tribunal.<\/p>\n\n\n\n<p class=\"wp-block-paragraph\">\u201cEl tribunal rechazar\u00e1 la extinci\u00f3n, ordenar\u00e1 la presentaci\u00f3n de la acusaci\u00f3n,&nbsp; y ah\u00ed nos veremos, frente a las pruebas, donde la soluci\u00f3n ser\u00e1 \u00fanica, la condena de los imputados\u201d, expres\u00f3 Ortiz, quien represent\u00f3 al Ministerio P\u00fablico junto al procurador adjunto Wilson Camacho, titular de la Direcci\u00f3n General de Persecuci\u00f3n, y al procurador de corte H\u00e9ctor Garc\u00eda, as\u00ed como con los fiscales Miguel Collado, Rosa Ysabel, Miguel Crucey, Rosa Alba Garc\u00eda, Jhensy V\u00edctor, Elvira Rodr\u00edguez, Arolin Lemos y Melbin Romero.<\/p>\n\n\n\n<p class=\"wp-block-paragraph\">\u201cEl recurso de apelaci\u00f3n va a cursar la misma suerte ante la corte y tendr\u00e1 la decisi\u00f3n que sabemos: ese recurso ser\u00e1 declarado inadmisible, rechazado por la corte y nos veremos aqu\u00ed\u201d, dijo, al responder preguntas sobre un recurso interpuesto por la defensa de Guerrero ante la Corte de Apelaci\u00f3n del Distrito Nacional.<\/p>\n\n\n\n<p class=\"wp-block-paragraph\">\u201cEllos (los miembros de las defensas) parecen haber estudiado todos con el mismo libro; porque todos acuden a las mismas instancias y todos reciben las mismas respuestas del sistema de justicia: Los casos se resuelven en el tribunal, los casos van a juicio de fondo, nos enfrentaremos a las pruebas y tendr\u00e1n que afrontar las consecuencias de sus actuaciones\u201d, sostuvo.<\/p>\n\n\n\n<p class=\"wp-block-paragraph\">En la jornada de este 2 de septiembre las defensas presentaron la solicitud de extinci\u00f3n de la acci\u00f3n penal.<\/p>\n\n\n\n<p class=\"wp-block-paragraph\">Durante su intervenci\u00f3n, Ortiz indic\u00f3 al tribunal las razones que motivaron dilaciones para conocer el proceso, el cual destac\u00f3 que en ning\u00fan momento se detuvo.<\/p>\n\n\n\n<p class=\"wp-block-paragraph\">Sobre la cantidad de acusados, se\u00f1al\u00f3 que en este proceso est\u00e1n todos los investigados por el \u00f3rgano acusador por violaci\u00f3n a las leyes que amparan la calificaci\u00f3n jur\u00eddica establecida por el Ministerio P\u00fablico.<\/p>\n\n\n\n<p class=\"wp-block-paragraph\">El Tercer Tribunal Colegiado del Distrito Nacional, integrado por las juezas Arlin Ventura Jim\u00e9nez (presidenta), Leticia Mart\u00ednez y Evelyn Rodr\u00edguez, fij\u00f3 la lectura del fallo para el pr\u00f3ximo lunes, 14 de septiembre, a las 9:00 de la ma\u00f1ana.<\/p>\n\n\n\n<p class=\"wp-block-paragraph\"><strong>El proceso judicial<\/strong><\/p>\n\n\n\n<p class=\"wp-block-paragraph\">El pasado mes de mayo el Ministerio P\u00fablico obtuvo apertura a juicio contra 35 de 40 acusados de corrupci\u00f3n en el expediente de la Operaci\u00f3n Calamar, entre ellos, contra el exministro \u00c1ngel Donald Guerrero Ortiz, el abogado \u00c1ngel Lockward, el excontralor Daniel Omar de Jes\u00fas Camacho Santana, el exdirector del CEA Luis Miguel Piccirillo Mccabe, el director de Catastro Claudio Silver Pe\u00f1a, y el exdirector de Casinos Juli\u00e1n Omar Fern\u00e1ndez Figueroa.<\/p>\n\n\n\n<p class=\"wp-block-paragraph\">Mientras que fue apelado el auto de no ha lugar dictado en favor de los exministros Jos\u00e9 Ram\u00f3n Peralta, Gonzalo Castillo Terrero y otros 3 acusados en los que el tribunal entr\u00f3 en una err\u00f3nea apreciaci\u00f3n de varias pruebas.<\/p>\n\n\n\n<p class=\"wp-block-paragraph\">El Ministerio P\u00fablico acusa al grupo de defraudar al Estado dominicano con m\u00e1s de RD$19 mil millones de pesos a trav\u00e9s de una estructura de corrupci\u00f3n administrativa investigada con la Operaci\u00f3n Calamar.<\/p>\n\n\n\n<p class=\"wp-block-paragraph\">Entre los enviados a juicio, tambi\u00e9n, se encuentran: Princesa Alexandra Garc\u00eda Medina, Luis Miguel Piccirilo, Yahaira Brito Evangelista, Edwin Oscar Brito, Mabel Mej\u00eda, Nathaly Hern\u00e1ndez Guzm\u00e1n, Kimberly Zayas Mart\u00ednez, Marino Cabrera y Agust\u00edn Mej\u00eda \u00c1vila. Tambi\u00e9n, C\u00e9sar Santana, Omar Miqui Arias, Claudio Silver Pe\u00f1a,&nbsp; Alejandro Constanzo Sosa, Juan Tom\u00e1s Polanco C\u00e9spedes y Juli\u00e1n Omar Fern\u00e1ndez Figueroa.<\/p>\n\n\n\n<p class=\"wp-block-paragraph\">En el proceso el Ministerio P\u00fablico solicit\u00f3 al tribunal que todos los procesados fueran enviados a juicio por defraudar al Estado dominicano.<\/p>\n\n\n\n<p class=\"wp-block-paragraph\">Los acusados, quienes fueron apresados por el Ministerio P\u00fablico con la puesta en marcha de la Operaci\u00f3n Calamar el 18 de marzo de 2023, integraban una estructura que desvi\u00f3 la indicada suma millonaria mediante pagos irregulares por expropiaciones de terrenos declarados de utilidad p\u00fablica y sobornos utilizados para financiar la campa\u00f1a electoral de 2020.<\/p>\n\n\n\n<p class=\"wp-block-paragraph\">La estructura, adem\u00e1s, sustrajo dinero de pagos de deudas a ministerios. Al grupo se le atribuy\u00f3 tambi\u00e9n implantar un esquema de sobornos sobre los juegos de azar que deben ser regulados por el Ministerio de Hacienda en estricto apego al marco jur\u00eddico.<\/p>\n\n\n\n<p class=\"wp-block-paragraph\">El grupo es procesado por incurrir en asociaci\u00f3n de malhechores, desfalco, coalici\u00f3n de funcionarios, falsificaci\u00f3n de documentos p\u00fablicos y privados, soborno y financiamiento il\u00edcito de campa\u00f1a a una escala sin precedentes y lavado de activos.<\/p>\n\n\n\n<p class=\"wp-block-paragraph\"><strong>Direcci\u00f3n General de Comunicaci\u00f3n, Prensa y RRPP<\/strong><\/p>\n\n\n\n<p class=\"wp-block-paragraph\"><strong>Ministerio P\u00fablico RD<\/strong><\/p>\n\n\n\n<p class=\"wp-block-paragraph\"><strong>Mi\u00e9rcoles, 2 de septiembre de 2026.<\/strong><\/p>\n","protected":false},"excerpt":{"rendered":"<p>Mirna Ortiz \u201cUna vez m\u00e1s las defensas intentan rehuir al conocimiento del fondo de las acusaciones usando una herramienta procesal que ha fallado en casos anteriores\u201d, dijo la procuradora de corte Mirna Ortiz SANTO DOMINGO (Rep\u00fablica Dominicana).-&nbsp;El Ministerio P\u00fablico solicit\u00f3 este mi\u00e9rcoles a los jueces del Tercer Tribunal Colegiado del Distrito Nacional rechazar la petici\u00f3n [&hellip;]<\/p>\n","protected":false},"author":2,"featured_media":413979,"comment_status":"open","ping_status":"closed","sticky":false,"template":"","format":"standard","meta":{"footnotes":""},"categories":[24,27],"tags":[8221,4528],"class_list":["post-694466","post","type-post","status-publish","format-standard","has-post-thumbnail","hentry","category-justicia-y-derecho","category-portada","tag-donald-guerrero","tag-mirna-ortiz"],"_links":{"self":[{"href":"https:\/\/diariodominicano.com\/index.php?rest_route=\/wp\/v2\/posts\/694466","targetHints":{"allow":["GET"]}}],"collection":[{"href":"https:\/\/diariodominicano.com\/index.php?rest_route=\/wp\/v2\/posts"}],"about":[{"href":"https:\/\/diariodominicano.com\/index.php?rest_route=\/wp\/v2\/types\/post"}],"author":[{"embeddable":true,"href":"https:\/\/diariodominicano.com\/index.php?rest_route=\/wp\/v2\/users\/2"}],"replies":[{"embeddable":true,"href":"https:\/\/diariodominicano.com\/index.php?rest_route=%2Fwp%2Fv2%2Fcomments&post=694466"}],"version-history":[{"count":1,"href":"https:\/\/diariodominicano.com\/index.php?rest_route=\/wp\/v2\/posts\/694466\/revisions"}],"predecessor-version":[{"id":694467,"href":"https:\/\/diariodominicano.com\/index.php?rest_route=\/wp\/v2\/posts\/694466\/revisions\/694467"}],"wp:featuredmedia":[{"embeddable":true,"href":"https:\/\/diariodominicano.com\/index.php?rest_route=\/wp\/v2\/media\/413979"}],"wp:attachment":[{"href":"https:\/\/diariodominicano.com\/index.php?rest_route=%2Fwp%2Fv2%2Fmedia&parent=694466"}],"wp:term":[{"taxonomy":"category","embeddable":true,"href":"https:\/\/diariodominicano.com\/index.php?rest_route=%2Fwp%2Fv2%2Fcategories&post=694466"},{"taxonomy":"post_tag","embeddable":true,"href":"https:\/\/diariodominicano.com\/index.php?rest_route=%2Fwp%2Fv2%2Ftags&post=694466"}],"curies":[{"name":"wp","href":"https:\/\/api.w.org\/{rel}","templated":true}]}}