{"id":694464,"date":"2026-09-03T02:17:12","date_gmt":"2026-09-03T06:17:12","guid":{"rendered":"https:\/\/diariodominicano.com\/?p=694464"},"modified":"2026-09-03T02:17:16","modified_gmt":"2026-09-03T06:17:16","slug":"informan-el-ministerio-publico-pone-en-marcha-la-operacion-armum-contra-18-armerias-en-coordinacion-con-defensa-e-interior-y-policia","status":"publish","type":"post","link":"https:\/\/diariodominicano.com\/?p=694464","title":{"rendered":"Informan el Ministerio P\u00fablico pone en marcha la Operaci\u00f3n Armum contra 18 armer\u00edas en coordinaci\u00f3n con Defensa e Interior y Polic\u00eda"},"content":{"rendered":"\n<p class=\"wp-block-paragraph\">ARCHIVO; La procuradora General Yeni Berenice Reynoso<\/p>\n\n\n\n<p class=\"wp-block-paragraph\"><em><u>Despliega 25 fiscales, 190 agentes policiales, 19 inspectores de Defensa y 19 de Interior y Polic\u00eda para realizar allanamientos en el Distrito Nacional, Mao, Espaillat, San Francisco de Macor\u00eds, Santiago y Santo Domingo Este a negocios que comercializaban armas de fuego y pertrechos de manera il\u00edcita<\/u><\/em><\/p>\n\n\n\n<p class=\"wp-block-paragraph\"><strong>SANTO DZOMINGO (Rep\u00fablica Dominicana).-<\/strong>&nbsp;El Ministerio P\u00fablico despleg\u00f3 el martes, en coordinaci\u00f3n con el Ministerio de Interior y Polic\u00eda, el Ministerio de Defensa y la Polic\u00eda Nacional, la Operaci\u00f3n Armum, la cual incluy\u00f3 18 allanamientos en el Distrito Nacional y otras ciudades del pa\u00eds contra armer\u00edas que operan de manera irregular en el territorio nacional.<\/p>\n\n\n\n<p class=\"wp-block-paragraph\">En los allanamientos, que se desplegaron en el Distrito Nacional, Mao, Espaillat, San Francisco de Macor\u00eds, Santiago y Santo Domingo Este, participaron 25 fiscales, 190 miembros de la Polic\u00eda Nacional, 19 inspectores del Ministerio de Defensa y 19 del Ministerio de Interior y Polic\u00eda.<\/p>\n\n\n\n<p class=\"wp-block-paragraph\">Dentro de las acciones il\u00edcitas encontradas resaltan: operar sin ning\u00fan tipo de licencia, operar con licencias vencidas, realizar trabajos de taller sin licencia para hacerlo, intermediar para comercializar sin licencia y retenci\u00f3n il\u00edcita de armas de fuego de terceros.<\/p>\n\n\n\n<p class=\"wp-block-paragraph\">En los allanamientos practicados fueron ocupadas aproximadamente 200 armas de fuego largas, cortas tipo pistola y rev\u00f3lveres, incluyendo una cantidad considerable sin ning\u00fan tipo de documentaci\u00f3n ni constancia de su origen.<\/p>\n\n\n\n<p class=\"wp-block-paragraph\">Tambi\u00e9n, fueron ocupadas armas de fuego de terceros acopiadas de manera il\u00edcita, aproximadamente 40,000 municiones, muchas de ellas sin marcaje, lo que evidencia que fueron traficadas hacia Rep\u00fablica Dominicana de manera il\u00edcita.<\/p>\n\n\n\n<p class=\"wp-block-paragraph\">Adem\u00e1s, se ocuparon armas de guerra y de uso prohibido en el pa\u00eds, miras telesc\u00f3picas, mira l\u00e1ser con punto rojo, adaptadores, cargadores tipo tambor, armas modificadas o alteradas, as\u00ed como tambi\u00e9n pertrechos de agencias de investigaci\u00f3n del Estado, sin los debidos permisos, entre otras ilicitudes.<\/p>\n\n\n\n<p class=\"wp-block-paragraph\">Debido a los hallazgos de los allanamientos fueron arrestados en flagrante delito los propietarios o representantes de las armer\u00edas contra quienes el Ministerio P\u00fablico solicitar\u00e1 la imposici\u00f3n de medidas de coerci\u00f3n en los tribunales en las pr\u00f3ximas horas.<\/p>\n\n\n\n<p class=\"wp-block-paragraph\">El trabajo de investigaci\u00f3n estuvo a cargo de la Procuradur\u00eda Especializada para el Control y Tr\u00e1fico de Armas, que dirige la procuradora de corte Maura Mart\u00ednez, y del mayor general del Ej\u00e9rcito Francisco Antonio Ovalle Pichardo, director ejecutivo de la Superintendencia de Vigilancia y Seguridad Privada (SVSP), del Ministerio de Defensa de la Rep\u00fablica Dominicana, el Ministerio de Interior y Polic\u00eda y la Polic\u00eda Nacional.<\/p>\n\n\n\n<p class=\"wp-block-paragraph\">La operaci\u00f3n forma parte de la estrategia integral de Rep\u00fablica Dominicana para el control de las armas de fuego y sus pertrechos, conforme a la ley. En las pr\u00f3ximas horas, el Ministerio P\u00fablico someter\u00e1 a los implicados ante la Oficina de Atenci\u00f3n Permanente para solicitar la imposici\u00f3n de medidas de coerci\u00f3n y seguir\u00e1 profundizando la investigaci\u00f3n.<\/p>\n\n\n\n<p class=\"wp-block-paragraph\"><strong>Direcci\u00f3n General de Comunicaci\u00f3n, Prensa y RRPP<\/strong><\/p>\n\n\n\n<p class=\"wp-block-paragraph\"><strong>Ministerio P\u00fablico RD<\/strong><\/p>\n\n\n\n<p class=\"wp-block-paragraph\"><strong>Mi\u00e9rcoles, 2 de septiembre de 2026.<\/strong><\/p>\n","protected":false},"excerpt":{"rendered":"<p>ARCHIVO; La procuradora General Yeni Berenice Reynoso Despliega 25 fiscales, 190 agentes policiales, 19 inspectores de Defensa y 19 de Interior y Polic\u00eda para realizar allanamientos en el Distrito Nacional, Mao, Espaillat, San Francisco de Macor\u00eds, Santiago y Santo Domingo Este a negocios que comercializaban armas de fuego y pertrechos de manera il\u00edcita SANTO DZOMINGO [&hellip;]<\/p>\n","protected":false},"author":2,"featured_media":655289,"comment_status":"open","ping_status":"closed","sticky":false,"template":"","format":"standard","meta":{"footnotes":""},"categories":[24,29],"tags":[7933],"class_list":["post-694464","post","type-post","status-publish","format-standard","has-post-thumbnail","hentry","category-justicia-y-derecho","category-policiasucesos","tag-ministerio-publico-2"],"_links":{"self":[{"href":"https:\/\/diariodominicano.com\/index.php?rest_route=\/wp\/v2\/posts\/694464","targetHints":{"allow":["GET"]}}],"collection":[{"href":"https:\/\/diariodominicano.com\/index.php?rest_route=\/wp\/v2\/posts"}],"about":[{"href":"https:\/\/diariodominicano.com\/index.php?rest_route=\/wp\/v2\/types\/post"}],"author":[{"embeddable":true,"href":"https:\/\/diariodominicano.com\/index.php?rest_route=\/wp\/v2\/users\/2"}],"replies":[{"embeddable":true,"href":"https:\/\/diariodominicano.com\/index.php?rest_route=%2Fwp%2Fv2%2Fcomments&post=694464"}],"version-history":[{"count":1,"href":"https:\/\/diariodominicano.com\/index.php?rest_route=\/wp\/v2\/posts\/694464\/revisions"}],"predecessor-version":[{"id":694465,"href":"https:\/\/diariodominicano.com\/index.php?rest_route=\/wp\/v2\/posts\/694464\/revisions\/694465"}],"wp:featuredmedia":[{"embeddable":true,"href":"https:\/\/diariodominicano.com\/index.php?rest_route=\/wp\/v2\/media\/655289"}],"wp:attachment":[{"href":"https:\/\/diariodominicano.com\/index.php?rest_route=%2Fwp%2Fv2%2Fmedia&parent=694464"}],"wp:term":[{"taxonomy":"category","embeddable":true,"href":"https:\/\/diariodominicano.com\/index.php?rest_route=%2Fwp%2Fv2%2Fcategories&post=694464"},{"taxonomy":"post_tag","embeddable":true,"href":"https:\/\/diariodominicano.com\/index.php?rest_route=%2Fwp%2Fv2%2Ftags&post=694464"}],"curies":[{"name":"wp","href":"https:\/\/api.w.org\/{rel}","templated":true}]}}