{"id":694452,"date":"2026-09-03T01:49:05","date_gmt":"2026-09-03T05:49:05","guid":{"rendered":"https:\/\/diariodominicano.com\/?p=694452"},"modified":"2026-09-03T01:52:12","modified_gmt":"2026-09-03T05:52:12","slug":"direccion-de-migracion-reporta-detiene-a-149-extranjeros-indocumentados-durante-jornada-de-control-migratorio-del-martes","status":"publish","type":"post","link":"https:\/\/diariodominicano.com\/?p=694452","title":{"rendered":"Direcci\u00f3n de Migraci\u00f3n reporta detiene a 149 extranjeros indocumentados durante jornada de control migratorio del martes"},"content":{"rendered":"\n<p class=\"wp-block-paragraph\">La provincia fronteriza concentr\u00f3 el 13.5 % de 1,107 personas interdictadas.<\/p>\n\n\n\n<p class=\"wp-block-paragraph\">EL\u00cdAS PI\u00d1A.\u2013 La provincia El\u00edas Pi\u00f1a destac\u00f3 este martes 01 de septiembre, como una de las principales demarcaciones para las acciones de control migratorio desarrolladas por la Direcci\u00f3n General de Migraci\u00f3n (DGM), al registrar 149 personas detenidas durante los operativos de interdicci\u00f3n y, al mismo tiempo, concentrar la mayor cantidad de deportaciones realizadas por los puntos fronterizos, al contabilizar un total 412 salidas.<\/p>\n\n\n\n<figure class=\"wp-block-image size-large\"><img loading=\"lazy\" decoding=\"async\" width=\"1024\" height=\"660\" src=\"https:\/\/diariodominicano.com\/wp-content\/uploads\/2026\/09\/migracion-2-1024x660.jpeg\" alt=\"\" class=\"wp-image-694456\" srcset=\"https:\/\/diariodominicano.com\/wp-content\/uploads\/2026\/09\/migracion-2-1024x660.jpeg 1024w, https:\/\/diariodominicano.com\/wp-content\/uploads\/2026\/09\/migracion-2-300x193.jpeg 300w, https:\/\/diariodominicano.com\/wp-content\/uploads\/2026\/09\/migracion-2-768x495.jpeg 768w, https:\/\/diariodominicano.com\/wp-content\/uploads\/2026\/09\/migracion-2-1536x991.jpeg 1536w, https:\/\/diariodominicano.com\/wp-content\/uploads\/2026\/09\/migracion-2-2048x1321.jpeg 2048w, https:\/\/diariodominicano.com\/wp-content\/uploads\/2026\/09\/migracion-2-816x526.jpeg 816w\" sizes=\"auto, (max-width: 1024px) 100vw, 1024px\" \/><\/figure>\n\n\n\n<p class=\"wp-block-paragraph\">El registro de detenciones en El\u00edas Pi\u00f1a representa el 13.5 % de las 1,107 personas detenidas durante las acciones desplegadas en distintas localidades del pa\u00eds.<\/p>\n\n\n\n<p class=\"wp-block-paragraph\">Del total nacional, 689 personas fueron interdictadas por agentes de la DGM, mientras que otras 418 fueron recibidas por la instituci\u00f3n luego de ser retenidas por instituciones de defensa y seguridad de apoyo, entre ellas el Ej\u00e9rcito de Rep\u00fablica Dominicana (ERD), la Polic\u00eda Nacional (PN), el Cuerpo Especializado de Seguridad Fronteriza Terrestre (CESFRONT) del Ministerio de Defensa y otras autoridades.<\/p>\n\n\n\n<p class=\"wp-block-paragraph\">Santo Domingo contabiliz\u00f3 170 detenidos, Dajab\u00f3n 125, Valverde 102 y Pedernales 76, seguidos de Espaillat con 59, La Altagracia e Independencia con 50 cada una, Montecristi con 41, San Juan con 38 y La Vega con 37, entre las demarcaciones con mayores registros. El resto de los casos correspondi\u00f3 a 36 en Mar\u00eda Trinidad S\u00e1nchez, 28 en Puerto Plata, 24 en Azua, 21 en San Crist\u00f3bal, 21 en Saman\u00e1, 20 en Santiago Rodr\u00edguez, 14 en Barahona, 14 en Peravia, 12 en Bahoruco, 12 en El Seibo y 8 en La Romana.<\/p>\n\n\n\n<p class=\"wp-block-paragraph\">En los procesos de deportaci\u00f3n se reportaron 962 extranjeros, de los cuales 412 salieron por El\u00edas Pi\u00f1a, equivalente a aproximadamente el 42.8 % del total. Por Dajab\u00f3n se registraron 364 deportaciones, mientras que por Jiman\u00ed fueron 99 y por Pedernales 87, completando el balance de los principales puntos fronterizos.<\/p>\n\n\n\n<p class=\"wp-block-paragraph\">La DGM contin\u00faa desarrollando acciones de interdicci\u00f3n y control migratorio en diferentes pueblos y provincias de la Rep\u00fablica Dominicana, articulando las labores de sus agentes con otras instituciones de seguridad y dando seguimiento a los procesos establecidos para la salida de extranjeros en condici\u00f3n migratoria irregular, respetando sus derechos humanos.<\/p>\n\n\n\n<p class=\"wp-block-paragraph\">Comunicaciones Prensa PGR<\/p>\n\n\n\n<p class=\"wp-block-paragraph\"><a target=\"_blank\" href=\"mailto:comunicaciones@pgr.gob.do\" rel=\"noreferrer noopener\">comunicaciones@pgr.<\/a><\/p>\n\n\n\n<p class=\"wp-block-paragraph\">-Direcci\u00f3n de Comunicaciones, DGM.<\/p>\n","protected":false},"excerpt":{"rendered":"<p>La provincia fronteriza concentr\u00f3 el 13.5 % de 1,107 personas interdictadas. EL\u00cdAS PI\u00d1A.\u2013 La provincia El\u00edas Pi\u00f1a destac\u00f3 este martes 01 de septiembre, como una de las principales demarcaciones para las acciones de control migratorio desarrolladas por la Direcci\u00f3n General de Migraci\u00f3n (DGM), al registrar 149 personas detenidas durante los operativos de interdicci\u00f3n y, al [&hellip;]<\/p>\n","protected":false},"author":2,"featured_media":694453,"comment_status":"closed","ping_status":"closed","sticky":false,"template":"","format":"standard","meta":{"footnotes":""},"categories":[20,29],"tags":[6667,6666],"class_list":["post-694452","post","type-post","status-publish","format-standard","has-post-thumbnail","hentry","category-dominicana-hoy","category-policiasucesos","tag-haitianos","tag-migracion"],"_links":{"self":[{"href":"https:\/\/diariodominicano.com\/index.php?rest_route=\/wp\/v2\/posts\/694452","targetHints":{"allow":["GET"]}}],"collection":[{"href":"https:\/\/diariodominicano.com\/index.php?rest_route=\/wp\/v2\/posts"}],"about":[{"href":"https:\/\/diariodominicano.com\/index.php?rest_route=\/wp\/v2\/types\/post"}],"author":[{"embeddable":true,"href":"https:\/\/diariodominicano.com\/index.php?rest_route=\/wp\/v2\/users\/2"}],"replies":[{"embeddable":true,"href":"https:\/\/diariodominicano.com\/index.php?rest_route=%2Fwp%2Fv2%2Fcomments&post=694452"}],"version-history":[{"count":2,"href":"https:\/\/diariodominicano.com\/index.php?rest_route=\/wp\/v2\/posts\/694452\/revisions"}],"predecessor-version":[{"id":694457,"href":"https:\/\/diariodominicano.com\/index.php?rest_route=\/wp\/v2\/posts\/694452\/revisions\/694457"}],"wp:featuredmedia":[{"embeddable":true,"href":"https:\/\/diariodominicano.com\/index.php?rest_route=\/wp\/v2\/media\/694453"}],"wp:attachment":[{"href":"https:\/\/diariodominicano.com\/index.php?rest_route=%2Fwp%2Fv2%2Fmedia&parent=694452"}],"wp:term":[{"taxonomy":"category","embeddable":true,"href":"https:\/\/diariodominicano.com\/index.php?rest_route=%2Fwp%2Fv2%2Fcategories&post=694452"},{"taxonomy":"post_tag","embeddable":true,"href":"https:\/\/diariodominicano.com\/index.php?rest_route=%2Fwp%2Fv2%2Ftags&post=694452"}],"curies":[{"name":"wp","href":"https:\/\/api.w.org\/{rel}","templated":true}]}}