{"id":694441,"date":"2026-09-03T01:28:36","date_gmt":"2026-09-03T05:28:36","guid":{"rendered":"https:\/\/diariodominicano.com\/?p=694441"},"modified":"2026-09-03T01:29:01","modified_gmt":"2026-09-03T05:29:01","slug":"hombre-que-violo-resolucion-que-prohibia-fiestas-masivas-durante-asueto-fue-condenado-a-18-meses-de-prision","status":"publish","type":"post","link":"https:\/\/diariodominicano.com\/?p=694441","title":{"rendered":"Hombre que viol\u00f3 resoluci\u00f3n que prohib\u00eda fiestas masivas durante asueto fue condenado a 18 meses de prisi\u00f3n"},"content":{"rendered":"\n<p class=\"wp-block-paragraph\"><strong>SANTO DOMINGO (Rep\u00fablica Dominicana). &#8211;<\/strong>&nbsp;Atendiendo a la solicitud del Ministerio P\u00fablico, el Juzgado de la Instrucci\u00f3n del distrito judicial de Saman\u00e1 conden\u00f3 a 18 meses de prisi\u00f3n, bajo la modalidad de pena suspendida, y al pago de una multa de 300 mil pesos, a un hombre que viol\u00f3 resoluci\u00f3n que prohib\u00eda la realizaci\u00f3n de fiestas masivas durante el pasado asueto de Semana Santa.<\/p>\n\n\n\n<p class=\"wp-block-paragraph\">La fiscal Mar\u00eda De la Cruz, adscrita a la Procuradur\u00eda Especializada de Medio Ambiente y los Recursos Naturales (Proedemaren), demostr\u00f3 en audiencia que Jos\u00e9 Luis Vargas Bret\u00f3n viol\u00f3 la Resoluci\u00f3n n\u00famero 001-2026, sobre la prohibici\u00f3n de fiestas masivas y m\u00fasica alta en balnearios, playas y r\u00edos.<\/p>\n\n\n\n<p class=\"wp-block-paragraph\">La resoluci\u00f3n estuvo vigente durante la Semana Santa, en el periodo comprendido del 29 de marzo al 5 de abril del presente a\u00f1o 2026.<\/p>\n\n\n\n<p class=\"wp-block-paragraph\">Vargas Bret\u00f3n fue arrestado el pasado 4 de abril, en la playa Artillero del distrito municipal El Lim\u00f3n, en el sector la Barbacoa, mientras realizaba una fiesta, para la cual utiliz\u00f3 equipos de sonido, entre ellos 10 bocinas, dos soportes de bocina, una consola y dos cajas de consola, adem\u00e1s, seis luces, un router, dos lonas, siete ollas, un cami\u00f3n color blanco y una tarima.<\/p>\n\n\n\n<p class=\"wp-block-paragraph\">De no cumplir con las condiciones establecidas para la pena suspendida, Vargas Bret\u00f3n deber\u00e1 cumplir con prisi\u00f3n por incurrir en la violaci\u00f3n de las disposiciones de la Ley 64-00, General de Medio Ambiente y Recursos Naturales.<\/p>\n\n\n\n<p class=\"wp-block-paragraph\"><strong>Direcci\u00f3n General de Comunicaci\u00f3n, Prensa, y RRPP<\/strong><strong><\/strong><\/p>\n\n\n\n<p class=\"wp-block-paragraph\">Ministerio P\u00fablico.&nbsp;R.D.<\/p>\n\n\n\n<p class=\"wp-block-paragraph\">Mi\u00e9rcoles, 2 de septiembre de 2026<\/p>\n","protected":false},"excerpt":{"rendered":"<p>SANTO DOMINGO (Rep\u00fablica Dominicana). &#8211;&nbsp;Atendiendo a la solicitud del Ministerio P\u00fablico, el Juzgado de la Instrucci\u00f3n del distrito judicial de Saman\u00e1 conden\u00f3 a 18 meses de prisi\u00f3n, bajo la modalidad de pena suspendida, y al pago de una multa de 300 mil pesos, a un hombre que viol\u00f3 resoluci\u00f3n que prohib\u00eda la realizaci\u00f3n de fiestas [&hellip;]<\/p>\n","protected":false},"author":2,"featured_media":511512,"comment_status":"open","ping_status":"closed","sticky":false,"template":"","format":"standard","meta":{"footnotes":""},"categories":[24],"tags":[8214],"class_list":["post-694441","post","type-post","status-publish","format-standard","has-post-thumbnail","hentry","category-justicia-y-derecho","tag-violo"],"_links":{"self":[{"href":"https:\/\/diariodominicano.com\/index.php?rest_route=\/wp\/v2\/posts\/694441","targetHints":{"allow":["GET"]}}],"collection":[{"href":"https:\/\/diariodominicano.com\/index.php?rest_route=\/wp\/v2\/posts"}],"about":[{"href":"https:\/\/diariodominicano.com\/index.php?rest_route=\/wp\/v2\/types\/post"}],"author":[{"embeddable":true,"href":"https:\/\/diariodominicano.com\/index.php?rest_route=\/wp\/v2\/users\/2"}],"replies":[{"embeddable":true,"href":"https:\/\/diariodominicano.com\/index.php?rest_route=%2Fwp%2Fv2%2Fcomments&post=694441"}],"version-history":[{"count":1,"href":"https:\/\/diariodominicano.com\/index.php?rest_route=\/wp\/v2\/posts\/694441\/revisions"}],"predecessor-version":[{"id":694442,"href":"https:\/\/diariodominicano.com\/index.php?rest_route=\/wp\/v2\/posts\/694441\/revisions\/694442"}],"wp:featuredmedia":[{"embeddable":true,"href":"https:\/\/diariodominicano.com\/index.php?rest_route=\/wp\/v2\/media\/511512"}],"wp:attachment":[{"href":"https:\/\/diariodominicano.com\/index.php?rest_route=%2Fwp%2Fv2%2Fmedia&parent=694441"}],"wp:term":[{"taxonomy":"category","embeddable":true,"href":"https:\/\/diariodominicano.com\/index.php?rest_route=%2Fwp%2Fv2%2Fcategories&post=694441"},{"taxonomy":"post_tag","embeddable":true,"href":"https:\/\/diariodominicano.com\/index.php?rest_route=%2Fwp%2Fv2%2Ftags&post=694441"}],"curies":[{"name":"wp","href":"https:\/\/api.w.org\/{rel}","templated":true}]}}