{"id":694435,"date":"2026-09-03T01:22:24","date_gmt":"2026-09-03T05:22:24","guid":{"rendered":"https:\/\/diariodominicano.com\/?p=694435"},"modified":"2026-09-03T01:22:27","modified_gmt":"2026-09-03T05:22:27","slug":"ministerio-publico-apelara-condena-de-10-anos-impuesta-a-mujer-por-muerte-de-hijastro-de-dos-anos-de-edad-en-la-cuaba","status":"publish","type":"post","link":"https:\/\/diariodominicano.com\/?p=694435","title":{"rendered":"Ministerio P\u00fablico apelar\u00e1 condena de 10 a\u00f1os impuesta a mujer por muerte de hijastro de dos a\u00f1os de edad en La Cuaba"},"content":{"rendered":"\n<p class=\"wp-block-paragraph\"><em><u>El \u00f3rgano acusador procura un aumento de la condena en atenci\u00f3n a la gravedad del hecho cometido<\/u><\/em><\/p>\n\n\n\n<p class=\"wp-block-paragraph\"><strong>SANTO DOMINGO (Rep\u00fablica Dominicana).-<\/strong>&nbsp;El Ministerio P\u00fablico apelar\u00e1 la decisi\u00f3n de un tribunal que condena a solo diez a\u00f1os, de 30 a\u00f1os de prisi\u00f3n que solicit\u00f3, contra una mujer procesada por provocar la muerte a un hijastro de dos a\u00f1os de edad, en un hecho ocurrido en el barrio Duarte, del distrito municipal de La Cuaba, en el municipio de Pedro Brand, el 14 de mayo del a\u00f1o 2025.<\/p>\n\n\n\n<p class=\"wp-block-paragraph\">La condena de diez a\u00f1os fue impuesta por los jueces del Tercer Tribunal Colegiado de Santo Domingo Oeste, Juan Pablo Ortiz Peguero (presidente), Nelcy Xiomara Ortega Ram\u00edrez y Sandra Josefina Cruz Rosario, a la procesada Elisa Mar\u00eda Valdez Mu\u00f1oz, responsable de cometer homicidio voluntario en contra del menor de edad que falleci\u00f3 a causa de golpes y heridas.<\/p>\n\n\n\n<p class=\"wp-block-paragraph\">La investigaci\u00f3n, a cargo de la fiscal Yessica Dur\u00e1n, se\u00f1ala que en fecha 14 de mayo un hospital alert\u00f3 a trav\u00e9s de la L\u00ednea Vida del ingreso de la v\u00edctima en estado inconsciente, presentando moretones en el cuerpo, fractura en el brazo izquierdo, y, posteriormente, declarado con muerte cerebral.<\/p>\n\n\n\n<p class=\"wp-block-paragraph\">El infante lleg\u00f3 al hospital con su madrastra, Elisa Mar\u00eda Valdez Mu\u00f1oz, quien asegur\u00f3 al personal m\u00e9dico que dej\u00f3 solo a la v\u00edctima unos minutos en la habitaci\u00f3n para entrar al ba\u00f1o y que, cuando volvi\u00f3 al dormitorio, el ni\u00f1o estaba envuelto en una s\u00e1bana en estado inconsciente.<\/p>\n\n\n\n<p class=\"wp-block-paragraph\">Las fiscales litigantes Francheska Alc\u00e1ntara y Brenda Reyes, en representaci\u00f3n del Ministerio P\u00fablico, como prueba, presentaron el acta de levantamiento de cad\u00e1ver n\u00fam. 0097997, que certifica que el ni\u00f1o falleci\u00f3 a causa de golpes y heridas, adem\u00e1s de presentar ahorcadura incompleta.<\/p>\n\n\n\n<p class=\"wp-block-paragraph\">Por el hecho, el Ministerio P\u00fablico calific\u00f3 la conducta de la encartada de violaci\u00f3n a los art\u00edculos 295 y 304 del antiguo C\u00f3digo Penal Dominicano en perjuicio de la v\u00edctima.<\/p>\n\n\n\n<p class=\"wp-block-paragraph\"><strong>Direcci\u00f3n General de Comunicaci\u00f3n, Prensa y RRPP<\/strong><\/p>\n\n\n\n<p class=\"wp-block-paragraph\"><strong>Ministerio P\u00fablico RD<\/strong><\/p>\n\n\n\n<p class=\"wp-block-paragraph\"><strong>Mi\u00e9rcoles, 2 de septiembre de 2026.<\/strong><\/p>\n","protected":false},"excerpt":{"rendered":"<p>El \u00f3rgano acusador procura un aumento de la condena en atenci\u00f3n a la gravedad del hecho cometido SANTO DOMINGO (Rep\u00fablica Dominicana).-&nbsp;El Ministerio P\u00fablico apelar\u00e1 la decisi\u00f3n de un tribunal que condena a solo diez a\u00f1os, de 30 a\u00f1os de prisi\u00f3n que solicit\u00f3, contra una mujer procesada por provocar la muerte a un hijastro de dos [&hellip;]<\/p>\n","protected":false},"author":2,"featured_media":380506,"comment_status":"open","ping_status":"closed","sticky":false,"template":"","format":"standard","meta":{"footnotes":""},"categories":[24],"tags":[8212,8213],"class_list":["post-694435","post","type-post","status-publish","format-standard","has-post-thumbnail","hentry","category-justicia-y-derecho","tag-hijastro-de-2-anos","tag-la-cuaba"],"_links":{"self":[{"href":"https:\/\/diariodominicano.com\/index.php?rest_route=\/wp\/v2\/posts\/694435","targetHints":{"allow":["GET"]}}],"collection":[{"href":"https:\/\/diariodominicano.com\/index.php?rest_route=\/wp\/v2\/posts"}],"about":[{"href":"https:\/\/diariodominicano.com\/index.php?rest_route=\/wp\/v2\/types\/post"}],"author":[{"embeddable":true,"href":"https:\/\/diariodominicano.com\/index.php?rest_route=\/wp\/v2\/users\/2"}],"replies":[{"embeddable":true,"href":"https:\/\/diariodominicano.com\/index.php?rest_route=%2Fwp%2Fv2%2Fcomments&post=694435"}],"version-history":[{"count":1,"href":"https:\/\/diariodominicano.com\/index.php?rest_route=\/wp\/v2\/posts\/694435\/revisions"}],"predecessor-version":[{"id":694440,"href":"https:\/\/diariodominicano.com\/index.php?rest_route=\/wp\/v2\/posts\/694435\/revisions\/694440"}],"wp:featuredmedia":[{"embeddable":true,"href":"https:\/\/diariodominicano.com\/index.php?rest_route=\/wp\/v2\/media\/380506"}],"wp:attachment":[{"href":"https:\/\/diariodominicano.com\/index.php?rest_route=%2Fwp%2Fv2%2Fmedia&parent=694435"}],"wp:term":[{"taxonomy":"category","embeddable":true,"href":"https:\/\/diariodominicano.com\/index.php?rest_route=%2Fwp%2Fv2%2Fcategories&post=694435"},{"taxonomy":"post_tag","embeddable":true,"href":"https:\/\/diariodominicano.com\/index.php?rest_route=%2Fwp%2Fv2%2Ftags&post=694435"}],"curies":[{"name":"wp","href":"https:\/\/api.w.org\/{rel}","templated":true}]}}