{"id":694417,"date":"2026-09-03T01:08:53","date_gmt":"2026-09-03T05:08:53","guid":{"rendered":"https:\/\/diariodominicano.com\/?p=694417"},"modified":"2026-09-03T01:12:06","modified_gmt":"2026-09-03T05:12:06","slug":"marco-rubio-en-respuesta-a-la-farsa-legislativa-de-la-dictadura-de-murillo-ortega","status":"publish","type":"post","link":"https:\/\/diariodominicano.com\/?p=694417","title":{"rendered":"Marco Rubio: En respuesta \u00aba la farsa legislativa de la dictadura de Murillo-Ortega\u00bb"},"content":{"rendered":"\n<p class=\"wp-block-paragraph\">Marco Rubio secretario de Estado<\/p>\n\n\n\n<p class=\"wp-block-paragraph\">2 de septiembre de 2026<\/p>\n\n\n\n<p class=\"wp-block-paragraph\">Ayer, la Asamblea Nacional, controlada por Rosario Murillo y Daniel Ortega, socav\u00f3 la ficci\u00f3n de la democracia nicarag\u00fcense, reescribiendo una vez m\u00e1s la constituci\u00f3n del pa\u00eds para afianzar su dinast\u00eda ileg\u00edtima y privar indefinidamente a los nicarag\u00fcenses de elecciones libres y justas.l<br><br>Las dictaduras que niegan los derechos inalienables de sus ciudadanos no deber\u00edan gozar de los mismos beneficios econ\u00f3micos o pol\u00edticos que los gobiernos comprometidos con la defensa de la paz y la seguridad hemisf\u00e9ricas. Estados Unidos insta a sus socios internacionales a que cesen de inmediato sus relaciones comerciales habituales con esta brutal dictadura.<br><br>La guerra de Murillo y Ortega contra la democracia amenaza la estabilidad y la prosperidad de nuestro hemisferio. La Administraci\u00f3n Trump mantiene su compromiso de identificar e implementar acciones para abordar las violaciones de derechos humanos cometidas por Murillo y Ortega, incluso en foros como la Organizaci\u00f3n de los Estados Americanos. Respaldamos el derecho de los nicarag\u00fcenses a decidir el futuro de su pa\u00eds.<\/p>\n\n\n\n<hr class=\"wp-block-separator has-alpha-channel-opacity\"\/>\n\n\n\n<p class=\"wp-block-paragraph\"><\/p>\n","protected":false},"excerpt":{"rendered":"<p>Marco Rubio secretario de Estado 2 de septiembre de 2026 Ayer, la Asamblea Nacional, controlada por Rosario Murillo y Daniel Ortega, socav\u00f3 la ficci\u00f3n de la democracia nicarag\u00fcense, reescribiendo una vez m\u00e1s la constituci\u00f3n del pa\u00eds para afianzar su dinast\u00eda ileg\u00edtima y privar indefinidamente a los nicarag\u00fcenses de elecciones libres y justas.l Las dictaduras que [&hellip;]<\/p>\n","protected":false},"author":2,"featured_media":652632,"comment_status":"open","ping_status":"closed","sticky":false,"template":"","format":"standard","meta":{"footnotes":""},"categories":[23],"tags":[3227,8210],"class_list":["post-694417","post","type-post","status-publish","format-standard","has-post-thumbnail","hentry","category-internacional","tag-marco-rubio","tag-murillo-ortega"],"_links":{"self":[{"href":"https:\/\/diariodominicano.com\/index.php?rest_route=\/wp\/v2\/posts\/694417","targetHints":{"allow":["GET"]}}],"collection":[{"href":"https:\/\/diariodominicano.com\/index.php?rest_route=\/wp\/v2\/posts"}],"about":[{"href":"https:\/\/diariodominicano.com\/index.php?rest_route=\/wp\/v2\/types\/post"}],"author":[{"embeddable":true,"href":"https:\/\/diariodominicano.com\/index.php?rest_route=\/wp\/v2\/users\/2"}],"replies":[{"embeddable":true,"href":"https:\/\/diariodominicano.com\/index.php?rest_route=%2Fwp%2Fv2%2Fcomments&post=694417"}],"version-history":[{"count":2,"href":"https:\/\/diariodominicano.com\/index.php?rest_route=\/wp\/v2\/posts\/694417\/revisions"}],"predecessor-version":[{"id":694428,"href":"https:\/\/diariodominicano.com\/index.php?rest_route=\/wp\/v2\/posts\/694417\/revisions\/694428"}],"wp:featuredmedia":[{"embeddable":true,"href":"https:\/\/diariodominicano.com\/index.php?rest_route=\/wp\/v2\/media\/652632"}],"wp:attachment":[{"href":"https:\/\/diariodominicano.com\/index.php?rest_route=%2Fwp%2Fv2%2Fmedia&parent=694417"}],"wp:term":[{"taxonomy":"category","embeddable":true,"href":"https:\/\/diariodominicano.com\/index.php?rest_route=%2Fwp%2Fv2%2Fcategories&post=694417"},{"taxonomy":"post_tag","embeddable":true,"href":"https:\/\/diariodominicano.com\/index.php?rest_route=%2Fwp%2Fv2%2Ftags&post=694417"}],"curies":[{"name":"wp","href":"https:\/\/api.w.org\/{rel}","templated":true}]}}